{"id":1118,"date":"2019-01-30T21:08:59","date_gmt":"2019-01-31T00:08:59","guid":{"rendered":"https:\/\/sinergiahumanitaria.cl\/portal\/?p=1118"},"modified":"2025-09-05T11:31:15","modified_gmt":"2025-09-05T15:31:15","slug":"cuerpo-de-bomberos-de-olmue-recibe-nuevo-carro-en-aniversario-167-de-la-institucion","status":"publish","type":"post","link":"https:\/\/www.sinergiahumanitaria.cl\/portal\/2019\/01\/30\/cuerpo-de-bomberos-de-olmue-recibe-nuevo-carro-en-aniversario-167-de-la-institucion\/","title":{"rendered":"Cuerpo de Bomberos de Olmu\u00e9 recibe nuevo carro en aniversario 167 de la instituci\u00f3n"},"content":{"rendered":"<p>El\u00a0<strong>Cuerpo de Bomberos de Olmu\u00e9 recibi\u00f3 un nuevo carro<\/strong>\u00a0de emergencias en el marco del aniversario n\u00famero 167 de la instituci\u00f3n.<\/p>\n<p>El hecho fue conmemorado junto al ministro de Relaciones Exteriores, Roberto Ampuero y la alcaldesa de la comuna Macarena Santelices, quien enfatiz\u00f3 en la necesidad de este carro bomberil.<\/p>\n<p>Adem\u00e1s, la jefa comunal se\u00f1al\u00f3 que este tipo de ayudas servir\u00e1n para todo tipo de rescate, como por ejemplo los ocurridos en el cerro La Campana por el extrav\u00edo de los senderistas que\u00a0<strong>hizo desembolsar al Estado unos 50 millones de pesos aproximadamente.<br \/>\n<\/strong><\/p>\n<p>Por su parte, el superintendente del Cuerpo de Bomberos de Olmu\u00e9, Carlos R\u00edos, indic\u00f3 que esta nueva unidad servir\u00e1 para prestarle un mejor servicio a la comunidad. Enfatiz\u00f3, tambi\u00e9n, en que \u00e9ste estar\u00e1 operativo en un mes m\u00e1s aproximadamente y\u00a0<strong>servir\u00e1 para la extinci\u00f3n de incendios forestales<\/strong>.<\/p>\n<p>La nueva unidad de Bomberos fue otorgada gracias a una gesti\u00f3n entre la municipalidad de Olmu\u00e9 y la fundaci\u00f3n Sinergia Humanitaria. En la instancia, adem\u00e1s, se anunci\u00f3 que\u00a0<strong>dos bomberos de la comuna ir\u00e1n a Suiza para capacitarse en t\u00e9cnicas de rescate y emergencias<\/strong>.<\/p>\n<p>https:\/\/www.biobiochile.cl\/noticias\/nacional\/region-de-valparaiso\/2018\/07\/03\/cuerpo-de-bomberos-de-olmue-recibe-nuevo-carro-en-aniversario-167-de-la-institucion.shtml<\/p>\n","protected":false},"excerpt":{"rendered":"<p>El\u00a0Cuerpo de Bomberos de Olmu\u00e9 recibi\u00f3 un nuevo carro\u00a0de emergencias en el marco del aniversario n\u00famero 167 de la instituci\u00f3n. El hecho fue conmemorado junto al ministro de Relaciones Exteriores, Roberto Ampuero y la alcaldesa de la comuna Macarena Santelices, quien enfatiz\u00f3 en la necesidad de este carro bomberil. Adem\u00e1s, la jefa comunal se\u00f1al\u00f3 que [&hellip;]<\/p>\n","protected":false},"author":3,"featured_media":1119,"comment_status":"closed","ping_status":"open","sticky":false,"template":"","format":"standard","meta":{"footnotes":""},"categories":[14],"tags":[],"class_list":["post-1118","post","type-post","status-publish","format-standard","has-post-thumbnail","hentry","category-noticias","qodef-post--popular"],"yoast_head":"<!-- This site is optimized with the Yoast SEO plugin v27.5 - https:\/\/yoast.com\/product\/yoast-seo-wordpress\/ -->\n<title>Cuerpo de Bomberos de Olmu\u00e9 recibe nuevo carro en aniversario 167 de la instituci\u00f3n - Fundaci\u00f3n Sinergia Humanitaria<\/title>\n<meta name=\"robots\" content=\"index, follow, max-snippet:-1, max-image-preview:large, max-video-preview:-1\" \/>\n<link rel=\"canonical\" href=\"https:\/\/www.sinergiahumanitaria.cl\/portal\/2019\/01\/30\/cuerpo-de-bomberos-de-olmue-recibe-nuevo-carro-en-aniversario-167-de-la-institucion\/\" \/>\n<meta property=\"og:locale\" content=\"es_ES\" \/>\n<meta property=\"og:type\" content=\"article\" \/>\n<meta property=\"og:title\" content=\"Cuerpo de Bomberos de Olmu\u00e9 recibe nuevo carro en aniversario 167 de la instituci\u00f3n - Fundaci\u00f3n Sinergia Humanitaria\" \/>\n<meta property=\"og:description\" content=\"El\u00a0Cuerpo de Bomberos de Olmu\u00e9 recibi\u00f3 un nuevo carro\u00a0de emergencias en el marco del aniversario n\u00famero 167 de la instituci\u00f3n. El hecho fue conmemorado junto al ministro de Relaciones Exteriores, Roberto Ampuero y la alcaldesa de la comuna Macarena Santelices, quien enfatiz\u00f3 en la necesidad de este carro bomberil. Adem\u00e1s, la jefa comunal se\u00f1al\u00f3 que [&hellip;]\" \/>\n<meta property=\"og:url\" content=\"https:\/\/www.sinergiahumanitaria.cl\/portal\/2019\/01\/30\/cuerpo-de-bomberos-de-olmue-recibe-nuevo-carro-en-aniversario-167-de-la-institucion\/\" \/>\n<meta property=\"og:site_name\" content=\"Fundaci\u00f3n Sinergia Humanitaria\" \/>\n<meta property=\"article:publisher\" content=\"https:\/\/www.facebook.com\/sinergiahumanitaria\/\" \/>\n<meta property=\"article:published_time\" content=\"2019-01-31T00:08:59+00:00\" \/>\n<meta property=\"article:modified_time\" content=\"2025-09-05T15:31:15+00:00\" \/>\n<meta property=\"og:image\" content=\"https:\/\/www.sinergiahumanitaria.cl\/portal\/wp-content\/uploads\/2019\/01\/bbcl-300px.png\" \/>\n\t<meta property=\"og:image:width\" content=\"300\" \/>\n\t<meta property=\"og:image:height\" content=\"300\" \/>\n\t<meta property=\"og:image:type\" content=\"image\/png\" \/>\n<meta name=\"twitter:card\" content=\"summary_large_image\" \/>\n<meta name=\"twitter:creator\" content=\"@fsinergiah\" \/>\n<meta name=\"twitter:site\" content=\"@fsinergiah\" \/>\n<meta name=\"twitter:label1\" content=\"Escrito por\" \/>\n\t<meta name=\"twitter:data1\" content=\"\" \/>\n\t<meta name=\"twitter:label2\" content=\"Tiempo estimado de lectura\" \/>\n\t<meta name=\"twitter:data2\" content=\"1 minuto\" \/>\n<script type=\"application\/ld+json\" class=\"yoast-schema-graph\">{\"@context\":\"https:\\\/\\\/schema.org\",\"@graph\":[{\"@type\":\"Article\",\"@id\":\"https:\\\/\\\/www.sinergiahumanitaria.cl\\\/portal\\\/2019\\\/01\\\/30\\\/cuerpo-de-bomberos-de-olmue-recibe-nuevo-carro-en-aniversario-167-de-la-institucion\\\/#article\",\"isPartOf\":{\"@id\":\"https:\\\/\\\/www.sinergiahumanitaria.cl\\\/portal\\\/2019\\\/01\\\/30\\\/cuerpo-de-bomberos-de-olmue-recibe-nuevo-carro-en-aniversario-167-de-la-institucion\\\/\"},\"author\":{\"name\":\"\",\"@id\":\"\"},\"headline\":\"Cuerpo de Bomberos de Olmu\u00e9 recibe nuevo carro en aniversario 167 de la instituci\u00f3n\",\"datePublished\":\"2019-01-31T00:08:59+00:00\",\"dateModified\":\"2025-09-05T15:31:15+00:00\",\"mainEntityOfPage\":{\"@id\":\"https:\\\/\\\/www.sinergiahumanitaria.cl\\\/portal\\\/2019\\\/01\\\/30\\\/cuerpo-de-bomberos-de-olmue-recibe-nuevo-carro-en-aniversario-167-de-la-institucion\\\/\"},\"wordCount\":222,\"publisher\":{\"@id\":\"https:\\\/\\\/www.sinergiahumanitaria.cl\\\/portal\\\/#organization\"},\"image\":{\"@id\":\"https:\\\/\\\/www.sinergiahumanitaria.cl\\\/portal\\\/2019\\\/01\\\/30\\\/cuerpo-de-bomberos-de-olmue-recibe-nuevo-carro-en-aniversario-167-de-la-institucion\\\/#primaryimage\"},\"thumbnailUrl\":\"https:\\\/\\\/www.sinergiahumanitaria.cl\\\/portal\\\/wp-content\\\/uploads\\\/2019\\\/01\\\/bbcl-300px.png\",\"articleSection\":[\"Noticias\"],\"inLanguage\":\"es-CL\"},{\"@type\":\"WebPage\",\"@id\":\"https:\\\/\\\/www.sinergiahumanitaria.cl\\\/portal\\\/2019\\\/01\\\/30\\\/cuerpo-de-bomberos-de-olmue-recibe-nuevo-carro-en-aniversario-167-de-la-institucion\\\/\",\"url\":\"https:\\\/\\\/www.sinergiahumanitaria.cl\\\/portal\\\/2019\\\/01\\\/30\\\/cuerpo-de-bomberos-de-olmue-recibe-nuevo-carro-en-aniversario-167-de-la-institucion\\\/\",\"name\":\"Cuerpo de Bomberos de Olmu\u00e9 recibe nuevo carro en aniversario 167 de la instituci\u00f3n - Fundaci\u00f3n Sinergia Humanitaria\",\"isPartOf\":{\"@id\":\"https:\\\/\\\/www.sinergiahumanitaria.cl\\\/portal\\\/#website\"},\"primaryImageOfPage\":{\"@id\":\"https:\\\/\\\/www.sinergiahumanitaria.cl\\\/portal\\\/2019\\\/01\\\/30\\\/cuerpo-de-bomberos-de-olmue-recibe-nuevo-carro-en-aniversario-167-de-la-institucion\\\/#primaryimage\"},\"image\":{\"@id\":\"https:\\\/\\\/www.sinergiahumanitaria.cl\\\/portal\\\/2019\\\/01\\\/30\\\/cuerpo-de-bomberos-de-olmue-recibe-nuevo-carro-en-aniversario-167-de-la-institucion\\\/#primaryimage\"},\"thumbnailUrl\":\"https:\\\/\\\/www.sinergiahumanitaria.cl\\\/portal\\\/wp-content\\\/uploads\\\/2019\\\/01\\\/bbcl-300px.png\",\"datePublished\":\"2019-01-31T00:08:59+00:00\",\"dateModified\":\"2025-09-05T15:31:15+00:00\",\"breadcrumb\":{\"@id\":\"https:\\\/\\\/www.sinergiahumanitaria.cl\\\/portal\\\/2019\\\/01\\\/30\\\/cuerpo-de-bomberos-de-olmue-recibe-nuevo-carro-en-aniversario-167-de-la-institucion\\\/#breadcrumb\"},\"inLanguage\":\"es-CL\",\"potentialAction\":[{\"@type\":\"ReadAction\",\"target\":[\"https:\\\/\\\/www.sinergiahumanitaria.cl\\\/portal\\\/2019\\\/01\\\/30\\\/cuerpo-de-bomberos-de-olmue-recibe-nuevo-carro-en-aniversario-167-de-la-institucion\\\/\"]}]},{\"@type\":\"ImageObject\",\"inLanguage\":\"es-CL\",\"@id\":\"https:\\\/\\\/www.sinergiahumanitaria.cl\\\/portal\\\/2019\\\/01\\\/30\\\/cuerpo-de-bomberos-de-olmue-recibe-nuevo-carro-en-aniversario-167-de-la-institucion\\\/#primaryimage\",\"url\":\"https:\\\/\\\/www.sinergiahumanitaria.cl\\\/portal\\\/wp-content\\\/uploads\\\/2019\\\/01\\\/bbcl-300px.png\",\"contentUrl\":\"https:\\\/\\\/www.sinergiahumanitaria.cl\\\/portal\\\/wp-content\\\/uploads\\\/2019\\\/01\\\/bbcl-300px.png\",\"width\":300,\"height\":300},{\"@type\":\"BreadcrumbList\",\"@id\":\"https:\\\/\\\/www.sinergiahumanitaria.cl\\\/portal\\\/2019\\\/01\\\/30\\\/cuerpo-de-bomberos-de-olmue-recibe-nuevo-carro-en-aniversario-167-de-la-institucion\\\/#breadcrumb\",\"itemListElement\":[{\"@type\":\"ListItem\",\"position\":1,\"name\":\"Portada\",\"item\":\"https:\\\/\\\/www.sinergiahumanitaria.cl\\\/portal\\\/\"},{\"@type\":\"ListItem\",\"position\":2,\"name\":\"Cuerpo de Bomberos de Olmu\u00e9 recibe nuevo carro en aniversario 167 de la instituci\u00f3n\"}]},{\"@type\":\"WebSite\",\"@id\":\"https:\\\/\\\/www.sinergiahumanitaria.cl\\\/portal\\\/#website\",\"url\":\"https:\\\/\\\/www.sinergiahumanitaria.cl\\\/portal\\\/\",\"name\":\"Fundaci\u00f3n Sinergia Humanitaria\",\"description\":\"Acci\u00f3n Solidaria desde 2001\",\"publisher\":{\"@id\":\"https:\\\/\\\/www.sinergiahumanitaria.cl\\\/portal\\\/#organization\"},\"potentialAction\":[{\"@type\":\"SearchAction\",\"target\":{\"@type\":\"EntryPoint\",\"urlTemplate\":\"https:\\\/\\\/www.sinergiahumanitaria.cl\\\/portal\\\/?s={search_term_string}\"},\"query-input\":{\"@type\":\"PropertyValueSpecification\",\"valueRequired\":true,\"valueName\":\"search_term_string\"}}],\"inLanguage\":\"es-CL\"},{\"@type\":\"Organization\",\"@id\":\"https:\\\/\\\/www.sinergiahumanitaria.cl\\\/portal\\\/#organization\",\"name\":\"Fundaci\u00f3n Sinergia Humanitaria\",\"url\":\"https:\\\/\\\/www.sinergiahumanitaria.cl\\\/portal\\\/\",\"logo\":{\"@type\":\"ImageObject\",\"inLanguage\":\"es-CL\",\"@id\":\"https:\\\/\\\/www.sinergiahumanitaria.cl\\\/portal\\\/#\\\/schema\\\/logo\\\/image\\\/\",\"url\":\"https:\\\/\\\/www.sinergiahumanitaria.cl\\\/portal\\\/wp-content\\\/uploads\\\/2020\\\/07\\\/LOGO-jpg-scaled.jpg\",\"contentUrl\":\"https:\\\/\\\/www.sinergiahumanitaria.cl\\\/portal\\\/wp-content\\\/uploads\\\/2020\\\/07\\\/LOGO-jpg-scaled.jpg\",\"width\":2560,\"height\":1440,\"caption\":\"Fundaci\u00f3n Sinergia Humanitaria\"},\"image\":{\"@id\":\"https:\\\/\\\/www.sinergiahumanitaria.cl\\\/portal\\\/#\\\/schema\\\/logo\\\/image\\\/\"},\"sameAs\":[\"https:\\\/\\\/www.facebook.com\\\/sinergiahumanitaria\\\/\",\"https:\\\/\\\/x.com\\\/fsinergiah\",\"https:\\\/\\\/www.instagram.com\\\/fsinergiah\\\/\"]},{\"@type\":\"Person\",\"@id\":\"\",\"url\":\"https:\\\/\\\/www.sinergiahumanitaria.cl\\\/portal\\\/author\\\/\"}]}<\/script>\n<!-- \/ Yoast SEO plugin. -->","yoast_head_json":{"title":"Cuerpo de Bomberos de Olmu\u00e9 recibe nuevo carro en aniversario 167 de la instituci\u00f3n - Fundaci\u00f3n Sinergia Humanitaria","robots":{"index":"index","follow":"follow","max-snippet":"max-snippet:-1","max-image-preview":"max-image-preview:large","max-video-preview":"max-video-preview:-1"},"canonical":"https:\/\/www.sinergiahumanitaria.cl\/portal\/2019\/01\/30\/cuerpo-de-bomberos-de-olmue-recibe-nuevo-carro-en-aniversario-167-de-la-institucion\/","og_locale":"es_ES","og_type":"article","og_title":"Cuerpo de Bomberos de Olmu\u00e9 recibe nuevo carro en aniversario 167 de la instituci\u00f3n - Fundaci\u00f3n Sinergia Humanitaria","og_description":"El\u00a0Cuerpo de Bomberos de Olmu\u00e9 recibi\u00f3 un nuevo carro\u00a0de emergencias en el marco del aniversario n\u00famero 167 de la instituci\u00f3n. El hecho fue conmemorado junto al ministro de Relaciones Exteriores, Roberto Ampuero y la alcaldesa de la comuna Macarena Santelices, quien enfatiz\u00f3 en la necesidad de este carro bomberil. Adem\u00e1s, la jefa comunal se\u00f1al\u00f3 que [&hellip;]","og_url":"https:\/\/www.sinergiahumanitaria.cl\/portal\/2019\/01\/30\/cuerpo-de-bomberos-de-olmue-recibe-nuevo-carro-en-aniversario-167-de-la-institucion\/","og_site_name":"Fundaci\u00f3n Sinergia Humanitaria","article_publisher":"https:\/\/www.facebook.com\/sinergiahumanitaria\/","article_published_time":"2019-01-31T00:08:59+00:00","article_modified_time":"2025-09-05T15:31:15+00:00","og_image":[{"width":300,"height":300,"url":"https:\/\/www.sinergiahumanitaria.cl\/portal\/wp-content\/uploads\/2019\/01\/bbcl-300px.png","type":"image\/png"}],"twitter_card":"summary_large_image","twitter_creator":"@fsinergiah","twitter_site":"@fsinergiah","twitter_misc":{"Escrito por":"","Tiempo estimado de lectura":"1 minuto"},"schema":{"@context":"https:\/\/schema.org","@graph":[{"@type":"Article","@id":"https:\/\/www.sinergiahumanitaria.cl\/portal\/2019\/01\/30\/cuerpo-de-bomberos-de-olmue-recibe-nuevo-carro-en-aniversario-167-de-la-institucion\/#article","isPartOf":{"@id":"https:\/\/www.sinergiahumanitaria.cl\/portal\/2019\/01\/30\/cuerpo-de-bomberos-de-olmue-recibe-nuevo-carro-en-aniversario-167-de-la-institucion\/"},"author":{"name":"","@id":""},"headline":"Cuerpo de Bomberos de Olmu\u00e9 recibe nuevo carro en aniversario 167 de la instituci\u00f3n","datePublished":"2019-01-31T00:08:59+00:00","dateModified":"2025-09-05T15:31:15+00:00","mainEntityOfPage":{"@id":"https:\/\/www.sinergiahumanitaria.cl\/portal\/2019\/01\/30\/cuerpo-de-bomberos-de-olmue-recibe-nuevo-carro-en-aniversario-167-de-la-institucion\/"},"wordCount":222,"publisher":{"@id":"https:\/\/www.sinergiahumanitaria.cl\/portal\/#organization"},"image":{"@id":"https:\/\/www.sinergiahumanitaria.cl\/portal\/2019\/01\/30\/cuerpo-de-bomberos-de-olmue-recibe-nuevo-carro-en-aniversario-167-de-la-institucion\/#primaryimage"},"thumbnailUrl":"https:\/\/www.sinergiahumanitaria.cl\/portal\/wp-content\/uploads\/2019\/01\/bbcl-300px.png","articleSection":["Noticias"],"inLanguage":"es-CL"},{"@type":"WebPage","@id":"https:\/\/www.sinergiahumanitaria.cl\/portal\/2019\/01\/30\/cuerpo-de-bomberos-de-olmue-recibe-nuevo-carro-en-aniversario-167-de-la-institucion\/","url":"https:\/\/www.sinergiahumanitaria.cl\/portal\/2019\/01\/30\/cuerpo-de-bomberos-de-olmue-recibe-nuevo-carro-en-aniversario-167-de-la-institucion\/","name":"Cuerpo de Bomberos de Olmu\u00e9 recibe nuevo carro en aniversario 167 de la instituci\u00f3n - Fundaci\u00f3n Sinergia Humanitaria","isPartOf":{"@id":"https:\/\/www.sinergiahumanitaria.cl\/portal\/#website"},"primaryImageOfPage":{"@id":"https:\/\/www.sinergiahumanitaria.cl\/portal\/2019\/01\/30\/cuerpo-de-bomberos-de-olmue-recibe-nuevo-carro-en-aniversario-167-de-la-institucion\/#primaryimage"},"image":{"@id":"https:\/\/www.sinergiahumanitaria.cl\/portal\/2019\/01\/30\/cuerpo-de-bomberos-de-olmue-recibe-nuevo-carro-en-aniversario-167-de-la-institucion\/#primaryimage"},"thumbnailUrl":"https:\/\/www.sinergiahumanitaria.cl\/portal\/wp-content\/uploads\/2019\/01\/bbcl-300px.png","datePublished":"2019-01-31T00:08:59+00:00","dateModified":"2025-09-05T15:31:15+00:00","breadcrumb":{"@id":"https:\/\/www.sinergiahumanitaria.cl\/portal\/2019\/01\/30\/cuerpo-de-bomberos-de-olmue-recibe-nuevo-carro-en-aniversario-167-de-la-institucion\/#breadcrumb"},"inLanguage":"es-CL","potentialAction":[{"@type":"ReadAction","target":["https:\/\/www.sinergiahumanitaria.cl\/portal\/2019\/01\/30\/cuerpo-de-bomberos-de-olmue-recibe-nuevo-carro-en-aniversario-167-de-la-institucion\/"]}]},{"@type":"ImageObject","inLanguage":"es-CL","@id":"https:\/\/www.sinergiahumanitaria.cl\/portal\/2019\/01\/30\/cuerpo-de-bomberos-de-olmue-recibe-nuevo-carro-en-aniversario-167-de-la-institucion\/#primaryimage","url":"https:\/\/www.sinergiahumanitaria.cl\/portal\/wp-content\/uploads\/2019\/01\/bbcl-300px.png","contentUrl":"https:\/\/www.sinergiahumanitaria.cl\/portal\/wp-content\/uploads\/2019\/01\/bbcl-300px.png","width":300,"height":300},{"@type":"BreadcrumbList","@id":"https:\/\/www.sinergiahumanitaria.cl\/portal\/2019\/01\/30\/cuerpo-de-bomberos-de-olmue-recibe-nuevo-carro-en-aniversario-167-de-la-institucion\/#breadcrumb","itemListElement":[{"@type":"ListItem","position":1,"name":"Portada","item":"https:\/\/www.sinergiahumanitaria.cl\/portal\/"},{"@type":"ListItem","position":2,"name":"Cuerpo de Bomberos de Olmu\u00e9 recibe nuevo carro en aniversario 167 de la instituci\u00f3n"}]},{"@type":"WebSite","@id":"https:\/\/www.sinergiahumanitaria.cl\/portal\/#website","url":"https:\/\/www.sinergiahumanitaria.cl\/portal\/","name":"Fundaci\u00f3n Sinergia Humanitaria","description":"Acci\u00f3n Solidaria desde 2001","publisher":{"@id":"https:\/\/www.sinergiahumanitaria.cl\/portal\/#organization"},"potentialAction":[{"@type":"SearchAction","target":{"@type":"EntryPoint","urlTemplate":"https:\/\/www.sinergiahumanitaria.cl\/portal\/?s={search_term_string}"},"query-input":{"@type":"PropertyValueSpecification","valueRequired":true,"valueName":"search_term_string"}}],"inLanguage":"es-CL"},{"@type":"Organization","@id":"https:\/\/www.sinergiahumanitaria.cl\/portal\/#organization","name":"Fundaci\u00f3n Sinergia Humanitaria","url":"https:\/\/www.sinergiahumanitaria.cl\/portal\/","logo":{"@type":"ImageObject","inLanguage":"es-CL","@id":"https:\/\/www.sinergiahumanitaria.cl\/portal\/#\/schema\/logo\/image\/","url":"https:\/\/www.sinergiahumanitaria.cl\/portal\/wp-content\/uploads\/2020\/07\/LOGO-jpg-scaled.jpg","contentUrl":"https:\/\/www.sinergiahumanitaria.cl\/portal\/wp-content\/uploads\/2020\/07\/LOGO-jpg-scaled.jpg","width":2560,"height":1440,"caption":"Fundaci\u00f3n Sinergia Humanitaria"},"image":{"@id":"https:\/\/www.sinergiahumanitaria.cl\/portal\/#\/schema\/logo\/image\/"},"sameAs":["https:\/\/www.facebook.com\/sinergiahumanitaria\/","https:\/\/x.com\/fsinergiah","https:\/\/www.instagram.com\/fsinergiah\/"]},{"@type":"Person","@id":"","url":"https:\/\/www.sinergiahumanitaria.cl\/portal\/author\/"}]}},"_links":{"self":[{"href":"https:\/\/www.sinergiahumanitaria.cl\/portal\/wp-json\/wp\/v2\/posts\/1118","targetHints":{"allow":["GET"]}}],"collection":[{"href":"https:\/\/www.sinergiahumanitaria.cl\/portal\/wp-json\/wp\/v2\/posts"}],"about":[{"href":"https:\/\/www.sinergiahumanitaria.cl\/portal\/wp-json\/wp\/v2\/types\/post"}],"author":[{"embeddable":true,"href":"https:\/\/www.sinergiahumanitaria.cl\/portal\/wp-json\/wp\/v2\/users\/3"}],"replies":[{"embeddable":true,"href":"https:\/\/www.sinergiahumanitaria.cl\/portal\/wp-json\/wp\/v2\/comments?post=1118"}],"version-history":[{"count":1,"href":"https:\/\/www.sinergiahumanitaria.cl\/portal\/wp-json\/wp\/v2\/posts\/1118\/revisions"}],"predecessor-version":[{"id":1120,"href":"https:\/\/www.sinergiahumanitaria.cl\/portal\/wp-json\/wp\/v2\/posts\/1118\/revisions\/1120"}],"wp:featuredmedia":[{"embeddable":true,"href":"https:\/\/www.sinergiahumanitaria.cl\/portal\/wp-json\/wp\/v2\/media\/1119"}],"wp:attachment":[{"href":"https:\/\/www.sinergiahumanitaria.cl\/portal\/wp-json\/wp\/v2\/media?parent=1118"}],"wp:term":[{"taxonomy":"category","embeddable":true,"href":"https:\/\/www.sinergiahumanitaria.cl\/portal\/wp-json\/wp\/v2\/categories?post=1118"},{"taxonomy":"post_tag","embeddable":true,"href":"https:\/\/www.sinergiahumanitaria.cl\/portal\/wp-json\/wp\/v2\/tags?post=1118"}],"curies":[{"name":"wp","href":"https:\/\/api.w.org\/{rel}","templated":true}]}}