{"id":1184,"date":"2019-09-24T15:16:01","date_gmt":"2019-09-24T18:16:01","guid":{"rendered":"https:\/\/sinergiahumanitaria.cl\/portal\/?p=1184"},"modified":"2025-09-05T11:31:15","modified_gmt":"2025-09-05T15:31:15","slug":"cuerpos-de-bomberos-reciben-equipamiento-para-potenciar-su-trabajo-ante-emergencias-y-catastrofes","status":"publish","type":"post","link":"https:\/\/www.sinergiahumanitaria.cl\/portal\/2019\/09\/24\/cuerpos-de-bomberos-reciben-equipamiento-para-potenciar-su-trabajo-ante-emergencias-y-catastrofes\/","title":{"rendered":"Cuerpos de Bomberos reciben equipamiento para potenciar su trabajo ante emergencias y cat\u00e1strofes"},"content":{"rendered":"<p class=\"p1\">Coyhaique-. En su rol de voluntario y representante de la Fundaci\u00f3n Sinergia Humanitaria en la zona, el actual director regional del Fosis, Gustavo M\u00e1rquez Cadag\u00e1n asegur\u00f3 que \u201clas 10 comunas de nuestro territorio se ver\u00e1n beneficiadas ya que los Cuerpos de Bomberos tienen, adem\u00e1s de sus compa\u00f1\u00edas, brigadas en las distintas localidades. Vamos a hacer extensivo esto a los municipios para entregar implementos donde se necesite mayormente este apoyo\u201d.<\/p>\n<p class=\"p2\">En el proceso de distribuci\u00f3n de la ayuda se trabaj\u00f3 en coordinaci\u00f3n con el Presidente Regional de Bomberos, Miguel Jara, quien en su reuni\u00f3n regional estableci\u00f3 que el equipamiento se entregar\u00eda en partes iguales para los 6 Cuerpos de la regi\u00f3n. Se prepar\u00f3 una gu\u00eda de despacho o entrega de material y cada uno de los cuerpos fue equipado con el material disponible.<span class=\"Apple-converted-space\">\u00a0<\/span><\/p>\n<p class=\"p2\">Cada Cuerpo de Bomberos recibi\u00f3 3 motobombas modelo 86 de gran capacidad, 3 sacos de implementos para motobombas, kits de aspiraci\u00f3n de cada una de ellas, 6 sacos herramientas para combatir incendios forestales, 1 dep\u00f3sito para 100 metros c\u00fabicos de agua (piscina), 1 deposito pl\u00e1stico de 200 metros c\u00fabicos de agua (piscina), 120 cascos para combate de incendios forestales por cuerpo, 8 escalas, gran cantidad de vestuario (tenidas de cuartel e incendios estructurales) e importante cantidad de material menor ente los que destacan tiras (mangueras) de distintas medidas con sus respectivos carretes y 85 bombas de agua manuales por cuerpo que son utilizadas para la primera intervenci\u00f3n en caso de siniestros en lugares aislados donde bomberos o instituciones de emergencia tiene dificultades de acceso oportuno.<\/p>\n<p class=\"p2\">Gustavo M\u00e1rquez, representante de la Fundaci\u00f3n Sinergia Humanitaria en la regi\u00f3n de Ays\u00e9n, recalc\u00f3 que \u201ceste es un trabajo que se viene realizando desde marzo a la fecha y que se logr\u00f3 concretar hace pocos d\u00edas con la apertura, la contabilizaci\u00f3n o inventario de todo este material y equipamiento que fue entregado a los 6 Cuerpos de Bomberos. Una ayuda que estimamos en cerca de 700 millones de pesos. Cada Cuerpo de Bomberos se llev\u00f3 mucha ayuda, la cual fue muy valorada y se reparti\u00f3 de forma equitativa a los 6 de la regi\u00f3n de Ays\u00e9n. Desde Villa O\u2019Higgins hasta Melinka van a recibir ayuda los bomberos gracias a este contenedor que fue gestionado con la Fundaci\u00f3n Sinergia Humanitaria, por Ana Eugenia Garc\u00eda, Presidenta y Jos\u00e9 Luis Balmaceda, Asesor en Asuntos Internacionales del Ministerio de Desarrollo Social y Familia, con quienes en un trabajo en equipo que parti\u00f3 cuando tuvimos que lamentar el gran incendio forestal en la Provincia Capit\u00e1n Prat en febrero de este a\u00f1o logramos concretar este gran aporte para mi querida Regi\u00f3n de Ays\u00e9n y a los Bomberos\u201d, detall\u00f3 M\u00e1rquez.<\/p>\n<p class=\"p2\">Por su lado el Presidente Regional de Bomberos, Miguel Jara, indic\u00f3 \u201cpara los Bomberos es una ayuda muy importante, a nosotros nos ha costamos mucho por a\u00f1os el tema de la implementaci\u00f3n, poder tener material para todos los bomberos del pa\u00eds pero por sobre todo para los de la regi\u00f3n porque ha habido escases de apoyo por parte de las entidades que debieran apoyar, en este caso el Estado de Chile, por lo tanto este apoyo que nos llega en cuanto a material menor, uniformes, herramientas de trabajo, no sirve para poder implementar la brigada y compa\u00f1\u00edas en la regi\u00f3n y es en definitiva un tremendo aporte, algo muy importante que va a suplir en gran parte lo que nos hace falta\u201d.<span class=\"Apple-converted-space\">\u00a0<\/span><\/p>\n<p class=\"p2\">A\u00f1adi\u00f3 que siempre han tenido d\u00e9ficit de material y cuando hay emergencias como las que ocurrieron en la zona sur, en el sector de Cochrane y Puerto Tranquilo, \u201cperdimos mucho material y se nos deteriora bastante y a veces no tenemos como reponerlo por lo tanto esta ayuda es algo espectacular que nos ha llegado, es un tremendo apoyo y algo muy significativo para todos los Bomberos de Ays\u00e9n\u201d, destac\u00f3 Miguel Jara.<\/p>\n<p class=\"p2\">En tanto Ana Eugenia Garc\u00eda, Presidenta de la Fundaci\u00f3n Sinergia Humanitaria, asegur\u00f3 que \u201cen la primera oportunidad que tuvimos de viajar a la Patagonia fuimos a visitar la comuna de Cochrane, donde nos dimos cuenta de la necesidad de los bomberos y en toda \u00edndole, se nota que a Chile le falta una regionalizaci\u00f3n efectiva donde lamentablemente los recursos nunca son suficientes y las necesidades que tienen miles de personas que viven en esos lugares no llegan como corresponde y la verdad es que tuvimos la oportunidad de estar all\u00e1 con el Comandante de Berna, Sylvain Scherz y \u00e9l se dio cuenta de esta necesidad y gracias a \u00e9l tambi\u00e9n podemos tener esta donaci\u00f3n que se ha traducido no solamente en esta donaci\u00f3n realizada en esta zona, sino que tambi\u00e9n en otros lugares de Chile donde entregamos ayuda a Bomberos y Adultos Mayores\u201d.<\/p>\n<p class=\"p2\">La Fundaci\u00f3n Sinergia Humanitaria es una entidad con proyecci\u00f3n internacional que contribuye en las \u00e1reas de salud, educaci\u00f3n, envejecimiento poblacional y medio ambiente, especialmente de aquellos sectores m\u00e1s vulnerados en sus derechos. El trabajo que llevan a cabo se enfoca especialmente hacia las personas, grupos y comunidades m\u00e1s vulnerables, promoviendo alianzas p\u00fablico-privadas a nivel nacional e internacional. Esta instituci\u00f3n vela por el derecho de las personas a la salud y la educaci\u00f3n, a una vida m\u00e1s digna y a su participaci\u00f3n activa en las decisiones de inter\u00e9s p\u00fablico.<\/p>\n<p class=\"p2\">Por \u00faltimo, Gustavo M\u00e1rquez se\u00f1al\u00f3 \u201csigo trabajando en mi rol de voluntario de esta fundaci\u00f3n que se cruza muchas veces con mi funci\u00f3n de Director Regional de Fosis que busca contribuir a superar la pobreza y vulnerabilidad de familias, personas y comunidades, es por eso que ya tenemos conversaciones con algunos alcaldes de para que como fundaci\u00f3n podamos seguir trayendo ayuda a los habitantes de la regi\u00f3n de Ays\u00e9n. Debo agradecer y destacar la colaboraci\u00f3n de quienes aportaron Hamburg S\u00fcd Chile, Ultramar, el Alcalde de Cochrane, Patricio Ulloa, todo el trabajo de Bomberos de la regi\u00f3n representados por su Presidente Regional, Miguel Jara y al equipo de voluntarios que colabor\u00f3 con lo operativo\u201d.<\/p>\n<p>Fuente :\u00a0https:\/\/www.eldivisadero.cl\/noticia-53724<\/p>\n","protected":false},"excerpt":{"rendered":"<p>Coyhaique-. En su rol de voluntario y representante de la Fundaci\u00f3n Sinergia Humanitaria en la zona, el actual director regional del Fosis, Gustavo M\u00e1rquez Cadag\u00e1n asegur\u00f3 que \u201clas 10 comunas de nuestro territorio se ver\u00e1n beneficiadas ya que los Cuerpos de Bomberos tienen, adem\u00e1s de sus compa\u00f1\u00edas, brigadas en las distintas localidades. Vamos a hacer [&hellip;]<\/p>\n","protected":false},"author":1,"featured_media":948,"comment_status":"closed","ping_status":"open","sticky":false,"template":"","format":"standard","meta":{"footnotes":""},"categories":[14],"tags":[],"class_list":["post-1184","post","type-post","status-publish","format-standard","has-post-thumbnail","hentry","category-noticias"],"yoast_head":"<!-- This site is optimized with the Yoast SEO plugin v27.5 - https:\/\/yoast.com\/product\/yoast-seo-wordpress\/ -->\n<title>Cuerpos de Bomberos reciben equipamiento para potenciar su trabajo ante emergencias y cat\u00e1strofes - Fundaci\u00f3n Sinergia Humanitaria<\/title>\n<meta name=\"robots\" content=\"index, follow, max-snippet:-1, max-image-preview:large, max-video-preview:-1\" \/>\n<link rel=\"canonical\" href=\"https:\/\/www.sinergiahumanitaria.cl\/portal\/2019\/09\/24\/cuerpos-de-bomberos-reciben-equipamiento-para-potenciar-su-trabajo-ante-emergencias-y-catastrofes\/\" \/>\n<meta property=\"og:locale\" content=\"es_ES\" \/>\n<meta property=\"og:type\" content=\"article\" \/>\n<meta property=\"og:title\" content=\"Cuerpos de Bomberos reciben equipamiento para potenciar su trabajo ante emergencias y cat\u00e1strofes - Fundaci\u00f3n Sinergia Humanitaria\" \/>\n<meta property=\"og:description\" content=\"Coyhaique-. En su rol de voluntario y representante de la Fundaci\u00f3n Sinergia Humanitaria en la zona, el actual director regional del Fosis, Gustavo M\u00e1rquez Cadag\u00e1n asegur\u00f3 que \u201clas 10 comunas de nuestro territorio se ver\u00e1n beneficiadas ya que los Cuerpos de Bomberos tienen, adem\u00e1s de sus compa\u00f1\u00edas, brigadas en las distintas localidades. Vamos a hacer [&hellip;]\" \/>\n<meta property=\"og:url\" content=\"https:\/\/www.sinergiahumanitaria.cl\/portal\/2019\/09\/24\/cuerpos-de-bomberos-reciben-equipamiento-para-potenciar-su-trabajo-ante-emergencias-y-catastrofes\/\" \/>\n<meta property=\"og:site_name\" content=\"Fundaci\u00f3n Sinergia Humanitaria\" \/>\n<meta property=\"article:publisher\" content=\"https:\/\/www.facebook.com\/sinergiahumanitaria\/\" \/>\n<meta property=\"article:published_time\" content=\"2019-09-24T18:16:01+00:00\" \/>\n<meta property=\"article:modified_time\" content=\"2025-09-05T15:31:15+00:00\" \/>\n<meta property=\"og:image\" content=\"https:\/\/www.sinergiahumanitaria.cl\/portal\/wp-content\/uploads\/2017\/06\/LOGOS-ED.jpg\" \/>\n\t<meta property=\"og:image:width\" content=\"500\" \/>\n\t<meta property=\"og:image:height\" content=\"500\" \/>\n\t<meta property=\"og:image:type\" content=\"image\/jpeg\" \/>\n<meta name=\"author\" content=\"pastudillo\" \/>\n<meta name=\"twitter:card\" content=\"summary_large_image\" \/>\n<meta name=\"twitter:creator\" content=\"@fsinergiah\" \/>\n<meta name=\"twitter:site\" content=\"@fsinergiah\" \/>\n<meta name=\"twitter:label1\" content=\"Escrito por\" \/>\n\t<meta name=\"twitter:data1\" content=\"pastudillo\" \/>\n\t<meta name=\"twitter:label2\" content=\"Tiempo estimado de lectura\" \/>\n\t<meta name=\"twitter:data2\" content=\"5 minutos\" \/>\n<script type=\"application\/ld+json\" class=\"yoast-schema-graph\">{\"@context\":\"https:\\\/\\\/schema.org\",\"@graph\":[{\"@type\":\"Article\",\"@id\":\"https:\\\/\\\/www.sinergiahumanitaria.cl\\\/portal\\\/2019\\\/09\\\/24\\\/cuerpos-de-bomberos-reciben-equipamiento-para-potenciar-su-trabajo-ante-emergencias-y-catastrofes\\\/#article\",\"isPartOf\":{\"@id\":\"https:\\\/\\\/www.sinergiahumanitaria.cl\\\/portal\\\/2019\\\/09\\\/24\\\/cuerpos-de-bomberos-reciben-equipamiento-para-potenciar-su-trabajo-ante-emergencias-y-catastrofes\\\/\"},\"author\":{\"name\":\"pastudillo\",\"@id\":\"https:\\\/\\\/www.sinergiahumanitaria.cl\\\/portal\\\/#\\\/schema\\\/person\\\/e8e4653f85fbcf3e7472bfc4be4c2673\"},\"headline\":\"Cuerpos de Bomberos reciben equipamiento para potenciar su trabajo ante emergencias y cat\u00e1strofes\",\"datePublished\":\"2019-09-24T18:16:01+00:00\",\"dateModified\":\"2025-09-05T15:31:15+00:00\",\"mainEntityOfPage\":{\"@id\":\"https:\\\/\\\/www.sinergiahumanitaria.cl\\\/portal\\\/2019\\\/09\\\/24\\\/cuerpos-de-bomberos-reciben-equipamiento-para-potenciar-su-trabajo-ante-emergencias-y-catastrofes\\\/\"},\"wordCount\":1054,\"publisher\":{\"@id\":\"https:\\\/\\\/www.sinergiahumanitaria.cl\\\/portal\\\/#organization\"},\"image\":{\"@id\":\"https:\\\/\\\/www.sinergiahumanitaria.cl\\\/portal\\\/2019\\\/09\\\/24\\\/cuerpos-de-bomberos-reciben-equipamiento-para-potenciar-su-trabajo-ante-emergencias-y-catastrofes\\\/#primaryimage\"},\"thumbnailUrl\":\"https:\\\/\\\/www.sinergiahumanitaria.cl\\\/portal\\\/wp-content\\\/uploads\\\/2017\\\/06\\\/LOGOS-ED.jpg\",\"articleSection\":[\"Noticias\"],\"inLanguage\":\"es-CL\"},{\"@type\":\"WebPage\",\"@id\":\"https:\\\/\\\/www.sinergiahumanitaria.cl\\\/portal\\\/2019\\\/09\\\/24\\\/cuerpos-de-bomberos-reciben-equipamiento-para-potenciar-su-trabajo-ante-emergencias-y-catastrofes\\\/\",\"url\":\"https:\\\/\\\/www.sinergiahumanitaria.cl\\\/portal\\\/2019\\\/09\\\/24\\\/cuerpos-de-bomberos-reciben-equipamiento-para-potenciar-su-trabajo-ante-emergencias-y-catastrofes\\\/\",\"name\":\"Cuerpos de Bomberos reciben equipamiento para potenciar su trabajo ante emergencias y cat\u00e1strofes - Fundaci\u00f3n Sinergia Humanitaria\",\"isPartOf\":{\"@id\":\"https:\\\/\\\/www.sinergiahumanitaria.cl\\\/portal\\\/#website\"},\"primaryImageOfPage\":{\"@id\":\"https:\\\/\\\/www.sinergiahumanitaria.cl\\\/portal\\\/2019\\\/09\\\/24\\\/cuerpos-de-bomberos-reciben-equipamiento-para-potenciar-su-trabajo-ante-emergencias-y-catastrofes\\\/#primaryimage\"},\"image\":{\"@id\":\"https:\\\/\\\/www.sinergiahumanitaria.cl\\\/portal\\\/2019\\\/09\\\/24\\\/cuerpos-de-bomberos-reciben-equipamiento-para-potenciar-su-trabajo-ante-emergencias-y-catastrofes\\\/#primaryimage\"},\"thumbnailUrl\":\"https:\\\/\\\/www.sinergiahumanitaria.cl\\\/portal\\\/wp-content\\\/uploads\\\/2017\\\/06\\\/LOGOS-ED.jpg\",\"datePublished\":\"2019-09-24T18:16:01+00:00\",\"dateModified\":\"2025-09-05T15:31:15+00:00\",\"breadcrumb\":{\"@id\":\"https:\\\/\\\/www.sinergiahumanitaria.cl\\\/portal\\\/2019\\\/09\\\/24\\\/cuerpos-de-bomberos-reciben-equipamiento-para-potenciar-su-trabajo-ante-emergencias-y-catastrofes\\\/#breadcrumb\"},\"inLanguage\":\"es-CL\",\"potentialAction\":[{\"@type\":\"ReadAction\",\"target\":[\"https:\\\/\\\/www.sinergiahumanitaria.cl\\\/portal\\\/2019\\\/09\\\/24\\\/cuerpos-de-bomberos-reciben-equipamiento-para-potenciar-su-trabajo-ante-emergencias-y-catastrofes\\\/\"]}]},{\"@type\":\"ImageObject\",\"inLanguage\":\"es-CL\",\"@id\":\"https:\\\/\\\/www.sinergiahumanitaria.cl\\\/portal\\\/2019\\\/09\\\/24\\\/cuerpos-de-bomberos-reciben-equipamiento-para-potenciar-su-trabajo-ante-emergencias-y-catastrofes\\\/#primaryimage\",\"url\":\"https:\\\/\\\/www.sinergiahumanitaria.cl\\\/portal\\\/wp-content\\\/uploads\\\/2017\\\/06\\\/LOGOS-ED.jpg\",\"contentUrl\":\"https:\\\/\\\/www.sinergiahumanitaria.cl\\\/portal\\\/wp-content\\\/uploads\\\/2017\\\/06\\\/LOGOS-ED.jpg\",\"width\":500,\"height\":500},{\"@type\":\"BreadcrumbList\",\"@id\":\"https:\\\/\\\/www.sinergiahumanitaria.cl\\\/portal\\\/2019\\\/09\\\/24\\\/cuerpos-de-bomberos-reciben-equipamiento-para-potenciar-su-trabajo-ante-emergencias-y-catastrofes\\\/#breadcrumb\",\"itemListElement\":[{\"@type\":\"ListItem\",\"position\":1,\"name\":\"Portada\",\"item\":\"https:\\\/\\\/www.sinergiahumanitaria.cl\\\/portal\\\/\"},{\"@type\":\"ListItem\",\"position\":2,\"name\":\"Cuerpos de Bomberos reciben equipamiento para potenciar su trabajo ante emergencias y cat\u00e1strofes\"}]},{\"@type\":\"WebSite\",\"@id\":\"https:\\\/\\\/www.sinergiahumanitaria.cl\\\/portal\\\/#website\",\"url\":\"https:\\\/\\\/www.sinergiahumanitaria.cl\\\/portal\\\/\",\"name\":\"Fundaci\u00f3n Sinergia Humanitaria\",\"description\":\"Acci\u00f3n Solidaria desde 2001\",\"publisher\":{\"@id\":\"https:\\\/\\\/www.sinergiahumanitaria.cl\\\/portal\\\/#organization\"},\"potentialAction\":[{\"@type\":\"SearchAction\",\"target\":{\"@type\":\"EntryPoint\",\"urlTemplate\":\"https:\\\/\\\/www.sinergiahumanitaria.cl\\\/portal\\\/?s={search_term_string}\"},\"query-input\":{\"@type\":\"PropertyValueSpecification\",\"valueRequired\":true,\"valueName\":\"search_term_string\"}}],\"inLanguage\":\"es-CL\"},{\"@type\":\"Organization\",\"@id\":\"https:\\\/\\\/www.sinergiahumanitaria.cl\\\/portal\\\/#organization\",\"name\":\"Fundaci\u00f3n Sinergia Humanitaria\",\"url\":\"https:\\\/\\\/www.sinergiahumanitaria.cl\\\/portal\\\/\",\"logo\":{\"@type\":\"ImageObject\",\"inLanguage\":\"es-CL\",\"@id\":\"https:\\\/\\\/www.sinergiahumanitaria.cl\\\/portal\\\/#\\\/schema\\\/logo\\\/image\\\/\",\"url\":\"https:\\\/\\\/www.sinergiahumanitaria.cl\\\/portal\\\/wp-content\\\/uploads\\\/2020\\\/07\\\/LOGO-jpg-scaled.jpg\",\"contentUrl\":\"https:\\\/\\\/www.sinergiahumanitaria.cl\\\/portal\\\/wp-content\\\/uploads\\\/2020\\\/07\\\/LOGO-jpg-scaled.jpg\",\"width\":2560,\"height\":1440,\"caption\":\"Fundaci\u00f3n Sinergia Humanitaria\"},\"image\":{\"@id\":\"https:\\\/\\\/www.sinergiahumanitaria.cl\\\/portal\\\/#\\\/schema\\\/logo\\\/image\\\/\"},\"sameAs\":[\"https:\\\/\\\/www.facebook.com\\\/sinergiahumanitaria\\\/\",\"https:\\\/\\\/x.com\\\/fsinergiah\",\"https:\\\/\\\/www.instagram.com\\\/fsinergiah\\\/\"]},{\"@type\":\"Person\",\"@id\":\"https:\\\/\\\/www.sinergiahumanitaria.cl\\\/portal\\\/#\\\/schema\\\/person\\\/e8e4653f85fbcf3e7472bfc4be4c2673\",\"name\":\"pastudillo\",\"image\":{\"@type\":\"ImageObject\",\"inLanguage\":\"es-CL\",\"@id\":\"https:\\\/\\\/secure.gravatar.com\\\/avatar\\\/24edc107527e6583e7be6e6408f8815c5b03530718f2848cb4875a5502cb9c12?s=96&d=mm&r=g\",\"url\":\"https:\\\/\\\/secure.gravatar.com\\\/avatar\\\/24edc107527e6583e7be6e6408f8815c5b03530718f2848cb4875a5502cb9c12?s=96&d=mm&r=g\",\"contentUrl\":\"https:\\\/\\\/secure.gravatar.com\\\/avatar\\\/24edc107527e6583e7be6e6408f8815c5b03530718f2848cb4875a5502cb9c12?s=96&d=mm&r=g\",\"caption\":\"pastudillo\"},\"url\":\"https:\\\/\\\/www.sinergiahumanitaria.cl\\\/portal\\\/author\\\/pastudillo\\\/\"}]}<\/script>\n<!-- \/ Yoast SEO plugin. -->","yoast_head_json":{"title":"Cuerpos de Bomberos reciben equipamiento para potenciar su trabajo ante emergencias y cat\u00e1strofes - Fundaci\u00f3n Sinergia Humanitaria","robots":{"index":"index","follow":"follow","max-snippet":"max-snippet:-1","max-image-preview":"max-image-preview:large","max-video-preview":"max-video-preview:-1"},"canonical":"https:\/\/www.sinergiahumanitaria.cl\/portal\/2019\/09\/24\/cuerpos-de-bomberos-reciben-equipamiento-para-potenciar-su-trabajo-ante-emergencias-y-catastrofes\/","og_locale":"es_ES","og_type":"article","og_title":"Cuerpos de Bomberos reciben equipamiento para potenciar su trabajo ante emergencias y cat\u00e1strofes - Fundaci\u00f3n Sinergia Humanitaria","og_description":"Coyhaique-. En su rol de voluntario y representante de la Fundaci\u00f3n Sinergia Humanitaria en la zona, el actual director regional del Fosis, Gustavo M\u00e1rquez Cadag\u00e1n asegur\u00f3 que \u201clas 10 comunas de nuestro territorio se ver\u00e1n beneficiadas ya que los Cuerpos de Bomberos tienen, adem\u00e1s de sus compa\u00f1\u00edas, brigadas en las distintas localidades. Vamos a hacer [&hellip;]","og_url":"https:\/\/www.sinergiahumanitaria.cl\/portal\/2019\/09\/24\/cuerpos-de-bomberos-reciben-equipamiento-para-potenciar-su-trabajo-ante-emergencias-y-catastrofes\/","og_site_name":"Fundaci\u00f3n Sinergia Humanitaria","article_publisher":"https:\/\/www.facebook.com\/sinergiahumanitaria\/","article_published_time":"2019-09-24T18:16:01+00:00","article_modified_time":"2025-09-05T15:31:15+00:00","og_image":[{"width":500,"height":500,"url":"https:\/\/www.sinergiahumanitaria.cl\/portal\/wp-content\/uploads\/2017\/06\/LOGOS-ED.jpg","type":"image\/jpeg"}],"author":"pastudillo","twitter_card":"summary_large_image","twitter_creator":"@fsinergiah","twitter_site":"@fsinergiah","twitter_misc":{"Escrito por":"pastudillo","Tiempo estimado de lectura":"5 minutos"},"schema":{"@context":"https:\/\/schema.org","@graph":[{"@type":"Article","@id":"https:\/\/www.sinergiahumanitaria.cl\/portal\/2019\/09\/24\/cuerpos-de-bomberos-reciben-equipamiento-para-potenciar-su-trabajo-ante-emergencias-y-catastrofes\/#article","isPartOf":{"@id":"https:\/\/www.sinergiahumanitaria.cl\/portal\/2019\/09\/24\/cuerpos-de-bomberos-reciben-equipamiento-para-potenciar-su-trabajo-ante-emergencias-y-catastrofes\/"},"author":{"name":"pastudillo","@id":"https:\/\/www.sinergiahumanitaria.cl\/portal\/#\/schema\/person\/e8e4653f85fbcf3e7472bfc4be4c2673"},"headline":"Cuerpos de Bomberos reciben equipamiento para potenciar su trabajo ante emergencias y cat\u00e1strofes","datePublished":"2019-09-24T18:16:01+00:00","dateModified":"2025-09-05T15:31:15+00:00","mainEntityOfPage":{"@id":"https:\/\/www.sinergiahumanitaria.cl\/portal\/2019\/09\/24\/cuerpos-de-bomberos-reciben-equipamiento-para-potenciar-su-trabajo-ante-emergencias-y-catastrofes\/"},"wordCount":1054,"publisher":{"@id":"https:\/\/www.sinergiahumanitaria.cl\/portal\/#organization"},"image":{"@id":"https:\/\/www.sinergiahumanitaria.cl\/portal\/2019\/09\/24\/cuerpos-de-bomberos-reciben-equipamiento-para-potenciar-su-trabajo-ante-emergencias-y-catastrofes\/#primaryimage"},"thumbnailUrl":"https:\/\/www.sinergiahumanitaria.cl\/portal\/wp-content\/uploads\/2017\/06\/LOGOS-ED.jpg","articleSection":["Noticias"],"inLanguage":"es-CL"},{"@type":"WebPage","@id":"https:\/\/www.sinergiahumanitaria.cl\/portal\/2019\/09\/24\/cuerpos-de-bomberos-reciben-equipamiento-para-potenciar-su-trabajo-ante-emergencias-y-catastrofes\/","url":"https:\/\/www.sinergiahumanitaria.cl\/portal\/2019\/09\/24\/cuerpos-de-bomberos-reciben-equipamiento-para-potenciar-su-trabajo-ante-emergencias-y-catastrofes\/","name":"Cuerpos de Bomberos reciben equipamiento para potenciar su trabajo ante emergencias y cat\u00e1strofes - Fundaci\u00f3n Sinergia Humanitaria","isPartOf":{"@id":"https:\/\/www.sinergiahumanitaria.cl\/portal\/#website"},"primaryImageOfPage":{"@id":"https:\/\/www.sinergiahumanitaria.cl\/portal\/2019\/09\/24\/cuerpos-de-bomberos-reciben-equipamiento-para-potenciar-su-trabajo-ante-emergencias-y-catastrofes\/#primaryimage"},"image":{"@id":"https:\/\/www.sinergiahumanitaria.cl\/portal\/2019\/09\/24\/cuerpos-de-bomberos-reciben-equipamiento-para-potenciar-su-trabajo-ante-emergencias-y-catastrofes\/#primaryimage"},"thumbnailUrl":"https:\/\/www.sinergiahumanitaria.cl\/portal\/wp-content\/uploads\/2017\/06\/LOGOS-ED.jpg","datePublished":"2019-09-24T18:16:01+00:00","dateModified":"2025-09-05T15:31:15+00:00","breadcrumb":{"@id":"https:\/\/www.sinergiahumanitaria.cl\/portal\/2019\/09\/24\/cuerpos-de-bomberos-reciben-equipamiento-para-potenciar-su-trabajo-ante-emergencias-y-catastrofes\/#breadcrumb"},"inLanguage":"es-CL","potentialAction":[{"@type":"ReadAction","target":["https:\/\/www.sinergiahumanitaria.cl\/portal\/2019\/09\/24\/cuerpos-de-bomberos-reciben-equipamiento-para-potenciar-su-trabajo-ante-emergencias-y-catastrofes\/"]}]},{"@type":"ImageObject","inLanguage":"es-CL","@id":"https:\/\/www.sinergiahumanitaria.cl\/portal\/2019\/09\/24\/cuerpos-de-bomberos-reciben-equipamiento-para-potenciar-su-trabajo-ante-emergencias-y-catastrofes\/#primaryimage","url":"https:\/\/www.sinergiahumanitaria.cl\/portal\/wp-content\/uploads\/2017\/06\/LOGOS-ED.jpg","contentUrl":"https:\/\/www.sinergiahumanitaria.cl\/portal\/wp-content\/uploads\/2017\/06\/LOGOS-ED.jpg","width":500,"height":500},{"@type":"BreadcrumbList","@id":"https:\/\/www.sinergiahumanitaria.cl\/portal\/2019\/09\/24\/cuerpos-de-bomberos-reciben-equipamiento-para-potenciar-su-trabajo-ante-emergencias-y-catastrofes\/#breadcrumb","itemListElement":[{"@type":"ListItem","position":1,"name":"Portada","item":"https:\/\/www.sinergiahumanitaria.cl\/portal\/"},{"@type":"ListItem","position":2,"name":"Cuerpos de Bomberos reciben equipamiento para potenciar su trabajo ante emergencias y cat\u00e1strofes"}]},{"@type":"WebSite","@id":"https:\/\/www.sinergiahumanitaria.cl\/portal\/#website","url":"https:\/\/www.sinergiahumanitaria.cl\/portal\/","name":"Fundaci\u00f3n Sinergia Humanitaria","description":"Acci\u00f3n Solidaria desde 2001","publisher":{"@id":"https:\/\/www.sinergiahumanitaria.cl\/portal\/#organization"},"potentialAction":[{"@type":"SearchAction","target":{"@type":"EntryPoint","urlTemplate":"https:\/\/www.sinergiahumanitaria.cl\/portal\/?s={search_term_string}"},"query-input":{"@type":"PropertyValueSpecification","valueRequired":true,"valueName":"search_term_string"}}],"inLanguage":"es-CL"},{"@type":"Organization","@id":"https:\/\/www.sinergiahumanitaria.cl\/portal\/#organization","name":"Fundaci\u00f3n Sinergia Humanitaria","url":"https:\/\/www.sinergiahumanitaria.cl\/portal\/","logo":{"@type":"ImageObject","inLanguage":"es-CL","@id":"https:\/\/www.sinergiahumanitaria.cl\/portal\/#\/schema\/logo\/image\/","url":"https:\/\/www.sinergiahumanitaria.cl\/portal\/wp-content\/uploads\/2020\/07\/LOGO-jpg-scaled.jpg","contentUrl":"https:\/\/www.sinergiahumanitaria.cl\/portal\/wp-content\/uploads\/2020\/07\/LOGO-jpg-scaled.jpg","width":2560,"height":1440,"caption":"Fundaci\u00f3n Sinergia Humanitaria"},"image":{"@id":"https:\/\/www.sinergiahumanitaria.cl\/portal\/#\/schema\/logo\/image\/"},"sameAs":["https:\/\/www.facebook.com\/sinergiahumanitaria\/","https:\/\/x.com\/fsinergiah","https:\/\/www.instagram.com\/fsinergiah\/"]},{"@type":"Person","@id":"https:\/\/www.sinergiahumanitaria.cl\/portal\/#\/schema\/person\/e8e4653f85fbcf3e7472bfc4be4c2673","name":"pastudillo","image":{"@type":"ImageObject","inLanguage":"es-CL","@id":"https:\/\/secure.gravatar.com\/avatar\/24edc107527e6583e7be6e6408f8815c5b03530718f2848cb4875a5502cb9c12?s=96&d=mm&r=g","url":"https:\/\/secure.gravatar.com\/avatar\/24edc107527e6583e7be6e6408f8815c5b03530718f2848cb4875a5502cb9c12?s=96&d=mm&r=g","contentUrl":"https:\/\/secure.gravatar.com\/avatar\/24edc107527e6583e7be6e6408f8815c5b03530718f2848cb4875a5502cb9c12?s=96&d=mm&r=g","caption":"pastudillo"},"url":"https:\/\/www.sinergiahumanitaria.cl\/portal\/author\/pastudillo\/"}]}},"_links":{"self":[{"href":"https:\/\/www.sinergiahumanitaria.cl\/portal\/wp-json\/wp\/v2\/posts\/1184","targetHints":{"allow":["GET"]}}],"collection":[{"href":"https:\/\/www.sinergiahumanitaria.cl\/portal\/wp-json\/wp\/v2\/posts"}],"about":[{"href":"https:\/\/www.sinergiahumanitaria.cl\/portal\/wp-json\/wp\/v2\/types\/post"}],"author":[{"embeddable":true,"href":"https:\/\/www.sinergiahumanitaria.cl\/portal\/wp-json\/wp\/v2\/users\/1"}],"replies":[{"embeddable":true,"href":"https:\/\/www.sinergiahumanitaria.cl\/portal\/wp-json\/wp\/v2\/comments?post=1184"}],"version-history":[{"count":2,"href":"https:\/\/www.sinergiahumanitaria.cl\/portal\/wp-json\/wp\/v2\/posts\/1184\/revisions"}],"predecessor-version":[{"id":6082,"href":"https:\/\/www.sinergiahumanitaria.cl\/portal\/wp-json\/wp\/v2\/posts\/1184\/revisions\/6082"}],"wp:featuredmedia":[{"embeddable":true,"href":"https:\/\/www.sinergiahumanitaria.cl\/portal\/wp-json\/wp\/v2\/media\/948"}],"wp:attachment":[{"href":"https:\/\/www.sinergiahumanitaria.cl\/portal\/wp-json\/wp\/v2\/media?parent=1184"}],"wp:term":[{"taxonomy":"category","embeddable":true,"href":"https:\/\/www.sinergiahumanitaria.cl\/portal\/wp-json\/wp\/v2\/categories?post=1184"},{"taxonomy":"post_tag","embeddable":true,"href":"https:\/\/www.sinergiahumanitaria.cl\/portal\/wp-json\/wp\/v2\/tags?post=1184"}],"curies":[{"name":"wp","href":"https:\/\/api.w.org\/{rel}","templated":true}]}}