{"id":1195,"date":"2019-10-07T17:40:21","date_gmt":"2019-10-07T20:40:21","guid":{"rendered":"https:\/\/sinergiahumanitaria.cl\/portal\/?p=1195"},"modified":"2023-05-31T16:56:50","modified_gmt":"2023-05-31T20:56:50","slug":"reconocimiento-de-bombero-de-aysen-a-nuestra-fundacion","status":"publish","type":"post","link":"https:\/\/www.sinergiahumanitaria.cl\/portal\/2019\/10\/07\/reconocimiento-de-bombero-de-aysen-a-nuestra-fundacion\/","title":{"rendered":"Reconocimiento de Bomberos de Ays\u00e9n a nuestra Fundaci\u00f3n"},"content":{"rendered":"<p>Miguel Jara, Presidente regional del Cuerpo de Bomberos de Ays\u00e9n, realiz\u00f3 un reconocimiento a nuestra Fundaci\u00f3n por las gestiones y donaciones recibidas en la regi\u00f3n estas \u00faltimas semanas.<\/p>\n\n\t\t<style type=\"text\/css\">\n\t\t\t#gallery-1 {\n\t\t\t\tmargin: auto;\n\t\t\t}\n\t\t\t#gallery-1 .gallery-item {\n\t\t\t\tfloat: left;\n\t\t\t\tmargin-top: 10px;\n\t\t\t\ttext-align: center;\n\t\t\t\twidth: 50%;\n\t\t\t}\n\t\t\t#gallery-1 img {\n\t\t\t\tborder: 2px solid #cfcfcf;\n\t\t\t}\n\t\t\t#gallery-1 .gallery-caption {\n\t\t\t\tmargin-left: 0;\n\t\t\t}\n\t\t\t\/* see gallery_shortcode() in wp-includes\/media.php *\/\n\t\t<\/style>\n\t\t<div id='gallery-1' class='gallery galleryid-1195 gallery-columns-2 gallery-size-large'><dl class='gallery-item'>\n\t\t\t<dt class='gallery-icon landscape'>\n\t\t\t\t<img fetchpriority=\"high\" decoding=\"async\" width=\"1024\" height=\"768\" src=\"https:\/\/www.sinergiahumanitaria.cl\/portal\/wp-content\/uploads\/2019\/10\/WhatsApp-Image-2019-10-05-at-09.50.49-1024x768.jpeg\" class=\"attachment-large size-large\" alt=\"\" srcset=\"https:\/\/www.sinergiahumanitaria.cl\/portal\/wp-content\/uploads\/2019\/10\/WhatsApp-Image-2019-10-05-at-09.50.49-1024x768.jpeg 1024w, https:\/\/www.sinergiahumanitaria.cl\/portal\/wp-content\/uploads\/2019\/10\/WhatsApp-Image-2019-10-05-at-09.50.49-300x225.jpeg 300w, https:\/\/www.sinergiahumanitaria.cl\/portal\/wp-content\/uploads\/2019\/10\/WhatsApp-Image-2019-10-05-at-09.50.49-768x576.jpeg 768w, https:\/\/www.sinergiahumanitaria.cl\/portal\/wp-content\/uploads\/2019\/10\/WhatsApp-Image-2019-10-05-at-09.50.49-463x348.jpeg 463w, https:\/\/www.sinergiahumanitaria.cl\/portal\/wp-content\/uploads\/2019\/10\/WhatsApp-Image-2019-10-05-at-09.50.49-200x150.jpeg 200w, https:\/\/www.sinergiahumanitaria.cl\/portal\/wp-content\/uploads\/2019\/10\/WhatsApp-Image-2019-10-05-at-09.50.49-e1595455047236.jpeg 800w\" sizes=\"(max-width: 1024px) 100vw, 1024px\" \/>\n\t\t\t<\/dt><\/dl><dl class='gallery-item'>\n\t\t\t<dt class='gallery-icon landscape'>\n\t\t\t\t<img decoding=\"async\" width=\"1024\" height=\"768\" src=\"https:\/\/www.sinergiahumanitaria.cl\/portal\/wp-content\/uploads\/2019\/10\/WhatsApp-Image-2019-10-05-at-09.51.00-1024x768.jpeg\" class=\"attachment-large size-large\" alt=\"\" srcset=\"https:\/\/www.sinergiahumanitaria.cl\/portal\/wp-content\/uploads\/2019\/10\/WhatsApp-Image-2019-10-05-at-09.51.00-1024x768.jpeg 1024w, https:\/\/www.sinergiahumanitaria.cl\/portal\/wp-content\/uploads\/2019\/10\/WhatsApp-Image-2019-10-05-at-09.51.00-300x225.jpeg 300w, https:\/\/www.sinergiahumanitaria.cl\/portal\/wp-content\/uploads\/2019\/10\/WhatsApp-Image-2019-10-05-at-09.51.00-768x576.jpeg 768w, https:\/\/www.sinergiahumanitaria.cl\/portal\/wp-content\/uploads\/2019\/10\/WhatsApp-Image-2019-10-05-at-09.51.00-463x348.jpeg 463w, https:\/\/www.sinergiahumanitaria.cl\/portal\/wp-content\/uploads\/2019\/10\/WhatsApp-Image-2019-10-05-at-09.51.00-200x150.jpeg 200w, https:\/\/www.sinergiahumanitaria.cl\/portal\/wp-content\/uploads\/2019\/10\/WhatsApp-Image-2019-10-05-at-09.51.00.jpeg 1280w\" sizes=\"(max-width: 1024px) 100vw, 1024px\" \/>\n\t\t\t<\/dt><\/dl><br style=\"clear: both\" \/>\n\t\t<\/div>\n\n\n\t\t<style type=\"text\/css\">\n\t\t\t#gallery-2 {\n\t\t\t\tmargin: auto;\n\t\t\t}\n\t\t\t#gallery-2 .gallery-item {\n\t\t\t\tfloat: left;\n\t\t\t\tmargin-top: 10px;\n\t\t\t\ttext-align: center;\n\t\t\t\twidth: 25%;\n\t\t\t}\n\t\t\t#gallery-2 img {\n\t\t\t\tborder: 2px solid #cfcfcf;\n\t\t\t}\n\t\t\t#gallery-2 .gallery-caption {\n\t\t\t\tmargin-left: 0;\n\t\t\t}\n\t\t\t\/* see gallery_shortcode() in wp-includes\/media.php *\/\n\t\t<\/style>\n\t\t<div id='gallery-2' class='gallery galleryid-1195 gallery-columns-4 gallery-size-medium'><dl class='gallery-item'>\n\t\t\t<dt class='gallery-icon landscape'>\n\t\t\t\t<img decoding=\"async\" width=\"300\" height=\"225\" src=\"https:\/\/www.sinergiahumanitaria.cl\/portal\/wp-content\/uploads\/2019\/10\/nt45902dv-300x225.jpg\" class=\"attachment-medium size-medium\" alt=\"\" srcset=\"https:\/\/www.sinergiahumanitaria.cl\/portal\/wp-content\/uploads\/2019\/10\/nt45902dv-300x225.jpg 300w, https:\/\/www.sinergiahumanitaria.cl\/portal\/wp-content\/uploads\/2019\/10\/nt45902dv-768x576.jpg 768w, https:\/\/www.sinergiahumanitaria.cl\/portal\/wp-content\/uploads\/2019\/10\/nt45902dv-1024x768.jpg 1024w, https:\/\/www.sinergiahumanitaria.cl\/portal\/wp-content\/uploads\/2019\/10\/nt45902dv-463x348.jpg 463w, https:\/\/www.sinergiahumanitaria.cl\/portal\/wp-content\/uploads\/2019\/10\/nt45902dv-200x150.jpg 200w, https:\/\/www.sinergiahumanitaria.cl\/portal\/wp-content\/uploads\/2019\/10\/nt45902dv.jpg 1280w\" sizes=\"(max-width: 300px) 100vw, 300px\" \/>\n\t\t\t<\/dt><\/dl><dl class='gallery-item'>\n\t\t\t<dt class='gallery-icon landscape'>\n\t\t\t\t<img loading=\"lazy\" decoding=\"async\" width=\"300\" height=\"225\" src=\"https:\/\/www.sinergiahumanitaria.cl\/portal\/wp-content\/uploads\/2019\/10\/sinergia5-300x225.jpg\" class=\"attachment-medium size-medium\" alt=\"\" srcset=\"https:\/\/www.sinergiahumanitaria.cl\/portal\/wp-content\/uploads\/2019\/10\/sinergia5-300x225.jpg 300w, https:\/\/www.sinergiahumanitaria.cl\/portal\/wp-content\/uploads\/2019\/10\/sinergia5-768x576.jpg 768w, https:\/\/www.sinergiahumanitaria.cl\/portal\/wp-content\/uploads\/2019\/10\/sinergia5-1024x768.jpg 1024w, https:\/\/www.sinergiahumanitaria.cl\/portal\/wp-content\/uploads\/2019\/10\/sinergia5-463x348.jpg 463w, https:\/\/www.sinergiahumanitaria.cl\/portal\/wp-content\/uploads\/2019\/10\/sinergia5-200x150.jpg 200w, https:\/\/www.sinergiahumanitaria.cl\/portal\/wp-content\/uploads\/2019\/10\/sinergia5.jpg 1280w\" sizes=\"(max-width: 300px) 100vw, 300px\" \/>\n\t\t\t<\/dt><\/dl><dl class='gallery-item'>\n\t\t\t<dt class='gallery-icon landscape'>\n\t\t\t\t<img loading=\"lazy\" decoding=\"async\" width=\"300\" height=\"225\" src=\"https:\/\/www.sinergiahumanitaria.cl\/portal\/wp-content\/uploads\/2019\/10\/sinergia4-300x225.jpg\" class=\"attachment-medium size-medium\" alt=\"\" srcset=\"https:\/\/www.sinergiahumanitaria.cl\/portal\/wp-content\/uploads\/2019\/10\/sinergia4-300x225.jpg 300w, https:\/\/www.sinergiahumanitaria.cl\/portal\/wp-content\/uploads\/2019\/10\/sinergia4-768x576.jpg 768w, https:\/\/www.sinergiahumanitaria.cl\/portal\/wp-content\/uploads\/2019\/10\/sinergia4-1024x768.jpg 1024w, https:\/\/www.sinergiahumanitaria.cl\/portal\/wp-content\/uploads\/2019\/10\/sinergia4-463x348.jpg 463w, https:\/\/www.sinergiahumanitaria.cl\/portal\/wp-content\/uploads\/2019\/10\/sinergia4-200x150.jpg 200w, https:\/\/www.sinergiahumanitaria.cl\/portal\/wp-content\/uploads\/2019\/10\/sinergia4.jpg 1280w\" sizes=\"(max-width: 300px) 100vw, 300px\" \/>\n\t\t\t<\/dt><\/dl><dl class='gallery-item'>\n\t\t\t<dt class='gallery-icon landscape'>\n\t\t\t\t<img loading=\"lazy\" decoding=\"async\" width=\"300\" height=\"225\" src=\"https:\/\/www.sinergiahumanitaria.cl\/portal\/wp-content\/uploads\/2019\/10\/sinergia3-300x225.jpg\" class=\"attachment-medium size-medium\" alt=\"\" srcset=\"https:\/\/www.sinergiahumanitaria.cl\/portal\/wp-content\/uploads\/2019\/10\/sinergia3-300x225.jpg 300w, https:\/\/www.sinergiahumanitaria.cl\/portal\/wp-content\/uploads\/2019\/10\/sinergia3-768x576.jpg 768w, https:\/\/www.sinergiahumanitaria.cl\/portal\/wp-content\/uploads\/2019\/10\/sinergia3-1024x768.jpg 1024w, https:\/\/www.sinergiahumanitaria.cl\/portal\/wp-content\/uploads\/2019\/10\/sinergia3-463x348.jpg 463w, https:\/\/www.sinergiahumanitaria.cl\/portal\/wp-content\/uploads\/2019\/10\/sinergia3-200x150.jpg 200w, https:\/\/www.sinergiahumanitaria.cl\/portal\/wp-content\/uploads\/2019\/10\/sinergia3.jpg 1280w\" sizes=\"(max-width: 300px) 100vw, 300px\" \/>\n\t\t\t<\/dt><\/dl><br style=\"clear: both\" \/>\n\t\t<\/div>\n\n<p>&nbsp;<\/p>\n","protected":false},"excerpt":{"rendered":"<p>Miguel Jara, Presidente regional del Cuerpo de Bomberos de Ays\u00e9n, realiz\u00f3 un reconocimiento a nuestra Fundaci\u00f3n por las gestiones y donaciones recibidas en la regi\u00f3n estas \u00faltimas semanas. &nbsp;<\/p>\n","protected":false},"author":1,"featured_media":5906,"comment_status":"closed","ping_status":"open","sticky":false,"template":"","format":"standard","meta":{"footnotes":""},"categories":[14],"tags":[],"class_list":["post-1195","post","type-post","status-publish","format-standard","has-post-thumbnail","hentry","category-noticias"],"yoast_head":"<!-- This site is optimized with the Yoast SEO plugin v27.5 - https:\/\/yoast.com\/product\/yoast-seo-wordpress\/ -->\n<title>Reconocimiento de Bomberos de Ays\u00e9n a nuestra Fundaci\u00f3n - Fundaci\u00f3n Sinergia Humanitaria<\/title>\n<meta name=\"robots\" content=\"index, follow, max-snippet:-1, max-image-preview:large, max-video-preview:-1\" \/>\n<link rel=\"canonical\" href=\"https:\/\/www.sinergiahumanitaria.cl\/portal\/2019\/10\/07\/reconocimiento-de-bombero-de-aysen-a-nuestra-fundacion\/\" \/>\n<meta property=\"og:locale\" content=\"es_ES\" \/>\n<meta property=\"og:type\" content=\"article\" \/>\n<meta property=\"og:title\" content=\"Reconocimiento de Bomberos de Ays\u00e9n a nuestra Fundaci\u00f3n - Fundaci\u00f3n Sinergia Humanitaria\" \/>\n<meta property=\"og:description\" content=\"Miguel Jara, Presidente regional del Cuerpo de Bomberos de Ays\u00e9n, realiz\u00f3 un reconocimiento a nuestra Fundaci\u00f3n por las gestiones y donaciones recibidas en la regi\u00f3n estas \u00faltimas semanas. &nbsp;\" \/>\n<meta property=\"og:url\" content=\"https:\/\/www.sinergiahumanitaria.cl\/portal\/2019\/10\/07\/reconocimiento-de-bombero-de-aysen-a-nuestra-fundacion\/\" \/>\n<meta property=\"og:site_name\" content=\"Fundaci\u00f3n Sinergia Humanitaria\" \/>\n<meta property=\"article:publisher\" content=\"https:\/\/www.facebook.com\/sinergiahumanitaria\/\" \/>\n<meta property=\"article:published_time\" content=\"2019-10-07T20:40:21+00:00\" \/>\n<meta property=\"article:modified_time\" content=\"2023-05-31T20:56:50+00:00\" \/>\n<meta property=\"og:image\" content=\"https:\/\/www.sinergiahumanitaria.cl\/portal\/wp-content\/uploads\/2019\/10\/JL_bomberos.jpg\" \/>\n\t<meta property=\"og:image:width\" content=\"1280\" \/>\n\t<meta property=\"og:image:height\" content=\"719\" \/>\n\t<meta property=\"og:image:type\" content=\"image\/jpeg\" \/>\n<meta name=\"author\" content=\"pastudillo\" \/>\n<meta name=\"twitter:card\" content=\"summary_large_image\" \/>\n<meta name=\"twitter:creator\" content=\"@fsinergiah\" \/>\n<meta name=\"twitter:site\" content=\"@fsinergiah\" \/>\n<meta name=\"twitter:label1\" content=\"Escrito por\" \/>\n\t<meta name=\"twitter:data1\" content=\"pastudillo\" \/>\n<script type=\"application\/ld+json\" class=\"yoast-schema-graph\">{\"@context\":\"https:\\\/\\\/schema.org\",\"@graph\":[{\"@type\":\"Article\",\"@id\":\"https:\\\/\\\/www.sinergiahumanitaria.cl\\\/portal\\\/2019\\\/10\\\/07\\\/reconocimiento-de-bombero-de-aysen-a-nuestra-fundacion\\\/#article\",\"isPartOf\":{\"@id\":\"https:\\\/\\\/www.sinergiahumanitaria.cl\\\/portal\\\/2019\\\/10\\\/07\\\/reconocimiento-de-bombero-de-aysen-a-nuestra-fundacion\\\/\"},\"author\":{\"name\":\"pastudillo\",\"@id\":\"https:\\\/\\\/www.sinergiahumanitaria.cl\\\/portal\\\/#\\\/schema\\\/person\\\/e8e4653f85fbcf3e7472bfc4be4c2673\"},\"headline\":\"Reconocimiento de Bomberos de Ays\u00e9n a nuestra Fundaci\u00f3n\",\"datePublished\":\"2019-10-07T20:40:21+00:00\",\"dateModified\":\"2023-05-31T20:56:50+00:00\",\"mainEntityOfPage\":{\"@id\":\"https:\\\/\\\/www.sinergiahumanitaria.cl\\\/portal\\\/2019\\\/10\\\/07\\\/reconocimiento-de-bombero-de-aysen-a-nuestra-fundacion\\\/\"},\"wordCount\":56,\"publisher\":{\"@id\":\"https:\\\/\\\/www.sinergiahumanitaria.cl\\\/portal\\\/#organization\"},\"image\":{\"@id\":\"https:\\\/\\\/www.sinergiahumanitaria.cl\\\/portal\\\/2019\\\/10\\\/07\\\/reconocimiento-de-bombero-de-aysen-a-nuestra-fundacion\\\/#primaryimage\"},\"thumbnailUrl\":\"https:\\\/\\\/www.sinergiahumanitaria.cl\\\/portal\\\/wp-content\\\/uploads\\\/2019\\\/10\\\/JL_bomberos.jpg\",\"articleSection\":[\"Noticias\"],\"inLanguage\":\"es-CL\"},{\"@type\":\"WebPage\",\"@id\":\"https:\\\/\\\/www.sinergiahumanitaria.cl\\\/portal\\\/2019\\\/10\\\/07\\\/reconocimiento-de-bombero-de-aysen-a-nuestra-fundacion\\\/\",\"url\":\"https:\\\/\\\/www.sinergiahumanitaria.cl\\\/portal\\\/2019\\\/10\\\/07\\\/reconocimiento-de-bombero-de-aysen-a-nuestra-fundacion\\\/\",\"name\":\"Reconocimiento de Bomberos de Ays\u00e9n a nuestra Fundaci\u00f3n - Fundaci\u00f3n Sinergia Humanitaria\",\"isPartOf\":{\"@id\":\"https:\\\/\\\/www.sinergiahumanitaria.cl\\\/portal\\\/#website\"},\"primaryImageOfPage\":{\"@id\":\"https:\\\/\\\/www.sinergiahumanitaria.cl\\\/portal\\\/2019\\\/10\\\/07\\\/reconocimiento-de-bombero-de-aysen-a-nuestra-fundacion\\\/#primaryimage\"},\"image\":{\"@id\":\"https:\\\/\\\/www.sinergiahumanitaria.cl\\\/portal\\\/2019\\\/10\\\/07\\\/reconocimiento-de-bombero-de-aysen-a-nuestra-fundacion\\\/#primaryimage\"},\"thumbnailUrl\":\"https:\\\/\\\/www.sinergiahumanitaria.cl\\\/portal\\\/wp-content\\\/uploads\\\/2019\\\/10\\\/JL_bomberos.jpg\",\"datePublished\":\"2019-10-07T20:40:21+00:00\",\"dateModified\":\"2023-05-31T20:56:50+00:00\",\"breadcrumb\":{\"@id\":\"https:\\\/\\\/www.sinergiahumanitaria.cl\\\/portal\\\/2019\\\/10\\\/07\\\/reconocimiento-de-bombero-de-aysen-a-nuestra-fundacion\\\/#breadcrumb\"},\"inLanguage\":\"es-CL\",\"potentialAction\":[{\"@type\":\"ReadAction\",\"target\":[\"https:\\\/\\\/www.sinergiahumanitaria.cl\\\/portal\\\/2019\\\/10\\\/07\\\/reconocimiento-de-bombero-de-aysen-a-nuestra-fundacion\\\/\"]}]},{\"@type\":\"ImageObject\",\"inLanguage\":\"es-CL\",\"@id\":\"https:\\\/\\\/www.sinergiahumanitaria.cl\\\/portal\\\/2019\\\/10\\\/07\\\/reconocimiento-de-bombero-de-aysen-a-nuestra-fundacion\\\/#primaryimage\",\"url\":\"https:\\\/\\\/www.sinergiahumanitaria.cl\\\/portal\\\/wp-content\\\/uploads\\\/2019\\\/10\\\/JL_bomberos.jpg\",\"contentUrl\":\"https:\\\/\\\/www.sinergiahumanitaria.cl\\\/portal\\\/wp-content\\\/uploads\\\/2019\\\/10\\\/JL_bomberos.jpg\",\"width\":1280,\"height\":719},{\"@type\":\"BreadcrumbList\",\"@id\":\"https:\\\/\\\/www.sinergiahumanitaria.cl\\\/portal\\\/2019\\\/10\\\/07\\\/reconocimiento-de-bombero-de-aysen-a-nuestra-fundacion\\\/#breadcrumb\",\"itemListElement\":[{\"@type\":\"ListItem\",\"position\":1,\"name\":\"Portada\",\"item\":\"https:\\\/\\\/www.sinergiahumanitaria.cl\\\/portal\\\/\"},{\"@type\":\"ListItem\",\"position\":2,\"name\":\"Reconocimiento de Bomberos de Ays\u00e9n a nuestra Fundaci\u00f3n\"}]},{\"@type\":\"WebSite\",\"@id\":\"https:\\\/\\\/www.sinergiahumanitaria.cl\\\/portal\\\/#website\",\"url\":\"https:\\\/\\\/www.sinergiahumanitaria.cl\\\/portal\\\/\",\"name\":\"Fundaci\u00f3n Sinergia Humanitaria\",\"description\":\"Acci\u00f3n Solidaria desde 2001\",\"publisher\":{\"@id\":\"https:\\\/\\\/www.sinergiahumanitaria.cl\\\/portal\\\/#organization\"},\"potentialAction\":[{\"@type\":\"SearchAction\",\"target\":{\"@type\":\"EntryPoint\",\"urlTemplate\":\"https:\\\/\\\/www.sinergiahumanitaria.cl\\\/portal\\\/?s={search_term_string}\"},\"query-input\":{\"@type\":\"PropertyValueSpecification\",\"valueRequired\":true,\"valueName\":\"search_term_string\"}}],\"inLanguage\":\"es-CL\"},{\"@type\":\"Organization\",\"@id\":\"https:\\\/\\\/www.sinergiahumanitaria.cl\\\/portal\\\/#organization\",\"name\":\"Fundaci\u00f3n Sinergia Humanitaria\",\"url\":\"https:\\\/\\\/www.sinergiahumanitaria.cl\\\/portal\\\/\",\"logo\":{\"@type\":\"ImageObject\",\"inLanguage\":\"es-CL\",\"@id\":\"https:\\\/\\\/www.sinergiahumanitaria.cl\\\/portal\\\/#\\\/schema\\\/logo\\\/image\\\/\",\"url\":\"https:\\\/\\\/www.sinergiahumanitaria.cl\\\/portal\\\/wp-content\\\/uploads\\\/2020\\\/07\\\/LOGO-jpg-scaled.jpg\",\"contentUrl\":\"https:\\\/\\\/www.sinergiahumanitaria.cl\\\/portal\\\/wp-content\\\/uploads\\\/2020\\\/07\\\/LOGO-jpg-scaled.jpg\",\"width\":2560,\"height\":1440,\"caption\":\"Fundaci\u00f3n Sinergia Humanitaria\"},\"image\":{\"@id\":\"https:\\\/\\\/www.sinergiahumanitaria.cl\\\/portal\\\/#\\\/schema\\\/logo\\\/image\\\/\"},\"sameAs\":[\"https:\\\/\\\/www.facebook.com\\\/sinergiahumanitaria\\\/\",\"https:\\\/\\\/x.com\\\/fsinergiah\",\"https:\\\/\\\/www.instagram.com\\\/fsinergiah\\\/\"]},{\"@type\":\"Person\",\"@id\":\"https:\\\/\\\/www.sinergiahumanitaria.cl\\\/portal\\\/#\\\/schema\\\/person\\\/e8e4653f85fbcf3e7472bfc4be4c2673\",\"name\":\"pastudillo\",\"image\":{\"@type\":\"ImageObject\",\"inLanguage\":\"es-CL\",\"@id\":\"https:\\\/\\\/secure.gravatar.com\\\/avatar\\\/24edc107527e6583e7be6e6408f8815c5b03530718f2848cb4875a5502cb9c12?s=96&d=mm&r=g\",\"url\":\"https:\\\/\\\/secure.gravatar.com\\\/avatar\\\/24edc107527e6583e7be6e6408f8815c5b03530718f2848cb4875a5502cb9c12?s=96&d=mm&r=g\",\"contentUrl\":\"https:\\\/\\\/secure.gravatar.com\\\/avatar\\\/24edc107527e6583e7be6e6408f8815c5b03530718f2848cb4875a5502cb9c12?s=96&d=mm&r=g\",\"caption\":\"pastudillo\"},\"url\":\"https:\\\/\\\/www.sinergiahumanitaria.cl\\\/portal\\\/author\\\/pastudillo\\\/\"}]}<\/script>\n<!-- \/ Yoast SEO plugin. -->","yoast_head_json":{"title":"Reconocimiento de Bomberos de Ays\u00e9n a nuestra Fundaci\u00f3n - Fundaci\u00f3n Sinergia Humanitaria","robots":{"index":"index","follow":"follow","max-snippet":"max-snippet:-1","max-image-preview":"max-image-preview:large","max-video-preview":"max-video-preview:-1"},"canonical":"https:\/\/www.sinergiahumanitaria.cl\/portal\/2019\/10\/07\/reconocimiento-de-bombero-de-aysen-a-nuestra-fundacion\/","og_locale":"es_ES","og_type":"article","og_title":"Reconocimiento de Bomberos de Ays\u00e9n a nuestra Fundaci\u00f3n - Fundaci\u00f3n Sinergia Humanitaria","og_description":"Miguel Jara, Presidente regional del Cuerpo de Bomberos de Ays\u00e9n, realiz\u00f3 un reconocimiento a nuestra Fundaci\u00f3n por las gestiones y donaciones recibidas en la regi\u00f3n estas \u00faltimas semanas. &nbsp;","og_url":"https:\/\/www.sinergiahumanitaria.cl\/portal\/2019\/10\/07\/reconocimiento-de-bombero-de-aysen-a-nuestra-fundacion\/","og_site_name":"Fundaci\u00f3n Sinergia Humanitaria","article_publisher":"https:\/\/www.facebook.com\/sinergiahumanitaria\/","article_published_time":"2019-10-07T20:40:21+00:00","article_modified_time":"2023-05-31T20:56:50+00:00","og_image":[{"width":1280,"height":719,"url":"https:\/\/www.sinergiahumanitaria.cl\/portal\/wp-content\/uploads\/2019\/10\/JL_bomberos.jpg","type":"image\/jpeg"}],"author":"pastudillo","twitter_card":"summary_large_image","twitter_creator":"@fsinergiah","twitter_site":"@fsinergiah","twitter_misc":{"Escrito por":"pastudillo"},"schema":{"@context":"https:\/\/schema.org","@graph":[{"@type":"Article","@id":"https:\/\/www.sinergiahumanitaria.cl\/portal\/2019\/10\/07\/reconocimiento-de-bombero-de-aysen-a-nuestra-fundacion\/#article","isPartOf":{"@id":"https:\/\/www.sinergiahumanitaria.cl\/portal\/2019\/10\/07\/reconocimiento-de-bombero-de-aysen-a-nuestra-fundacion\/"},"author":{"name":"pastudillo","@id":"https:\/\/www.sinergiahumanitaria.cl\/portal\/#\/schema\/person\/e8e4653f85fbcf3e7472bfc4be4c2673"},"headline":"Reconocimiento de Bomberos de Ays\u00e9n a nuestra Fundaci\u00f3n","datePublished":"2019-10-07T20:40:21+00:00","dateModified":"2023-05-31T20:56:50+00:00","mainEntityOfPage":{"@id":"https:\/\/www.sinergiahumanitaria.cl\/portal\/2019\/10\/07\/reconocimiento-de-bombero-de-aysen-a-nuestra-fundacion\/"},"wordCount":56,"publisher":{"@id":"https:\/\/www.sinergiahumanitaria.cl\/portal\/#organization"},"image":{"@id":"https:\/\/www.sinergiahumanitaria.cl\/portal\/2019\/10\/07\/reconocimiento-de-bombero-de-aysen-a-nuestra-fundacion\/#primaryimage"},"thumbnailUrl":"https:\/\/www.sinergiahumanitaria.cl\/portal\/wp-content\/uploads\/2019\/10\/JL_bomberos.jpg","articleSection":["Noticias"],"inLanguage":"es-CL"},{"@type":"WebPage","@id":"https:\/\/www.sinergiahumanitaria.cl\/portal\/2019\/10\/07\/reconocimiento-de-bombero-de-aysen-a-nuestra-fundacion\/","url":"https:\/\/www.sinergiahumanitaria.cl\/portal\/2019\/10\/07\/reconocimiento-de-bombero-de-aysen-a-nuestra-fundacion\/","name":"Reconocimiento de Bomberos de Ays\u00e9n a nuestra Fundaci\u00f3n - Fundaci\u00f3n Sinergia Humanitaria","isPartOf":{"@id":"https:\/\/www.sinergiahumanitaria.cl\/portal\/#website"},"primaryImageOfPage":{"@id":"https:\/\/www.sinergiahumanitaria.cl\/portal\/2019\/10\/07\/reconocimiento-de-bombero-de-aysen-a-nuestra-fundacion\/#primaryimage"},"image":{"@id":"https:\/\/www.sinergiahumanitaria.cl\/portal\/2019\/10\/07\/reconocimiento-de-bombero-de-aysen-a-nuestra-fundacion\/#primaryimage"},"thumbnailUrl":"https:\/\/www.sinergiahumanitaria.cl\/portal\/wp-content\/uploads\/2019\/10\/JL_bomberos.jpg","datePublished":"2019-10-07T20:40:21+00:00","dateModified":"2023-05-31T20:56:50+00:00","breadcrumb":{"@id":"https:\/\/www.sinergiahumanitaria.cl\/portal\/2019\/10\/07\/reconocimiento-de-bombero-de-aysen-a-nuestra-fundacion\/#breadcrumb"},"inLanguage":"es-CL","potentialAction":[{"@type":"ReadAction","target":["https:\/\/www.sinergiahumanitaria.cl\/portal\/2019\/10\/07\/reconocimiento-de-bombero-de-aysen-a-nuestra-fundacion\/"]}]},{"@type":"ImageObject","inLanguage":"es-CL","@id":"https:\/\/www.sinergiahumanitaria.cl\/portal\/2019\/10\/07\/reconocimiento-de-bombero-de-aysen-a-nuestra-fundacion\/#primaryimage","url":"https:\/\/www.sinergiahumanitaria.cl\/portal\/wp-content\/uploads\/2019\/10\/JL_bomberos.jpg","contentUrl":"https:\/\/www.sinergiahumanitaria.cl\/portal\/wp-content\/uploads\/2019\/10\/JL_bomberos.jpg","width":1280,"height":719},{"@type":"BreadcrumbList","@id":"https:\/\/www.sinergiahumanitaria.cl\/portal\/2019\/10\/07\/reconocimiento-de-bombero-de-aysen-a-nuestra-fundacion\/#breadcrumb","itemListElement":[{"@type":"ListItem","position":1,"name":"Portada","item":"https:\/\/www.sinergiahumanitaria.cl\/portal\/"},{"@type":"ListItem","position":2,"name":"Reconocimiento de Bomberos de Ays\u00e9n a nuestra Fundaci\u00f3n"}]},{"@type":"WebSite","@id":"https:\/\/www.sinergiahumanitaria.cl\/portal\/#website","url":"https:\/\/www.sinergiahumanitaria.cl\/portal\/","name":"Fundaci\u00f3n Sinergia Humanitaria","description":"Acci\u00f3n Solidaria desde 2001","publisher":{"@id":"https:\/\/www.sinergiahumanitaria.cl\/portal\/#organization"},"potentialAction":[{"@type":"SearchAction","target":{"@type":"EntryPoint","urlTemplate":"https:\/\/www.sinergiahumanitaria.cl\/portal\/?s={search_term_string}"},"query-input":{"@type":"PropertyValueSpecification","valueRequired":true,"valueName":"search_term_string"}}],"inLanguage":"es-CL"},{"@type":"Organization","@id":"https:\/\/www.sinergiahumanitaria.cl\/portal\/#organization","name":"Fundaci\u00f3n Sinergia Humanitaria","url":"https:\/\/www.sinergiahumanitaria.cl\/portal\/","logo":{"@type":"ImageObject","inLanguage":"es-CL","@id":"https:\/\/www.sinergiahumanitaria.cl\/portal\/#\/schema\/logo\/image\/","url":"https:\/\/www.sinergiahumanitaria.cl\/portal\/wp-content\/uploads\/2020\/07\/LOGO-jpg-scaled.jpg","contentUrl":"https:\/\/www.sinergiahumanitaria.cl\/portal\/wp-content\/uploads\/2020\/07\/LOGO-jpg-scaled.jpg","width":2560,"height":1440,"caption":"Fundaci\u00f3n Sinergia Humanitaria"},"image":{"@id":"https:\/\/www.sinergiahumanitaria.cl\/portal\/#\/schema\/logo\/image\/"},"sameAs":["https:\/\/www.facebook.com\/sinergiahumanitaria\/","https:\/\/x.com\/fsinergiah","https:\/\/www.instagram.com\/fsinergiah\/"]},{"@type":"Person","@id":"https:\/\/www.sinergiahumanitaria.cl\/portal\/#\/schema\/person\/e8e4653f85fbcf3e7472bfc4be4c2673","name":"pastudillo","image":{"@type":"ImageObject","inLanguage":"es-CL","@id":"https:\/\/secure.gravatar.com\/avatar\/24edc107527e6583e7be6e6408f8815c5b03530718f2848cb4875a5502cb9c12?s=96&d=mm&r=g","url":"https:\/\/secure.gravatar.com\/avatar\/24edc107527e6583e7be6e6408f8815c5b03530718f2848cb4875a5502cb9c12?s=96&d=mm&r=g","contentUrl":"https:\/\/secure.gravatar.com\/avatar\/24edc107527e6583e7be6e6408f8815c5b03530718f2848cb4875a5502cb9c12?s=96&d=mm&r=g","caption":"pastudillo"},"url":"https:\/\/www.sinergiahumanitaria.cl\/portal\/author\/pastudillo\/"}]}},"_links":{"self":[{"href":"https:\/\/www.sinergiahumanitaria.cl\/portal\/wp-json\/wp\/v2\/posts\/1195","targetHints":{"allow":["GET"]}}],"collection":[{"href":"https:\/\/www.sinergiahumanitaria.cl\/portal\/wp-json\/wp\/v2\/posts"}],"about":[{"href":"https:\/\/www.sinergiahumanitaria.cl\/portal\/wp-json\/wp\/v2\/types\/post"}],"author":[{"embeddable":true,"href":"https:\/\/www.sinergiahumanitaria.cl\/portal\/wp-json\/wp\/v2\/users\/1"}],"replies":[{"embeddable":true,"href":"https:\/\/www.sinergiahumanitaria.cl\/portal\/wp-json\/wp\/v2\/comments?post=1195"}],"version-history":[{"count":7,"href":"https:\/\/www.sinergiahumanitaria.cl\/portal\/wp-json\/wp\/v2\/posts\/1195\/revisions"}],"predecessor-version":[{"id":5909,"href":"https:\/\/www.sinergiahumanitaria.cl\/portal\/wp-json\/wp\/v2\/posts\/1195\/revisions\/5909"}],"wp:featuredmedia":[{"embeddable":true,"href":"https:\/\/www.sinergiahumanitaria.cl\/portal\/wp-json\/wp\/v2\/media\/5906"}],"wp:attachment":[{"href":"https:\/\/www.sinergiahumanitaria.cl\/portal\/wp-json\/wp\/v2\/media?parent=1195"}],"wp:term":[{"taxonomy":"category","embeddable":true,"href":"https:\/\/www.sinergiahumanitaria.cl\/portal\/wp-json\/wp\/v2\/categories?post=1195"},{"taxonomy":"post_tag","embeddable":true,"href":"https:\/\/www.sinergiahumanitaria.cl\/portal\/wp-json\/wp\/v2\/tags?post=1195"}],"curies":[{"name":"wp","href":"https:\/\/api.w.org\/{rel}","templated":true}]}}