{"id":1208,"date":"2019-10-15T00:32:03","date_gmt":"2019-10-15T03:32:03","guid":{"rendered":"https:\/\/sinergiahumanitaria.cl\/portal\/?p=1208"},"modified":"2025-09-05T11:31:15","modified_gmt":"2025-09-05T15:31:15","slug":"fundacion-sinergia-humanitaria-llego-hasta-cochrane-con-ayuda-para-bomberos-y-comunidad","status":"publish","type":"post","link":"https:\/\/www.sinergiahumanitaria.cl\/portal\/2019\/10\/15\/fundacion-sinergia-humanitaria-llego-hasta-cochrane-con-ayuda-para-bomberos-y-comunidad\/","title":{"rendered":"Fundaci\u00f3n Sinergia Humanitaria lleg\u00f3 hasta Cochrane con ayuda para bomberos y comunidad"},"content":{"rendered":"<p>Fundaci\u00f3n Sinergia Humanitaria lleg\u00f3 hasta Cochrane con ayuda para bomberos y comunidad<!--more--><\/p>\n<p>https:\/\/www.litoralpress.cl\/sitio\/msolotexto.cshtml?session=344OUQTqVEv45QL6u7MvIl2X0lyVPNHA5UeecPABqhs=<\/p>\n","protected":false},"excerpt":{"rendered":"<p>Fundaci\u00f3n Sinergia Humanitaria lleg\u00f3 hasta Cochrane con ayuda para bomberos y comunidad<\/p>\n","protected":false},"author":1,"featured_media":1209,"comment_status":"closed","ping_status":"open","sticky":false,"template":"","format":"standard","meta":{"footnotes":""},"categories":[14],"tags":[],"class_list":["post-1208","post","type-post","status-publish","format-standard","has-post-thumbnail","hentry","category-noticias"],"yoast_head":"<!-- This site is optimized with the Yoast SEO plugin v27.5 - https:\/\/yoast.com\/product\/yoast-seo-wordpress\/ -->\n<title>Fundaci\u00f3n Sinergia Humanitaria lleg\u00f3 hasta Cochrane con ayuda para bomberos y comunidad - Fundaci\u00f3n Sinergia Humanitaria<\/title>\n<meta name=\"robots\" content=\"index, follow, max-snippet:-1, max-image-preview:large, max-video-preview:-1\" \/>\n<link rel=\"canonical\" href=\"https:\/\/www.sinergiahumanitaria.cl\/portal\/2019\/10\/15\/fundacion-sinergia-humanitaria-llego-hasta-cochrane-con-ayuda-para-bomberos-y-comunidad\/\" \/>\n<meta property=\"og:locale\" content=\"es_ES\" \/>\n<meta property=\"og:type\" content=\"article\" \/>\n<meta property=\"og:title\" content=\"Fundaci\u00f3n Sinergia Humanitaria lleg\u00f3 hasta Cochrane con ayuda para bomberos y comunidad - Fundaci\u00f3n Sinergia Humanitaria\" \/>\n<meta property=\"og:description\" content=\"Fundaci\u00f3n Sinergia Humanitaria lleg\u00f3 hasta Cochrane con ayuda para bomberos y comunidad\" \/>\n<meta property=\"og:url\" content=\"https:\/\/www.sinergiahumanitaria.cl\/portal\/2019\/10\/15\/fundacion-sinergia-humanitaria-llego-hasta-cochrane-con-ayuda-para-bomberos-y-comunidad\/\" \/>\n<meta property=\"og:site_name\" content=\"Fundaci\u00f3n Sinergia Humanitaria\" \/>\n<meta property=\"article:publisher\" content=\"https:\/\/www.facebook.com\/sinergiahumanitaria\/\" \/>\n<meta property=\"article:published_time\" content=\"2019-10-15T03:32:03+00:00\" \/>\n<meta property=\"article:modified_time\" content=\"2025-09-05T15:31:15+00:00\" \/>\n<meta property=\"og:image\" content=\"https:\/\/www.sinergiahumanitaria.cl\/portal\/wp-content\/uploads\/2019\/10\/Get_HL.jpg\" \/>\n\t<meta property=\"og:image:width\" content=\"3258\" \/>\n\t<meta property=\"og:image:height\" content=\"3276\" \/>\n\t<meta property=\"og:image:type\" content=\"image\/jpeg\" \/>\n<meta name=\"author\" content=\"pastudillo\" \/>\n<meta name=\"twitter:card\" content=\"summary_large_image\" \/>\n<meta name=\"twitter:creator\" content=\"@fsinergiah\" \/>\n<meta name=\"twitter:site\" content=\"@fsinergiah\" \/>\n<meta name=\"twitter:label1\" content=\"Escrito por\" \/>\n\t<meta name=\"twitter:data1\" content=\"pastudillo\" \/>\n<script type=\"application\/ld+json\" class=\"yoast-schema-graph\">{\"@context\":\"https:\\\/\\\/schema.org\",\"@graph\":[{\"@type\":\"Article\",\"@id\":\"https:\\\/\\\/www.sinergiahumanitaria.cl\\\/portal\\\/2019\\\/10\\\/15\\\/fundacion-sinergia-humanitaria-llego-hasta-cochrane-con-ayuda-para-bomberos-y-comunidad\\\/#article\",\"isPartOf\":{\"@id\":\"https:\\\/\\\/www.sinergiahumanitaria.cl\\\/portal\\\/2019\\\/10\\\/15\\\/fundacion-sinergia-humanitaria-llego-hasta-cochrane-con-ayuda-para-bomberos-y-comunidad\\\/\"},\"author\":{\"name\":\"pastudillo\",\"@id\":\"https:\\\/\\\/www.sinergiahumanitaria.cl\\\/portal\\\/#\\\/schema\\\/person\\\/e8e4653f85fbcf3e7472bfc4be4c2673\"},\"headline\":\"Fundaci\u00f3n Sinergia Humanitaria lleg\u00f3 hasta Cochrane con ayuda para bomberos y comunidad\",\"datePublished\":\"2019-10-15T03:32:03+00:00\",\"dateModified\":\"2025-09-05T15:31:15+00:00\",\"mainEntityOfPage\":{\"@id\":\"https:\\\/\\\/www.sinergiahumanitaria.cl\\\/portal\\\/2019\\\/10\\\/15\\\/fundacion-sinergia-humanitaria-llego-hasta-cochrane-con-ayuda-para-bomberos-y-comunidad\\\/\"},\"wordCount\":41,\"publisher\":{\"@id\":\"https:\\\/\\\/www.sinergiahumanitaria.cl\\\/portal\\\/#organization\"},\"image\":{\"@id\":\"https:\\\/\\\/www.sinergiahumanitaria.cl\\\/portal\\\/2019\\\/10\\\/15\\\/fundacion-sinergia-humanitaria-llego-hasta-cochrane-con-ayuda-para-bomberos-y-comunidad\\\/#primaryimage\"},\"thumbnailUrl\":\"https:\\\/\\\/www.sinergiahumanitaria.cl\\\/portal\\\/wp-content\\\/uploads\\\/2019\\\/10\\\/Get_HL.jpg\",\"articleSection\":[\"Noticias\"],\"inLanguage\":\"es-CL\"},{\"@type\":\"WebPage\",\"@id\":\"https:\\\/\\\/www.sinergiahumanitaria.cl\\\/portal\\\/2019\\\/10\\\/15\\\/fundacion-sinergia-humanitaria-llego-hasta-cochrane-con-ayuda-para-bomberos-y-comunidad\\\/\",\"url\":\"https:\\\/\\\/www.sinergiahumanitaria.cl\\\/portal\\\/2019\\\/10\\\/15\\\/fundacion-sinergia-humanitaria-llego-hasta-cochrane-con-ayuda-para-bomberos-y-comunidad\\\/\",\"name\":\"Fundaci\u00f3n Sinergia Humanitaria lleg\u00f3 hasta Cochrane con ayuda para bomberos y comunidad - Fundaci\u00f3n Sinergia Humanitaria\",\"isPartOf\":{\"@id\":\"https:\\\/\\\/www.sinergiahumanitaria.cl\\\/portal\\\/#website\"},\"primaryImageOfPage\":{\"@id\":\"https:\\\/\\\/www.sinergiahumanitaria.cl\\\/portal\\\/2019\\\/10\\\/15\\\/fundacion-sinergia-humanitaria-llego-hasta-cochrane-con-ayuda-para-bomberos-y-comunidad\\\/#primaryimage\"},\"image\":{\"@id\":\"https:\\\/\\\/www.sinergiahumanitaria.cl\\\/portal\\\/2019\\\/10\\\/15\\\/fundacion-sinergia-humanitaria-llego-hasta-cochrane-con-ayuda-para-bomberos-y-comunidad\\\/#primaryimage\"},\"thumbnailUrl\":\"https:\\\/\\\/www.sinergiahumanitaria.cl\\\/portal\\\/wp-content\\\/uploads\\\/2019\\\/10\\\/Get_HL.jpg\",\"datePublished\":\"2019-10-15T03:32:03+00:00\",\"dateModified\":\"2025-09-05T15:31:15+00:00\",\"breadcrumb\":{\"@id\":\"https:\\\/\\\/www.sinergiahumanitaria.cl\\\/portal\\\/2019\\\/10\\\/15\\\/fundacion-sinergia-humanitaria-llego-hasta-cochrane-con-ayuda-para-bomberos-y-comunidad\\\/#breadcrumb\"},\"inLanguage\":\"es-CL\",\"potentialAction\":[{\"@type\":\"ReadAction\",\"target\":[\"https:\\\/\\\/www.sinergiahumanitaria.cl\\\/portal\\\/2019\\\/10\\\/15\\\/fundacion-sinergia-humanitaria-llego-hasta-cochrane-con-ayuda-para-bomberos-y-comunidad\\\/\"]}]},{\"@type\":\"ImageObject\",\"inLanguage\":\"es-CL\",\"@id\":\"https:\\\/\\\/www.sinergiahumanitaria.cl\\\/portal\\\/2019\\\/10\\\/15\\\/fundacion-sinergia-humanitaria-llego-hasta-cochrane-con-ayuda-para-bomberos-y-comunidad\\\/#primaryimage\",\"url\":\"https:\\\/\\\/www.sinergiahumanitaria.cl\\\/portal\\\/wp-content\\\/uploads\\\/2019\\\/10\\\/Get_HL.jpg\",\"contentUrl\":\"https:\\\/\\\/www.sinergiahumanitaria.cl\\\/portal\\\/wp-content\\\/uploads\\\/2019\\\/10\\\/Get_HL.jpg\",\"width\":3258,\"height\":3276},{\"@type\":\"BreadcrumbList\",\"@id\":\"https:\\\/\\\/www.sinergiahumanitaria.cl\\\/portal\\\/2019\\\/10\\\/15\\\/fundacion-sinergia-humanitaria-llego-hasta-cochrane-con-ayuda-para-bomberos-y-comunidad\\\/#breadcrumb\",\"itemListElement\":[{\"@type\":\"ListItem\",\"position\":1,\"name\":\"Portada\",\"item\":\"https:\\\/\\\/www.sinergiahumanitaria.cl\\\/portal\\\/\"},{\"@type\":\"ListItem\",\"position\":2,\"name\":\"Fundaci\u00f3n Sinergia Humanitaria lleg\u00f3 hasta Cochrane con ayuda para bomberos y comunidad\"}]},{\"@type\":\"WebSite\",\"@id\":\"https:\\\/\\\/www.sinergiahumanitaria.cl\\\/portal\\\/#website\",\"url\":\"https:\\\/\\\/www.sinergiahumanitaria.cl\\\/portal\\\/\",\"name\":\"Fundaci\u00f3n Sinergia Humanitaria\",\"description\":\"Acci\u00f3n Solidaria desde 2001\",\"publisher\":{\"@id\":\"https:\\\/\\\/www.sinergiahumanitaria.cl\\\/portal\\\/#organization\"},\"potentialAction\":[{\"@type\":\"SearchAction\",\"target\":{\"@type\":\"EntryPoint\",\"urlTemplate\":\"https:\\\/\\\/www.sinergiahumanitaria.cl\\\/portal\\\/?s={search_term_string}\"},\"query-input\":{\"@type\":\"PropertyValueSpecification\",\"valueRequired\":true,\"valueName\":\"search_term_string\"}}],\"inLanguage\":\"es-CL\"},{\"@type\":\"Organization\",\"@id\":\"https:\\\/\\\/www.sinergiahumanitaria.cl\\\/portal\\\/#organization\",\"name\":\"Fundaci\u00f3n Sinergia Humanitaria\",\"url\":\"https:\\\/\\\/www.sinergiahumanitaria.cl\\\/portal\\\/\",\"logo\":{\"@type\":\"ImageObject\",\"inLanguage\":\"es-CL\",\"@id\":\"https:\\\/\\\/www.sinergiahumanitaria.cl\\\/portal\\\/#\\\/schema\\\/logo\\\/image\\\/\",\"url\":\"https:\\\/\\\/www.sinergiahumanitaria.cl\\\/portal\\\/wp-content\\\/uploads\\\/2020\\\/07\\\/LOGO-jpg-scaled.jpg\",\"contentUrl\":\"https:\\\/\\\/www.sinergiahumanitaria.cl\\\/portal\\\/wp-content\\\/uploads\\\/2020\\\/07\\\/LOGO-jpg-scaled.jpg\",\"width\":2560,\"height\":1440,\"caption\":\"Fundaci\u00f3n Sinergia Humanitaria\"},\"image\":{\"@id\":\"https:\\\/\\\/www.sinergiahumanitaria.cl\\\/portal\\\/#\\\/schema\\\/logo\\\/image\\\/\"},\"sameAs\":[\"https:\\\/\\\/www.facebook.com\\\/sinergiahumanitaria\\\/\",\"https:\\\/\\\/x.com\\\/fsinergiah\",\"https:\\\/\\\/www.instagram.com\\\/fsinergiah\\\/\"]},{\"@type\":\"Person\",\"@id\":\"https:\\\/\\\/www.sinergiahumanitaria.cl\\\/portal\\\/#\\\/schema\\\/person\\\/e8e4653f85fbcf3e7472bfc4be4c2673\",\"name\":\"pastudillo\",\"image\":{\"@type\":\"ImageObject\",\"inLanguage\":\"es-CL\",\"@id\":\"https:\\\/\\\/secure.gravatar.com\\\/avatar\\\/24edc107527e6583e7be6e6408f8815c5b03530718f2848cb4875a5502cb9c12?s=96&d=mm&r=g\",\"url\":\"https:\\\/\\\/secure.gravatar.com\\\/avatar\\\/24edc107527e6583e7be6e6408f8815c5b03530718f2848cb4875a5502cb9c12?s=96&d=mm&r=g\",\"contentUrl\":\"https:\\\/\\\/secure.gravatar.com\\\/avatar\\\/24edc107527e6583e7be6e6408f8815c5b03530718f2848cb4875a5502cb9c12?s=96&d=mm&r=g\",\"caption\":\"pastudillo\"},\"url\":\"https:\\\/\\\/www.sinergiahumanitaria.cl\\\/portal\\\/author\\\/pastudillo\\\/\"}]}<\/script>\n<!-- \/ Yoast SEO plugin. -->","yoast_head_json":{"title":"Fundaci\u00f3n Sinergia Humanitaria lleg\u00f3 hasta Cochrane con ayuda para bomberos y comunidad - Fundaci\u00f3n Sinergia Humanitaria","robots":{"index":"index","follow":"follow","max-snippet":"max-snippet:-1","max-image-preview":"max-image-preview:large","max-video-preview":"max-video-preview:-1"},"canonical":"https:\/\/www.sinergiahumanitaria.cl\/portal\/2019\/10\/15\/fundacion-sinergia-humanitaria-llego-hasta-cochrane-con-ayuda-para-bomberos-y-comunidad\/","og_locale":"es_ES","og_type":"article","og_title":"Fundaci\u00f3n Sinergia Humanitaria lleg\u00f3 hasta Cochrane con ayuda para bomberos y comunidad - Fundaci\u00f3n Sinergia Humanitaria","og_description":"Fundaci\u00f3n Sinergia Humanitaria lleg\u00f3 hasta Cochrane con ayuda para bomberos y comunidad","og_url":"https:\/\/www.sinergiahumanitaria.cl\/portal\/2019\/10\/15\/fundacion-sinergia-humanitaria-llego-hasta-cochrane-con-ayuda-para-bomberos-y-comunidad\/","og_site_name":"Fundaci\u00f3n Sinergia Humanitaria","article_publisher":"https:\/\/www.facebook.com\/sinergiahumanitaria\/","article_published_time":"2019-10-15T03:32:03+00:00","article_modified_time":"2025-09-05T15:31:15+00:00","og_image":[{"width":3258,"height":3276,"url":"https:\/\/www.sinergiahumanitaria.cl\/portal\/wp-content\/uploads\/2019\/10\/Get_HL.jpg","type":"image\/jpeg"}],"author":"pastudillo","twitter_card":"summary_large_image","twitter_creator":"@fsinergiah","twitter_site":"@fsinergiah","twitter_misc":{"Escrito por":"pastudillo"},"schema":{"@context":"https:\/\/schema.org","@graph":[{"@type":"Article","@id":"https:\/\/www.sinergiahumanitaria.cl\/portal\/2019\/10\/15\/fundacion-sinergia-humanitaria-llego-hasta-cochrane-con-ayuda-para-bomberos-y-comunidad\/#article","isPartOf":{"@id":"https:\/\/www.sinergiahumanitaria.cl\/portal\/2019\/10\/15\/fundacion-sinergia-humanitaria-llego-hasta-cochrane-con-ayuda-para-bomberos-y-comunidad\/"},"author":{"name":"pastudillo","@id":"https:\/\/www.sinergiahumanitaria.cl\/portal\/#\/schema\/person\/e8e4653f85fbcf3e7472bfc4be4c2673"},"headline":"Fundaci\u00f3n Sinergia Humanitaria lleg\u00f3 hasta Cochrane con ayuda para bomberos y comunidad","datePublished":"2019-10-15T03:32:03+00:00","dateModified":"2025-09-05T15:31:15+00:00","mainEntityOfPage":{"@id":"https:\/\/www.sinergiahumanitaria.cl\/portal\/2019\/10\/15\/fundacion-sinergia-humanitaria-llego-hasta-cochrane-con-ayuda-para-bomberos-y-comunidad\/"},"wordCount":41,"publisher":{"@id":"https:\/\/www.sinergiahumanitaria.cl\/portal\/#organization"},"image":{"@id":"https:\/\/www.sinergiahumanitaria.cl\/portal\/2019\/10\/15\/fundacion-sinergia-humanitaria-llego-hasta-cochrane-con-ayuda-para-bomberos-y-comunidad\/#primaryimage"},"thumbnailUrl":"https:\/\/www.sinergiahumanitaria.cl\/portal\/wp-content\/uploads\/2019\/10\/Get_HL.jpg","articleSection":["Noticias"],"inLanguage":"es-CL"},{"@type":"WebPage","@id":"https:\/\/www.sinergiahumanitaria.cl\/portal\/2019\/10\/15\/fundacion-sinergia-humanitaria-llego-hasta-cochrane-con-ayuda-para-bomberos-y-comunidad\/","url":"https:\/\/www.sinergiahumanitaria.cl\/portal\/2019\/10\/15\/fundacion-sinergia-humanitaria-llego-hasta-cochrane-con-ayuda-para-bomberos-y-comunidad\/","name":"Fundaci\u00f3n Sinergia Humanitaria lleg\u00f3 hasta Cochrane con ayuda para bomberos y comunidad - Fundaci\u00f3n Sinergia Humanitaria","isPartOf":{"@id":"https:\/\/www.sinergiahumanitaria.cl\/portal\/#website"},"primaryImageOfPage":{"@id":"https:\/\/www.sinergiahumanitaria.cl\/portal\/2019\/10\/15\/fundacion-sinergia-humanitaria-llego-hasta-cochrane-con-ayuda-para-bomberos-y-comunidad\/#primaryimage"},"image":{"@id":"https:\/\/www.sinergiahumanitaria.cl\/portal\/2019\/10\/15\/fundacion-sinergia-humanitaria-llego-hasta-cochrane-con-ayuda-para-bomberos-y-comunidad\/#primaryimage"},"thumbnailUrl":"https:\/\/www.sinergiahumanitaria.cl\/portal\/wp-content\/uploads\/2019\/10\/Get_HL.jpg","datePublished":"2019-10-15T03:32:03+00:00","dateModified":"2025-09-05T15:31:15+00:00","breadcrumb":{"@id":"https:\/\/www.sinergiahumanitaria.cl\/portal\/2019\/10\/15\/fundacion-sinergia-humanitaria-llego-hasta-cochrane-con-ayuda-para-bomberos-y-comunidad\/#breadcrumb"},"inLanguage":"es-CL","potentialAction":[{"@type":"ReadAction","target":["https:\/\/www.sinergiahumanitaria.cl\/portal\/2019\/10\/15\/fundacion-sinergia-humanitaria-llego-hasta-cochrane-con-ayuda-para-bomberos-y-comunidad\/"]}]},{"@type":"ImageObject","inLanguage":"es-CL","@id":"https:\/\/www.sinergiahumanitaria.cl\/portal\/2019\/10\/15\/fundacion-sinergia-humanitaria-llego-hasta-cochrane-con-ayuda-para-bomberos-y-comunidad\/#primaryimage","url":"https:\/\/www.sinergiahumanitaria.cl\/portal\/wp-content\/uploads\/2019\/10\/Get_HL.jpg","contentUrl":"https:\/\/www.sinergiahumanitaria.cl\/portal\/wp-content\/uploads\/2019\/10\/Get_HL.jpg","width":3258,"height":3276},{"@type":"BreadcrumbList","@id":"https:\/\/www.sinergiahumanitaria.cl\/portal\/2019\/10\/15\/fundacion-sinergia-humanitaria-llego-hasta-cochrane-con-ayuda-para-bomberos-y-comunidad\/#breadcrumb","itemListElement":[{"@type":"ListItem","position":1,"name":"Portada","item":"https:\/\/www.sinergiahumanitaria.cl\/portal\/"},{"@type":"ListItem","position":2,"name":"Fundaci\u00f3n Sinergia Humanitaria lleg\u00f3 hasta Cochrane con ayuda para bomberos y comunidad"}]},{"@type":"WebSite","@id":"https:\/\/www.sinergiahumanitaria.cl\/portal\/#website","url":"https:\/\/www.sinergiahumanitaria.cl\/portal\/","name":"Fundaci\u00f3n Sinergia Humanitaria","description":"Acci\u00f3n Solidaria desde 2001","publisher":{"@id":"https:\/\/www.sinergiahumanitaria.cl\/portal\/#organization"},"potentialAction":[{"@type":"SearchAction","target":{"@type":"EntryPoint","urlTemplate":"https:\/\/www.sinergiahumanitaria.cl\/portal\/?s={search_term_string}"},"query-input":{"@type":"PropertyValueSpecification","valueRequired":true,"valueName":"search_term_string"}}],"inLanguage":"es-CL"},{"@type":"Organization","@id":"https:\/\/www.sinergiahumanitaria.cl\/portal\/#organization","name":"Fundaci\u00f3n Sinergia Humanitaria","url":"https:\/\/www.sinergiahumanitaria.cl\/portal\/","logo":{"@type":"ImageObject","inLanguage":"es-CL","@id":"https:\/\/www.sinergiahumanitaria.cl\/portal\/#\/schema\/logo\/image\/","url":"https:\/\/www.sinergiahumanitaria.cl\/portal\/wp-content\/uploads\/2020\/07\/LOGO-jpg-scaled.jpg","contentUrl":"https:\/\/www.sinergiahumanitaria.cl\/portal\/wp-content\/uploads\/2020\/07\/LOGO-jpg-scaled.jpg","width":2560,"height":1440,"caption":"Fundaci\u00f3n Sinergia Humanitaria"},"image":{"@id":"https:\/\/www.sinergiahumanitaria.cl\/portal\/#\/schema\/logo\/image\/"},"sameAs":["https:\/\/www.facebook.com\/sinergiahumanitaria\/","https:\/\/x.com\/fsinergiah","https:\/\/www.instagram.com\/fsinergiah\/"]},{"@type":"Person","@id":"https:\/\/www.sinergiahumanitaria.cl\/portal\/#\/schema\/person\/e8e4653f85fbcf3e7472bfc4be4c2673","name":"pastudillo","image":{"@type":"ImageObject","inLanguage":"es-CL","@id":"https:\/\/secure.gravatar.com\/avatar\/24edc107527e6583e7be6e6408f8815c5b03530718f2848cb4875a5502cb9c12?s=96&d=mm&r=g","url":"https:\/\/secure.gravatar.com\/avatar\/24edc107527e6583e7be6e6408f8815c5b03530718f2848cb4875a5502cb9c12?s=96&d=mm&r=g","contentUrl":"https:\/\/secure.gravatar.com\/avatar\/24edc107527e6583e7be6e6408f8815c5b03530718f2848cb4875a5502cb9c12?s=96&d=mm&r=g","caption":"pastudillo"},"url":"https:\/\/www.sinergiahumanitaria.cl\/portal\/author\/pastudillo\/"}]}},"_links":{"self":[{"href":"https:\/\/www.sinergiahumanitaria.cl\/portal\/wp-json\/wp\/v2\/posts\/1208","targetHints":{"allow":["GET"]}}],"collection":[{"href":"https:\/\/www.sinergiahumanitaria.cl\/portal\/wp-json\/wp\/v2\/posts"}],"about":[{"href":"https:\/\/www.sinergiahumanitaria.cl\/portal\/wp-json\/wp\/v2\/types\/post"}],"author":[{"embeddable":true,"href":"https:\/\/www.sinergiahumanitaria.cl\/portal\/wp-json\/wp\/v2\/users\/1"}],"replies":[{"embeddable":true,"href":"https:\/\/www.sinergiahumanitaria.cl\/portal\/wp-json\/wp\/v2\/comments?post=1208"}],"version-history":[{"count":4,"href":"https:\/\/www.sinergiahumanitaria.cl\/portal\/wp-json\/wp\/v2\/posts\/1208\/revisions"}],"predecessor-version":[{"id":5105,"href":"https:\/\/www.sinergiahumanitaria.cl\/portal\/wp-json\/wp\/v2\/posts\/1208\/revisions\/5105"}],"wp:featuredmedia":[{"embeddable":true,"href":"https:\/\/www.sinergiahumanitaria.cl\/portal\/wp-json\/wp\/v2\/media\/1209"}],"wp:attachment":[{"href":"https:\/\/www.sinergiahumanitaria.cl\/portal\/wp-json\/wp\/v2\/media?parent=1208"}],"wp:term":[{"taxonomy":"category","embeddable":true,"href":"https:\/\/www.sinergiahumanitaria.cl\/portal\/wp-json\/wp\/v2\/categories?post=1208"},{"taxonomy":"post_tag","embeddable":true,"href":"https:\/\/www.sinergiahumanitaria.cl\/portal\/wp-json\/wp\/v2\/tags?post=1208"}],"curies":[{"name":"wp","href":"https:\/\/api.w.org\/{rel}","templated":true}]}}