{"id":5974,"date":"2020-08-18T13:58:14","date_gmt":"2020-08-18T17:58:14","guid":{"rendered":"https:\/\/www.sinergiahumanitaria.cl\/portal\/?p=5974"},"modified":"2020-08-18T13:58:14","modified_gmt":"2020-08-18T17:58:14","slug":"correcto-uso-de-elementos-de-proteccion-personal","status":"publish","type":"post","link":"https:\/\/www.sinergiahumanitaria.cl\/portal\/2020\/08\/18\/correcto-uso-de-elementos-de-proteccion-personal\/","title":{"rendered":"Correcto uso de elementos de protecci\u00f3n personal"},"content":{"rendered":"<p>La pandemia est\u00e1 lejos de terminar, y nuestros #AdultosMayores siempre est\u00e1n en riesgo. Debemos tomar todas las medidas de protecci\u00f3n necesarias cuando vayamos a interactuar con ellos. Ac\u00e1 les dejamos un interesante video explicativo del c\u00f3mo usar los elementos de protecci\u00f3n.<br \/>\n#AdultosMayores #Qu\u00e9dateEnCasa<\/p>\n<div id=\"fb-root\"><\/div>\n<p><script async=\"1\" defer=\"1\" crossorigin=\"anonymous\" src=\"https:\/\/connect.facebook.net\/es_LA\/sdk.js#xfbml=1&amp;version=v8.0\" nonce=\"lzkR1rT0\"><\/script><\/p>\n<div class=\"fb-post\" data-href=\"https:\/\/www.facebook.com\/permalink.php?story_fbid=670039556931243&amp;id=129431804325357\" data-width=\"750\">\n<blockquote cite=\"https:\/\/www.facebook.com\/permalink.php?story_fbid=670039556931243&amp;id=129431804325357\" class=\"fb-xfbml-parse-ignore\">\n<p>\ud83d\uded1La pandemia est\u00e1 lejos de terminar, y nuestros #AdultosMayores siempre est\u00e1n en riesgo. Debemos tomar todas las medidas&#8230;<\/p>\n<p>Publicado por <a href=\"https:\/\/www.facebook.com\/Fundaci&#xf3;n-Sinergia-Humanitaria-129431804325357\/\">Fundaci\u00f3n Sinergia Humanitaria<\/a> en&nbsp;<a href=\"https:\/\/www.facebook.com\/permalink.php?story_fbid=670039556931243&amp;id=129431804325357\">Martes, 18 de agosto de 2020<\/a><\/p><\/blockquote>\n<\/div>\n","protected":false},"excerpt":{"rendered":"<p>La pandemia est\u00e1 lejos de terminar, y nuestros #AdultosMayores siempre est\u00e1n en riesgo. Debemos tomar todas las medidas de protecci\u00f3n necesarias cuando vayamos a interactuar con ellos. Ac\u00e1 les dejamos un interesante video explicativo del c\u00f3mo usar los elementos de protecci\u00f3n. #AdultosMayores #Qu\u00e9dateEnCasa \ud83d\uded1La pandemia est\u00e1 lejos de terminar, y nuestros #AdultosMayores siempre est\u00e1n en [&hellip;]<\/p>\n","protected":false},"author":5,"featured_media":5975,"comment_status":"closed","ping_status":"open","sticky":false,"template":"","format":"standard","meta":{"footnotes":""},"categories":[14],"tags":[],"class_list":["post-5974","post","type-post","status-publish","format-standard","has-post-thumbnail","hentry","category-noticias"],"yoast_head":"<!-- This site is optimized with the Yoast SEO plugin v27.4 - https:\/\/yoast.com\/product\/yoast-seo-wordpress\/ -->\n<title>Correcto uso de elementos de protecci\u00f3n personal - Fundaci\u00f3n Sinergia Humanitaria<\/title>\n<meta name=\"robots\" content=\"index, follow, max-snippet:-1, max-image-preview:large, max-video-preview:-1\" \/>\n<link rel=\"canonical\" href=\"https:\/\/www.sinergiahumanitaria.cl\/portal\/2020\/08\/18\/correcto-uso-de-elementos-de-proteccion-personal\/\" \/>\n<meta property=\"og:locale\" content=\"es_ES\" \/>\n<meta property=\"og:type\" content=\"article\" \/>\n<meta property=\"og:title\" content=\"Correcto uso de elementos de protecci\u00f3n personal - Fundaci\u00f3n Sinergia Humanitaria\" \/>\n<meta property=\"og:description\" content=\"La pandemia est\u00e1 lejos de terminar, y nuestros #AdultosMayores siempre est\u00e1n en riesgo. Debemos tomar todas las medidas de protecci\u00f3n necesarias cuando vayamos a interactuar con ellos. Ac\u00e1 les dejamos un interesante video explicativo del c\u00f3mo usar los elementos de protecci\u00f3n. #AdultosMayores #Qu\u00e9dateEnCasa \ud83d\uded1La pandemia est\u00e1 lejos de terminar, y nuestros #AdultosMayores siempre est\u00e1n en [&hellip;]\" \/>\n<meta property=\"og:url\" content=\"https:\/\/www.sinergiahumanitaria.cl\/portal\/2020\/08\/18\/correcto-uso-de-elementos-de-proteccion-personal\/\" \/>\n<meta property=\"og:site_name\" content=\"Fundaci\u00f3n Sinergia Humanitaria\" \/>\n<meta property=\"article:publisher\" content=\"https:\/\/www.facebook.com\/sinergiahumanitaria\/\" \/>\n<meta property=\"article:published_time\" content=\"2020-08-18T17:58:14+00:00\" \/>\n<meta property=\"og:image\" content=\"https:\/\/www.sinergiahumanitaria.cl\/portal\/wp-content\/uploads\/2020\/08\/543.jpeg\" \/>\n\t<meta property=\"og:image:width\" content=\"1280\" \/>\n\t<meta property=\"og:image:height\" content=\"720\" \/>\n\t<meta property=\"og:image:type\" content=\"image\/jpeg\" \/>\n<meta name=\"twitter:card\" content=\"summary_large_image\" \/>\n<meta name=\"twitter:creator\" content=\"@fsinergiah\" \/>\n<meta name=\"twitter:site\" content=\"@fsinergiah\" \/>\n<meta name=\"twitter:label1\" content=\"Escrito por\" \/>\n\t<meta name=\"twitter:data1\" content=\"\" \/>\n<script type=\"application\/ld+json\" class=\"yoast-schema-graph\">{\"@context\":\"https:\\\/\\\/schema.org\",\"@graph\":[{\"@type\":\"Article\",\"@id\":\"https:\\\/\\\/www.sinergiahumanitaria.cl\\\/portal\\\/2020\\\/08\\\/18\\\/correcto-uso-de-elementos-de-proteccion-personal\\\/#article\",\"isPartOf\":{\"@id\":\"https:\\\/\\\/www.sinergiahumanitaria.cl\\\/portal\\\/2020\\\/08\\\/18\\\/correcto-uso-de-elementos-de-proteccion-personal\\\/\"},\"author\":{\"name\":\"\",\"@id\":\"\"},\"headline\":\"Correcto uso de elementos de protecci\u00f3n personal\",\"datePublished\":\"2020-08-18T17:58:14+00:00\",\"mainEntityOfPage\":{\"@id\":\"https:\\\/\\\/www.sinergiahumanitaria.cl\\\/portal\\\/2020\\\/08\\\/18\\\/correcto-uso-de-elementos-de-proteccion-personal\\\/\"},\"wordCount\":65,\"publisher\":{\"@id\":\"https:\\\/\\\/www.sinergiahumanitaria.cl\\\/portal\\\/#organization\"},\"image\":{\"@id\":\"https:\\\/\\\/www.sinergiahumanitaria.cl\\\/portal\\\/2020\\\/08\\\/18\\\/correcto-uso-de-elementos-de-proteccion-personal\\\/#primaryimage\"},\"thumbnailUrl\":\"https:\\\/\\\/www.sinergiahumanitaria.cl\\\/portal\\\/wp-content\\\/uploads\\\/2020\\\/08\\\/543.jpeg\",\"articleSection\":[\"Noticias\"],\"inLanguage\":\"es-CL\"},{\"@type\":\"WebPage\",\"@id\":\"https:\\\/\\\/www.sinergiahumanitaria.cl\\\/portal\\\/2020\\\/08\\\/18\\\/correcto-uso-de-elementos-de-proteccion-personal\\\/\",\"url\":\"https:\\\/\\\/www.sinergiahumanitaria.cl\\\/portal\\\/2020\\\/08\\\/18\\\/correcto-uso-de-elementos-de-proteccion-personal\\\/\",\"name\":\"Correcto uso de elementos de protecci\u00f3n personal - Fundaci\u00f3n Sinergia Humanitaria\",\"isPartOf\":{\"@id\":\"https:\\\/\\\/www.sinergiahumanitaria.cl\\\/portal\\\/#website\"},\"primaryImageOfPage\":{\"@id\":\"https:\\\/\\\/www.sinergiahumanitaria.cl\\\/portal\\\/2020\\\/08\\\/18\\\/correcto-uso-de-elementos-de-proteccion-personal\\\/#primaryimage\"},\"image\":{\"@id\":\"https:\\\/\\\/www.sinergiahumanitaria.cl\\\/portal\\\/2020\\\/08\\\/18\\\/correcto-uso-de-elementos-de-proteccion-personal\\\/#primaryimage\"},\"thumbnailUrl\":\"https:\\\/\\\/www.sinergiahumanitaria.cl\\\/portal\\\/wp-content\\\/uploads\\\/2020\\\/08\\\/543.jpeg\",\"datePublished\":\"2020-08-18T17:58:14+00:00\",\"breadcrumb\":{\"@id\":\"https:\\\/\\\/www.sinergiahumanitaria.cl\\\/portal\\\/2020\\\/08\\\/18\\\/correcto-uso-de-elementos-de-proteccion-personal\\\/#breadcrumb\"},\"inLanguage\":\"es-CL\",\"potentialAction\":[{\"@type\":\"ReadAction\",\"target\":[\"https:\\\/\\\/www.sinergiahumanitaria.cl\\\/portal\\\/2020\\\/08\\\/18\\\/correcto-uso-de-elementos-de-proteccion-personal\\\/\"]}]},{\"@type\":\"ImageObject\",\"inLanguage\":\"es-CL\",\"@id\":\"https:\\\/\\\/www.sinergiahumanitaria.cl\\\/portal\\\/2020\\\/08\\\/18\\\/correcto-uso-de-elementos-de-proteccion-personal\\\/#primaryimage\",\"url\":\"https:\\\/\\\/www.sinergiahumanitaria.cl\\\/portal\\\/wp-content\\\/uploads\\\/2020\\\/08\\\/543.jpeg\",\"contentUrl\":\"https:\\\/\\\/www.sinergiahumanitaria.cl\\\/portal\\\/wp-content\\\/uploads\\\/2020\\\/08\\\/543.jpeg\",\"width\":1280,\"height\":720},{\"@type\":\"BreadcrumbList\",\"@id\":\"https:\\\/\\\/www.sinergiahumanitaria.cl\\\/portal\\\/2020\\\/08\\\/18\\\/correcto-uso-de-elementos-de-proteccion-personal\\\/#breadcrumb\",\"itemListElement\":[{\"@type\":\"ListItem\",\"position\":1,\"name\":\"Portada\",\"item\":\"https:\\\/\\\/www.sinergiahumanitaria.cl\\\/portal\\\/\"},{\"@type\":\"ListItem\",\"position\":2,\"name\":\"Correcto uso de elementos de protecci\u00f3n personal\"}]},{\"@type\":\"WebSite\",\"@id\":\"https:\\\/\\\/www.sinergiahumanitaria.cl\\\/portal\\\/#website\",\"url\":\"https:\\\/\\\/www.sinergiahumanitaria.cl\\\/portal\\\/\",\"name\":\"Fundaci\u00f3n Sinergia Humanitaria\",\"description\":\"Acci\u00f3n Solidaria desde 2001\",\"publisher\":{\"@id\":\"https:\\\/\\\/www.sinergiahumanitaria.cl\\\/portal\\\/#organization\"},\"potentialAction\":[{\"@type\":\"SearchAction\",\"target\":{\"@type\":\"EntryPoint\",\"urlTemplate\":\"https:\\\/\\\/www.sinergiahumanitaria.cl\\\/portal\\\/?s={search_term_string}\"},\"query-input\":{\"@type\":\"PropertyValueSpecification\",\"valueRequired\":true,\"valueName\":\"search_term_string\"}}],\"inLanguage\":\"es-CL\"},{\"@type\":\"Organization\",\"@id\":\"https:\\\/\\\/www.sinergiahumanitaria.cl\\\/portal\\\/#organization\",\"name\":\"Fundaci\u00f3n Sinergia Humanitaria\",\"url\":\"https:\\\/\\\/www.sinergiahumanitaria.cl\\\/portal\\\/\",\"logo\":{\"@type\":\"ImageObject\",\"inLanguage\":\"es-CL\",\"@id\":\"https:\\\/\\\/www.sinergiahumanitaria.cl\\\/portal\\\/#\\\/schema\\\/logo\\\/image\\\/\",\"url\":\"https:\\\/\\\/www.sinergiahumanitaria.cl\\\/portal\\\/wp-content\\\/uploads\\\/2020\\\/07\\\/LOGO-jpg-scaled.jpg\",\"contentUrl\":\"https:\\\/\\\/www.sinergiahumanitaria.cl\\\/portal\\\/wp-content\\\/uploads\\\/2020\\\/07\\\/LOGO-jpg-scaled.jpg\",\"width\":2560,\"height\":1440,\"caption\":\"Fundaci\u00f3n Sinergia Humanitaria\"},\"image\":{\"@id\":\"https:\\\/\\\/www.sinergiahumanitaria.cl\\\/portal\\\/#\\\/schema\\\/logo\\\/image\\\/\"},\"sameAs\":[\"https:\\\/\\\/www.facebook.com\\\/sinergiahumanitaria\\\/\",\"https:\\\/\\\/x.com\\\/fsinergiah\",\"https:\\\/\\\/www.instagram.com\\\/fsinergiah\\\/\"]},{\"@type\":\"Person\",\"@id\":\"\",\"url\":\"https:\\\/\\\/www.sinergiahumanitaria.cl\\\/portal\\\/author\\\/\"}]}<\/script>\n<!-- \/ Yoast SEO plugin. -->","yoast_head_json":{"title":"Correcto uso de elementos de protecci\u00f3n personal - Fundaci\u00f3n Sinergia Humanitaria","robots":{"index":"index","follow":"follow","max-snippet":"max-snippet:-1","max-image-preview":"max-image-preview:large","max-video-preview":"max-video-preview:-1"},"canonical":"https:\/\/www.sinergiahumanitaria.cl\/portal\/2020\/08\/18\/correcto-uso-de-elementos-de-proteccion-personal\/","og_locale":"es_ES","og_type":"article","og_title":"Correcto uso de elementos de protecci\u00f3n personal - Fundaci\u00f3n Sinergia Humanitaria","og_description":"La pandemia est\u00e1 lejos de terminar, y nuestros #AdultosMayores siempre est\u00e1n en riesgo. Debemos tomar todas las medidas de protecci\u00f3n necesarias cuando vayamos a interactuar con ellos. Ac\u00e1 les dejamos un interesante video explicativo del c\u00f3mo usar los elementos de protecci\u00f3n. #AdultosMayores #Qu\u00e9dateEnCasa \ud83d\uded1La pandemia est\u00e1 lejos de terminar, y nuestros #AdultosMayores siempre est\u00e1n en [&hellip;]","og_url":"https:\/\/www.sinergiahumanitaria.cl\/portal\/2020\/08\/18\/correcto-uso-de-elementos-de-proteccion-personal\/","og_site_name":"Fundaci\u00f3n Sinergia Humanitaria","article_publisher":"https:\/\/www.facebook.com\/sinergiahumanitaria\/","article_published_time":"2020-08-18T17:58:14+00:00","og_image":[{"width":1280,"height":720,"url":"https:\/\/www.sinergiahumanitaria.cl\/portal\/wp-content\/uploads\/2020\/08\/543.jpeg","type":"image\/jpeg"}],"twitter_card":"summary_large_image","twitter_creator":"@fsinergiah","twitter_site":"@fsinergiah","twitter_misc":{"Escrito por":""},"schema":{"@context":"https:\/\/schema.org","@graph":[{"@type":"Article","@id":"https:\/\/www.sinergiahumanitaria.cl\/portal\/2020\/08\/18\/correcto-uso-de-elementos-de-proteccion-personal\/#article","isPartOf":{"@id":"https:\/\/www.sinergiahumanitaria.cl\/portal\/2020\/08\/18\/correcto-uso-de-elementos-de-proteccion-personal\/"},"author":{"name":"","@id":""},"headline":"Correcto uso de elementos de protecci\u00f3n personal","datePublished":"2020-08-18T17:58:14+00:00","mainEntityOfPage":{"@id":"https:\/\/www.sinergiahumanitaria.cl\/portal\/2020\/08\/18\/correcto-uso-de-elementos-de-proteccion-personal\/"},"wordCount":65,"publisher":{"@id":"https:\/\/www.sinergiahumanitaria.cl\/portal\/#organization"},"image":{"@id":"https:\/\/www.sinergiahumanitaria.cl\/portal\/2020\/08\/18\/correcto-uso-de-elementos-de-proteccion-personal\/#primaryimage"},"thumbnailUrl":"https:\/\/www.sinergiahumanitaria.cl\/portal\/wp-content\/uploads\/2020\/08\/543.jpeg","articleSection":["Noticias"],"inLanguage":"es-CL"},{"@type":"WebPage","@id":"https:\/\/www.sinergiahumanitaria.cl\/portal\/2020\/08\/18\/correcto-uso-de-elementos-de-proteccion-personal\/","url":"https:\/\/www.sinergiahumanitaria.cl\/portal\/2020\/08\/18\/correcto-uso-de-elementos-de-proteccion-personal\/","name":"Correcto uso de elementos de protecci\u00f3n personal - Fundaci\u00f3n Sinergia Humanitaria","isPartOf":{"@id":"https:\/\/www.sinergiahumanitaria.cl\/portal\/#website"},"primaryImageOfPage":{"@id":"https:\/\/www.sinergiahumanitaria.cl\/portal\/2020\/08\/18\/correcto-uso-de-elementos-de-proteccion-personal\/#primaryimage"},"image":{"@id":"https:\/\/www.sinergiahumanitaria.cl\/portal\/2020\/08\/18\/correcto-uso-de-elementos-de-proteccion-personal\/#primaryimage"},"thumbnailUrl":"https:\/\/www.sinergiahumanitaria.cl\/portal\/wp-content\/uploads\/2020\/08\/543.jpeg","datePublished":"2020-08-18T17:58:14+00:00","breadcrumb":{"@id":"https:\/\/www.sinergiahumanitaria.cl\/portal\/2020\/08\/18\/correcto-uso-de-elementos-de-proteccion-personal\/#breadcrumb"},"inLanguage":"es-CL","potentialAction":[{"@type":"ReadAction","target":["https:\/\/www.sinergiahumanitaria.cl\/portal\/2020\/08\/18\/correcto-uso-de-elementos-de-proteccion-personal\/"]}]},{"@type":"ImageObject","inLanguage":"es-CL","@id":"https:\/\/www.sinergiahumanitaria.cl\/portal\/2020\/08\/18\/correcto-uso-de-elementos-de-proteccion-personal\/#primaryimage","url":"https:\/\/www.sinergiahumanitaria.cl\/portal\/wp-content\/uploads\/2020\/08\/543.jpeg","contentUrl":"https:\/\/www.sinergiahumanitaria.cl\/portal\/wp-content\/uploads\/2020\/08\/543.jpeg","width":1280,"height":720},{"@type":"BreadcrumbList","@id":"https:\/\/www.sinergiahumanitaria.cl\/portal\/2020\/08\/18\/correcto-uso-de-elementos-de-proteccion-personal\/#breadcrumb","itemListElement":[{"@type":"ListItem","position":1,"name":"Portada","item":"https:\/\/www.sinergiahumanitaria.cl\/portal\/"},{"@type":"ListItem","position":2,"name":"Correcto uso de elementos de protecci\u00f3n personal"}]},{"@type":"WebSite","@id":"https:\/\/www.sinergiahumanitaria.cl\/portal\/#website","url":"https:\/\/www.sinergiahumanitaria.cl\/portal\/","name":"Fundaci\u00f3n Sinergia Humanitaria","description":"Acci\u00f3n Solidaria desde 2001","publisher":{"@id":"https:\/\/www.sinergiahumanitaria.cl\/portal\/#organization"},"potentialAction":[{"@type":"SearchAction","target":{"@type":"EntryPoint","urlTemplate":"https:\/\/www.sinergiahumanitaria.cl\/portal\/?s={search_term_string}"},"query-input":{"@type":"PropertyValueSpecification","valueRequired":true,"valueName":"search_term_string"}}],"inLanguage":"es-CL"},{"@type":"Organization","@id":"https:\/\/www.sinergiahumanitaria.cl\/portal\/#organization","name":"Fundaci\u00f3n Sinergia Humanitaria","url":"https:\/\/www.sinergiahumanitaria.cl\/portal\/","logo":{"@type":"ImageObject","inLanguage":"es-CL","@id":"https:\/\/www.sinergiahumanitaria.cl\/portal\/#\/schema\/logo\/image\/","url":"https:\/\/www.sinergiahumanitaria.cl\/portal\/wp-content\/uploads\/2020\/07\/LOGO-jpg-scaled.jpg","contentUrl":"https:\/\/www.sinergiahumanitaria.cl\/portal\/wp-content\/uploads\/2020\/07\/LOGO-jpg-scaled.jpg","width":2560,"height":1440,"caption":"Fundaci\u00f3n Sinergia Humanitaria"},"image":{"@id":"https:\/\/www.sinergiahumanitaria.cl\/portal\/#\/schema\/logo\/image\/"},"sameAs":["https:\/\/www.facebook.com\/sinergiahumanitaria\/","https:\/\/x.com\/fsinergiah","https:\/\/www.instagram.com\/fsinergiah\/"]},{"@type":"Person","@id":"","url":"https:\/\/www.sinergiahumanitaria.cl\/portal\/author\/"}]}},"_links":{"self":[{"href":"https:\/\/www.sinergiahumanitaria.cl\/portal\/wp-json\/wp\/v2\/posts\/5974","targetHints":{"allow":["GET"]}}],"collection":[{"href":"https:\/\/www.sinergiahumanitaria.cl\/portal\/wp-json\/wp\/v2\/posts"}],"about":[{"href":"https:\/\/www.sinergiahumanitaria.cl\/portal\/wp-json\/wp\/v2\/types\/post"}],"author":[{"embeddable":true,"href":"https:\/\/www.sinergiahumanitaria.cl\/portal\/wp-json\/wp\/v2\/users\/5"}],"replies":[{"embeddable":true,"href":"https:\/\/www.sinergiahumanitaria.cl\/portal\/wp-json\/wp\/v2\/comments?post=5974"}],"version-history":[{"count":1,"href":"https:\/\/www.sinergiahumanitaria.cl\/portal\/wp-json\/wp\/v2\/posts\/5974\/revisions"}],"predecessor-version":[{"id":5976,"href":"https:\/\/www.sinergiahumanitaria.cl\/portal\/wp-json\/wp\/v2\/posts\/5974\/revisions\/5976"}],"wp:featuredmedia":[{"embeddable":true,"href":"https:\/\/www.sinergiahumanitaria.cl\/portal\/wp-json\/wp\/v2\/media\/5975"}],"wp:attachment":[{"href":"https:\/\/www.sinergiahumanitaria.cl\/portal\/wp-json\/wp\/v2\/media?parent=5974"}],"wp:term":[{"taxonomy":"category","embeddable":true,"href":"https:\/\/www.sinergiahumanitaria.cl\/portal\/wp-json\/wp\/v2\/categories?post=5974"},{"taxonomy":"post_tag","embeddable":true,"href":"https:\/\/www.sinergiahumanitaria.cl\/portal\/wp-json\/wp\/v2\/tags?post=5974"}],"curies":[{"name":"wp","href":"https:\/\/api.w.org\/{rel}","templated":true}]}}