{"id":6002,"date":"2020-09-17T14:56:17","date_gmt":"2020-09-17T17:56:17","guid":{"rendered":"https:\/\/www.sinergiahumanitaria.cl\/portal\/?p=6002"},"modified":"2020-09-17T16:32:26","modified_gmt":"2020-09-17T19:32:26","slug":"nuestros-agradecimientos-a-brigada-maipo","status":"publish","type":"post","link":"https:\/\/www.sinergiahumanitaria.cl\/portal\/2020\/09\/17\/nuestros-agradecimientos-a-brigada-maipo\/","title":{"rendered":"Nuestros agradecimientos a Ej\u00e9rcito de Chile"},"content":{"rendered":"<p>Como Presidenta de la Fundaci\u00f3n Sinergia  Humanitaria, agradezco el<br \/>\nenorme apoyo del Ej\u00e9rcito de Chile y en  especial al Coronel<br \/>\nArturo Gallardo Paredes, Comandante del Regimiento n\u00b0 2 \u201cMaipo\u201d, por darnos<br \/>\ntodo el apoyo log\u00edstico y de almacenaje del material que entregamos<br \/>\na los 125 hogares de larga estad\u00eda y 5 cvt de la Regi\u00f3n de Valpara\u00edso.<\/p>\n<p>\ud83d\udc4f\ud83c\udffb\ud83d\udc4f\ud83c\udffb\u2764\ufe0f&#8221;Cuando todos y todas vibramos en la misma sinton\u00eda, con un objetivo claro, se logran cosas maravillosas&#8221;.<br \/>\n#AdultosMayores #sinergiahumanitaria #ayudahumanitaria<\/p>\n","protected":false},"excerpt":{"rendered":"<p>Como Presidenta de la Fundaci\u00f3n Sinergia Humanitaria, agradezco el enorme apoyo del Ej\u00e9rcito de Chile y en especial al Coronel Arturo Gallardo Paredes, Comandante del Regimiento n\u00b0 2 \u201cMaipo\u201d, por darnos todo el apoyo log\u00edstico y de almacenaje del material que entregamos a los 125 hogares de larga estad\u00eda y 5 cvt de la Regi\u00f3n [&hellip;]<\/p>\n","protected":false},"author":5,"featured_media":6007,"comment_status":"closed","ping_status":"open","sticky":false,"template":"","format":"standard","meta":{"footnotes":""},"categories":[14],"tags":[],"class_list":["post-6002","post","type-post","status-publish","format-standard","has-post-thumbnail","hentry","category-noticias","qodef-post--popular"],"yoast_head":"<!-- This site is optimized with the Yoast SEO plugin v27.4 - https:\/\/yoast.com\/product\/yoast-seo-wordpress\/ -->\n<title>Nuestros agradecimientos a Ej\u00e9rcito de Chile - Fundaci\u00f3n Sinergia Humanitaria<\/title>\n<meta name=\"robots\" content=\"index, follow, max-snippet:-1, max-image-preview:large, max-video-preview:-1\" \/>\n<link rel=\"canonical\" href=\"https:\/\/www.sinergiahumanitaria.cl\/portal\/2020\/09\/17\/nuestros-agradecimientos-a-brigada-maipo\/\" \/>\n<meta property=\"og:locale\" content=\"es_ES\" \/>\n<meta property=\"og:type\" content=\"article\" \/>\n<meta property=\"og:title\" content=\"Nuestros agradecimientos a Ej\u00e9rcito de Chile - Fundaci\u00f3n Sinergia Humanitaria\" \/>\n<meta property=\"og:description\" content=\"Como Presidenta de la Fundaci\u00f3n Sinergia Humanitaria, agradezco el enorme apoyo del Ej\u00e9rcito de Chile y en especial al Coronel Arturo Gallardo Paredes, Comandante del Regimiento n\u00b0 2 \u201cMaipo\u201d, por darnos todo el apoyo log\u00edstico y de almacenaje del material que entregamos a los 125 hogares de larga estad\u00eda y 5 cvt de la Regi\u00f3n [&hellip;]\" \/>\n<meta property=\"og:url\" content=\"https:\/\/www.sinergiahumanitaria.cl\/portal\/2020\/09\/17\/nuestros-agradecimientos-a-brigada-maipo\/\" \/>\n<meta property=\"og:site_name\" content=\"Fundaci\u00f3n Sinergia Humanitaria\" \/>\n<meta property=\"article:publisher\" content=\"https:\/\/www.facebook.com\/sinergiahumanitaria\/\" \/>\n<meta property=\"article:published_time\" content=\"2020-09-17T17:56:17+00:00\" \/>\n<meta property=\"article:modified_time\" content=\"2020-09-17T19:32:26+00:00\" \/>\n<meta property=\"og:image\" content=\"https:\/\/www.sinergiahumanitaria.cl\/portal\/wp-content\/uploads\/2020\/09\/F526AC78-EBB8-4BA1-B057-04884F505D7F.jpeg\" \/>\n\t<meta property=\"og:image:width\" content=\"860\" \/>\n\t<meta property=\"og:image:height\" content=\"710\" \/>\n\t<meta property=\"og:image:type\" content=\"image\/jpeg\" \/>\n<meta name=\"twitter:card\" content=\"summary_large_image\" \/>\n<meta name=\"twitter:creator\" content=\"@fsinergiah\" \/>\n<meta name=\"twitter:site\" content=\"@fsinergiah\" \/>\n<meta name=\"twitter:label1\" content=\"Escrito por\" \/>\n\t<meta name=\"twitter:data1\" content=\"\" \/>\n<script type=\"application\/ld+json\" class=\"yoast-schema-graph\">{\"@context\":\"https:\\\/\\\/schema.org\",\"@graph\":[{\"@type\":\"Article\",\"@id\":\"https:\\\/\\\/www.sinergiahumanitaria.cl\\\/portal\\\/2020\\\/09\\\/17\\\/nuestros-agradecimientos-a-brigada-maipo\\\/#article\",\"isPartOf\":{\"@id\":\"https:\\\/\\\/www.sinergiahumanitaria.cl\\\/portal\\\/2020\\\/09\\\/17\\\/nuestros-agradecimientos-a-brigada-maipo\\\/\"},\"author\":{\"name\":\"\",\"@id\":\"\"},\"headline\":\"Nuestros agradecimientos a Ej\u00e9rcito de Chile\",\"datePublished\":\"2020-09-17T17:56:17+00:00\",\"dateModified\":\"2020-09-17T19:32:26+00:00\",\"mainEntityOfPage\":{\"@id\":\"https:\\\/\\\/www.sinergiahumanitaria.cl\\\/portal\\\/2020\\\/09\\\/17\\\/nuestros-agradecimientos-a-brigada-maipo\\\/\"},\"wordCount\":88,\"publisher\":{\"@id\":\"https:\\\/\\\/www.sinergiahumanitaria.cl\\\/portal\\\/#organization\"},\"image\":{\"@id\":\"https:\\\/\\\/www.sinergiahumanitaria.cl\\\/portal\\\/2020\\\/09\\\/17\\\/nuestros-agradecimientos-a-brigada-maipo\\\/#primaryimage\"},\"thumbnailUrl\":\"https:\\\/\\\/www.sinergiahumanitaria.cl\\\/portal\\\/wp-content\\\/uploads\\\/2020\\\/09\\\/F526AC78-EBB8-4BA1-B057-04884F505D7F.jpeg\",\"articleSection\":[\"Noticias\"],\"inLanguage\":\"es-CL\"},{\"@type\":\"WebPage\",\"@id\":\"https:\\\/\\\/www.sinergiahumanitaria.cl\\\/portal\\\/2020\\\/09\\\/17\\\/nuestros-agradecimientos-a-brigada-maipo\\\/\",\"url\":\"https:\\\/\\\/www.sinergiahumanitaria.cl\\\/portal\\\/2020\\\/09\\\/17\\\/nuestros-agradecimientos-a-brigada-maipo\\\/\",\"name\":\"Nuestros agradecimientos a Ej\u00e9rcito de Chile - Fundaci\u00f3n Sinergia Humanitaria\",\"isPartOf\":{\"@id\":\"https:\\\/\\\/www.sinergiahumanitaria.cl\\\/portal\\\/#website\"},\"primaryImageOfPage\":{\"@id\":\"https:\\\/\\\/www.sinergiahumanitaria.cl\\\/portal\\\/2020\\\/09\\\/17\\\/nuestros-agradecimientos-a-brigada-maipo\\\/#primaryimage\"},\"image\":{\"@id\":\"https:\\\/\\\/www.sinergiahumanitaria.cl\\\/portal\\\/2020\\\/09\\\/17\\\/nuestros-agradecimientos-a-brigada-maipo\\\/#primaryimage\"},\"thumbnailUrl\":\"https:\\\/\\\/www.sinergiahumanitaria.cl\\\/portal\\\/wp-content\\\/uploads\\\/2020\\\/09\\\/F526AC78-EBB8-4BA1-B057-04884F505D7F.jpeg\",\"datePublished\":\"2020-09-17T17:56:17+00:00\",\"dateModified\":\"2020-09-17T19:32:26+00:00\",\"breadcrumb\":{\"@id\":\"https:\\\/\\\/www.sinergiahumanitaria.cl\\\/portal\\\/2020\\\/09\\\/17\\\/nuestros-agradecimientos-a-brigada-maipo\\\/#breadcrumb\"},\"inLanguage\":\"es-CL\",\"potentialAction\":[{\"@type\":\"ReadAction\",\"target\":[\"https:\\\/\\\/www.sinergiahumanitaria.cl\\\/portal\\\/2020\\\/09\\\/17\\\/nuestros-agradecimientos-a-brigada-maipo\\\/\"]}]},{\"@type\":\"ImageObject\",\"inLanguage\":\"es-CL\",\"@id\":\"https:\\\/\\\/www.sinergiahumanitaria.cl\\\/portal\\\/2020\\\/09\\\/17\\\/nuestros-agradecimientos-a-brigada-maipo\\\/#primaryimage\",\"url\":\"https:\\\/\\\/www.sinergiahumanitaria.cl\\\/portal\\\/wp-content\\\/uploads\\\/2020\\\/09\\\/F526AC78-EBB8-4BA1-B057-04884F505D7F.jpeg\",\"contentUrl\":\"https:\\\/\\\/www.sinergiahumanitaria.cl\\\/portal\\\/wp-content\\\/uploads\\\/2020\\\/09\\\/F526AC78-EBB8-4BA1-B057-04884F505D7F.jpeg\",\"width\":860,\"height\":710},{\"@type\":\"BreadcrumbList\",\"@id\":\"https:\\\/\\\/www.sinergiahumanitaria.cl\\\/portal\\\/2020\\\/09\\\/17\\\/nuestros-agradecimientos-a-brigada-maipo\\\/#breadcrumb\",\"itemListElement\":[{\"@type\":\"ListItem\",\"position\":1,\"name\":\"Portada\",\"item\":\"https:\\\/\\\/www.sinergiahumanitaria.cl\\\/portal\\\/\"},{\"@type\":\"ListItem\",\"position\":2,\"name\":\"Nuestros agradecimientos a Ej\u00e9rcito de Chile\"}]},{\"@type\":\"WebSite\",\"@id\":\"https:\\\/\\\/www.sinergiahumanitaria.cl\\\/portal\\\/#website\",\"url\":\"https:\\\/\\\/www.sinergiahumanitaria.cl\\\/portal\\\/\",\"name\":\"Fundaci\u00f3n Sinergia Humanitaria\",\"description\":\"Acci\u00f3n Solidaria desde 2001\",\"publisher\":{\"@id\":\"https:\\\/\\\/www.sinergiahumanitaria.cl\\\/portal\\\/#organization\"},\"potentialAction\":[{\"@type\":\"SearchAction\",\"target\":{\"@type\":\"EntryPoint\",\"urlTemplate\":\"https:\\\/\\\/www.sinergiahumanitaria.cl\\\/portal\\\/?s={search_term_string}\"},\"query-input\":{\"@type\":\"PropertyValueSpecification\",\"valueRequired\":true,\"valueName\":\"search_term_string\"}}],\"inLanguage\":\"es-CL\"},{\"@type\":\"Organization\",\"@id\":\"https:\\\/\\\/www.sinergiahumanitaria.cl\\\/portal\\\/#organization\",\"name\":\"Fundaci\u00f3n Sinergia Humanitaria\",\"url\":\"https:\\\/\\\/www.sinergiahumanitaria.cl\\\/portal\\\/\",\"logo\":{\"@type\":\"ImageObject\",\"inLanguage\":\"es-CL\",\"@id\":\"https:\\\/\\\/www.sinergiahumanitaria.cl\\\/portal\\\/#\\\/schema\\\/logo\\\/image\\\/\",\"url\":\"https:\\\/\\\/www.sinergiahumanitaria.cl\\\/portal\\\/wp-content\\\/uploads\\\/2020\\\/07\\\/LOGO-jpg-scaled.jpg\",\"contentUrl\":\"https:\\\/\\\/www.sinergiahumanitaria.cl\\\/portal\\\/wp-content\\\/uploads\\\/2020\\\/07\\\/LOGO-jpg-scaled.jpg\",\"width\":2560,\"height\":1440,\"caption\":\"Fundaci\u00f3n Sinergia Humanitaria\"},\"image\":{\"@id\":\"https:\\\/\\\/www.sinergiahumanitaria.cl\\\/portal\\\/#\\\/schema\\\/logo\\\/image\\\/\"},\"sameAs\":[\"https:\\\/\\\/www.facebook.com\\\/sinergiahumanitaria\\\/\",\"https:\\\/\\\/x.com\\\/fsinergiah\",\"https:\\\/\\\/www.instagram.com\\\/fsinergiah\\\/\"]},{\"@type\":\"Person\",\"@id\":\"\",\"url\":\"https:\\\/\\\/www.sinergiahumanitaria.cl\\\/portal\\\/author\\\/\"}]}<\/script>\n<!-- \/ Yoast SEO plugin. -->","yoast_head_json":{"title":"Nuestros agradecimientos a Ej\u00e9rcito de Chile - Fundaci\u00f3n Sinergia Humanitaria","robots":{"index":"index","follow":"follow","max-snippet":"max-snippet:-1","max-image-preview":"max-image-preview:large","max-video-preview":"max-video-preview:-1"},"canonical":"https:\/\/www.sinergiahumanitaria.cl\/portal\/2020\/09\/17\/nuestros-agradecimientos-a-brigada-maipo\/","og_locale":"es_ES","og_type":"article","og_title":"Nuestros agradecimientos a Ej\u00e9rcito de Chile - Fundaci\u00f3n Sinergia Humanitaria","og_description":"Como Presidenta de la Fundaci\u00f3n Sinergia Humanitaria, agradezco el enorme apoyo del Ej\u00e9rcito de Chile y en especial al Coronel Arturo Gallardo Paredes, Comandante del Regimiento n\u00b0 2 \u201cMaipo\u201d, por darnos todo el apoyo log\u00edstico y de almacenaje del material que entregamos a los 125 hogares de larga estad\u00eda y 5 cvt de la Regi\u00f3n [&hellip;]","og_url":"https:\/\/www.sinergiahumanitaria.cl\/portal\/2020\/09\/17\/nuestros-agradecimientos-a-brigada-maipo\/","og_site_name":"Fundaci\u00f3n Sinergia Humanitaria","article_publisher":"https:\/\/www.facebook.com\/sinergiahumanitaria\/","article_published_time":"2020-09-17T17:56:17+00:00","article_modified_time":"2020-09-17T19:32:26+00:00","og_image":[{"width":860,"height":710,"url":"https:\/\/www.sinergiahumanitaria.cl\/portal\/wp-content\/uploads\/2020\/09\/F526AC78-EBB8-4BA1-B057-04884F505D7F.jpeg","type":"image\/jpeg"}],"twitter_card":"summary_large_image","twitter_creator":"@fsinergiah","twitter_site":"@fsinergiah","twitter_misc":{"Escrito por":""},"schema":{"@context":"https:\/\/schema.org","@graph":[{"@type":"Article","@id":"https:\/\/www.sinergiahumanitaria.cl\/portal\/2020\/09\/17\/nuestros-agradecimientos-a-brigada-maipo\/#article","isPartOf":{"@id":"https:\/\/www.sinergiahumanitaria.cl\/portal\/2020\/09\/17\/nuestros-agradecimientos-a-brigada-maipo\/"},"author":{"name":"","@id":""},"headline":"Nuestros agradecimientos a Ej\u00e9rcito de Chile","datePublished":"2020-09-17T17:56:17+00:00","dateModified":"2020-09-17T19:32:26+00:00","mainEntityOfPage":{"@id":"https:\/\/www.sinergiahumanitaria.cl\/portal\/2020\/09\/17\/nuestros-agradecimientos-a-brigada-maipo\/"},"wordCount":88,"publisher":{"@id":"https:\/\/www.sinergiahumanitaria.cl\/portal\/#organization"},"image":{"@id":"https:\/\/www.sinergiahumanitaria.cl\/portal\/2020\/09\/17\/nuestros-agradecimientos-a-brigada-maipo\/#primaryimage"},"thumbnailUrl":"https:\/\/www.sinergiahumanitaria.cl\/portal\/wp-content\/uploads\/2020\/09\/F526AC78-EBB8-4BA1-B057-04884F505D7F.jpeg","articleSection":["Noticias"],"inLanguage":"es-CL"},{"@type":"WebPage","@id":"https:\/\/www.sinergiahumanitaria.cl\/portal\/2020\/09\/17\/nuestros-agradecimientos-a-brigada-maipo\/","url":"https:\/\/www.sinergiahumanitaria.cl\/portal\/2020\/09\/17\/nuestros-agradecimientos-a-brigada-maipo\/","name":"Nuestros agradecimientos a Ej\u00e9rcito de Chile - Fundaci\u00f3n Sinergia Humanitaria","isPartOf":{"@id":"https:\/\/www.sinergiahumanitaria.cl\/portal\/#website"},"primaryImageOfPage":{"@id":"https:\/\/www.sinergiahumanitaria.cl\/portal\/2020\/09\/17\/nuestros-agradecimientos-a-brigada-maipo\/#primaryimage"},"image":{"@id":"https:\/\/www.sinergiahumanitaria.cl\/portal\/2020\/09\/17\/nuestros-agradecimientos-a-brigada-maipo\/#primaryimage"},"thumbnailUrl":"https:\/\/www.sinergiahumanitaria.cl\/portal\/wp-content\/uploads\/2020\/09\/F526AC78-EBB8-4BA1-B057-04884F505D7F.jpeg","datePublished":"2020-09-17T17:56:17+00:00","dateModified":"2020-09-17T19:32:26+00:00","breadcrumb":{"@id":"https:\/\/www.sinergiahumanitaria.cl\/portal\/2020\/09\/17\/nuestros-agradecimientos-a-brigada-maipo\/#breadcrumb"},"inLanguage":"es-CL","potentialAction":[{"@type":"ReadAction","target":["https:\/\/www.sinergiahumanitaria.cl\/portal\/2020\/09\/17\/nuestros-agradecimientos-a-brigada-maipo\/"]}]},{"@type":"ImageObject","inLanguage":"es-CL","@id":"https:\/\/www.sinergiahumanitaria.cl\/portal\/2020\/09\/17\/nuestros-agradecimientos-a-brigada-maipo\/#primaryimage","url":"https:\/\/www.sinergiahumanitaria.cl\/portal\/wp-content\/uploads\/2020\/09\/F526AC78-EBB8-4BA1-B057-04884F505D7F.jpeg","contentUrl":"https:\/\/www.sinergiahumanitaria.cl\/portal\/wp-content\/uploads\/2020\/09\/F526AC78-EBB8-4BA1-B057-04884F505D7F.jpeg","width":860,"height":710},{"@type":"BreadcrumbList","@id":"https:\/\/www.sinergiahumanitaria.cl\/portal\/2020\/09\/17\/nuestros-agradecimientos-a-brigada-maipo\/#breadcrumb","itemListElement":[{"@type":"ListItem","position":1,"name":"Portada","item":"https:\/\/www.sinergiahumanitaria.cl\/portal\/"},{"@type":"ListItem","position":2,"name":"Nuestros agradecimientos a Ej\u00e9rcito de Chile"}]},{"@type":"WebSite","@id":"https:\/\/www.sinergiahumanitaria.cl\/portal\/#website","url":"https:\/\/www.sinergiahumanitaria.cl\/portal\/","name":"Fundaci\u00f3n Sinergia Humanitaria","description":"Acci\u00f3n Solidaria desde 2001","publisher":{"@id":"https:\/\/www.sinergiahumanitaria.cl\/portal\/#organization"},"potentialAction":[{"@type":"SearchAction","target":{"@type":"EntryPoint","urlTemplate":"https:\/\/www.sinergiahumanitaria.cl\/portal\/?s={search_term_string}"},"query-input":{"@type":"PropertyValueSpecification","valueRequired":true,"valueName":"search_term_string"}}],"inLanguage":"es-CL"},{"@type":"Organization","@id":"https:\/\/www.sinergiahumanitaria.cl\/portal\/#organization","name":"Fundaci\u00f3n Sinergia Humanitaria","url":"https:\/\/www.sinergiahumanitaria.cl\/portal\/","logo":{"@type":"ImageObject","inLanguage":"es-CL","@id":"https:\/\/www.sinergiahumanitaria.cl\/portal\/#\/schema\/logo\/image\/","url":"https:\/\/www.sinergiahumanitaria.cl\/portal\/wp-content\/uploads\/2020\/07\/LOGO-jpg-scaled.jpg","contentUrl":"https:\/\/www.sinergiahumanitaria.cl\/portal\/wp-content\/uploads\/2020\/07\/LOGO-jpg-scaled.jpg","width":2560,"height":1440,"caption":"Fundaci\u00f3n Sinergia Humanitaria"},"image":{"@id":"https:\/\/www.sinergiahumanitaria.cl\/portal\/#\/schema\/logo\/image\/"},"sameAs":["https:\/\/www.facebook.com\/sinergiahumanitaria\/","https:\/\/x.com\/fsinergiah","https:\/\/www.instagram.com\/fsinergiah\/"]},{"@type":"Person","@id":"","url":"https:\/\/www.sinergiahumanitaria.cl\/portal\/author\/"}]}},"_links":{"self":[{"href":"https:\/\/www.sinergiahumanitaria.cl\/portal\/wp-json\/wp\/v2\/posts\/6002","targetHints":{"allow":["GET"]}}],"collection":[{"href":"https:\/\/www.sinergiahumanitaria.cl\/portal\/wp-json\/wp\/v2\/posts"}],"about":[{"href":"https:\/\/www.sinergiahumanitaria.cl\/portal\/wp-json\/wp\/v2\/types\/post"}],"author":[{"embeddable":true,"href":"https:\/\/www.sinergiahumanitaria.cl\/portal\/wp-json\/wp\/v2\/users\/5"}],"replies":[{"embeddable":true,"href":"https:\/\/www.sinergiahumanitaria.cl\/portal\/wp-json\/wp\/v2\/comments?post=6002"}],"version-history":[{"count":5,"href":"https:\/\/www.sinergiahumanitaria.cl\/portal\/wp-json\/wp\/v2\/posts\/6002\/revisions"}],"predecessor-version":[{"id":6009,"href":"https:\/\/www.sinergiahumanitaria.cl\/portal\/wp-json\/wp\/v2\/posts\/6002\/revisions\/6009"}],"wp:featuredmedia":[{"embeddable":true,"href":"https:\/\/www.sinergiahumanitaria.cl\/portal\/wp-json\/wp\/v2\/media\/6007"}],"wp:attachment":[{"href":"https:\/\/www.sinergiahumanitaria.cl\/portal\/wp-json\/wp\/v2\/media?parent=6002"}],"wp:term":[{"taxonomy":"category","embeddable":true,"href":"https:\/\/www.sinergiahumanitaria.cl\/portal\/wp-json\/wp\/v2\/categories?post=6002"},{"taxonomy":"post_tag","embeddable":true,"href":"https:\/\/www.sinergiahumanitaria.cl\/portal\/wp-json\/wp\/v2\/tags?post=6002"}],"curies":[{"name":"wp","href":"https:\/\/api.w.org\/{rel}","templated":true}]}}