{"id":6010,"date":"2020-09-24T22:07:12","date_gmt":"2020-09-25T01:07:12","guid":{"rendered":"https:\/\/www.sinergiahumanitaria.cl\/portal\/?p=6010"},"modified":"2025-09-05T11:31:15","modified_gmt":"2025-09-05T15:31:15","slug":"quinta-vision-entrega-de-elementos-de-proteccion-personal-para-funcionarios-que-trabajan-en-recintos-eleam","status":"publish","type":"post","link":"https:\/\/www.sinergiahumanitaria.cl\/portal\/2020\/09\/24\/quinta-vision-entrega-de-elementos-de-proteccion-personal-para-funcionarios-que-trabajan-en-recintos-eleam\/","title":{"rendered":"[Quinta Visi\u00f3n] Entrega de elementos de protecci\u00f3n personal para funcionarios que trabajan en recintos ELEAM"},"content":{"rendered":"<p>Nota Canal Quinta Visi\u00f3n. Proyecto SENAMA Fundaci\u00f3n Sinergia Humanitaria.<\/p>\n<p>Entrega de elementos de protecci\u00f3n personal para funcionarios que trabajan en recintos ELEAM.<\/p>\n","protected":false},"excerpt":{"rendered":"<p>Nota Canal Quinta Visi\u00f3n. Proyecto SENAMA Fundaci\u00f3n Sinergia Humanitaria. Entrega de elementos de protecci\u00f3n personal para funcionarios que trabajan en recintos ELEAM.<\/p>\n","protected":false},"author":1,"featured_media":6011,"comment_status":"closed","ping_status":"open","sticky":false,"template":"","format":"video","meta":{"footnotes":""},"categories":[14],"tags":[],"class_list":["post-6010","post","type-post","status-publish","format-video","has-post-thumbnail","hentry","category-noticias","post_format-post-format-video","qodef-post--trending"],"yoast_head":"<!-- This site is optimized with the Yoast SEO plugin v27.4 - https:\/\/yoast.com\/product\/yoast-seo-wordpress\/ -->\n<title>[Quinta Visi\u00f3n] Entrega de elementos de protecci\u00f3n personal para funcionarios que trabajan en recintos ELEAM - Fundaci\u00f3n Sinergia Humanitaria<\/title>\n<meta name=\"robots\" content=\"index, follow, max-snippet:-1, max-image-preview:large, max-video-preview:-1\" \/>\n<link rel=\"canonical\" href=\"https:\/\/www.sinergiahumanitaria.cl\/portal\/2020\/09\/24\/quinta-vision-entrega-de-elementos-de-proteccion-personal-para-funcionarios-que-trabajan-en-recintos-eleam\/\" \/>\n<meta property=\"og:locale\" content=\"es_ES\" \/>\n<meta property=\"og:type\" content=\"article\" \/>\n<meta property=\"og:title\" content=\"[Quinta Visi\u00f3n] Entrega de elementos de protecci\u00f3n personal para funcionarios que trabajan en recintos ELEAM - Fundaci\u00f3n Sinergia Humanitaria\" \/>\n<meta property=\"og:description\" content=\"Nota Canal Quinta Visi\u00f3n. Proyecto SENAMA Fundaci\u00f3n Sinergia Humanitaria. Entrega de elementos de protecci\u00f3n personal para funcionarios que trabajan en recintos ELEAM.\" \/>\n<meta property=\"og:url\" content=\"https:\/\/www.sinergiahumanitaria.cl\/portal\/2020\/09\/24\/quinta-vision-entrega-de-elementos-de-proteccion-personal-para-funcionarios-que-trabajan-en-recintos-eleam\/\" \/>\n<meta property=\"og:site_name\" content=\"Fundaci\u00f3n Sinergia Humanitaria\" \/>\n<meta property=\"article:publisher\" content=\"https:\/\/www.facebook.com\/sinergiahumanitaria\/\" \/>\n<meta property=\"article:published_time\" content=\"2020-09-25T01:07:12+00:00\" \/>\n<meta property=\"article:modified_time\" content=\"2025-09-05T15:31:15+00:00\" \/>\n<meta property=\"og:image\" content=\"https:\/\/www.sinergiahumanitaria.cl\/portal\/wp-content\/uploads\/2020\/09\/imagen-00005.jpg\" \/>\n\t<meta property=\"og:image:width\" content=\"1920\" \/>\n\t<meta property=\"og:image:height\" content=\"1080\" \/>\n\t<meta property=\"og:image:type\" content=\"image\/jpeg\" \/>\n<meta name=\"author\" content=\"pastudillo\" \/>\n<meta name=\"twitter:card\" content=\"summary_large_image\" \/>\n<meta name=\"twitter:creator\" content=\"@fsinergiah\" \/>\n<meta name=\"twitter:site\" content=\"@fsinergiah\" \/>\n<meta name=\"twitter:label1\" content=\"Escrito por\" \/>\n\t<meta name=\"twitter:data1\" content=\"pastudillo\" \/>\n\t<meta name=\"twitter:label2\" content=\"Tiempo estimado de lectura\" \/>\n\t<meta name=\"twitter:data2\" content=\"1 minuto\" \/>\n<script type=\"application\/ld+json\" class=\"yoast-schema-graph\">{\"@context\":\"https:\\\/\\\/schema.org\",\"@graph\":[{\"@type\":\"Article\",\"@id\":\"https:\\\/\\\/www.sinergiahumanitaria.cl\\\/portal\\\/2020\\\/09\\\/24\\\/quinta-vision-entrega-de-elementos-de-proteccion-personal-para-funcionarios-que-trabajan-en-recintos-eleam\\\/#article\",\"isPartOf\":{\"@id\":\"https:\\\/\\\/www.sinergiahumanitaria.cl\\\/portal\\\/2020\\\/09\\\/24\\\/quinta-vision-entrega-de-elementos-de-proteccion-personal-para-funcionarios-que-trabajan-en-recintos-eleam\\\/\"},\"author\":{\"name\":\"pastudillo\",\"@id\":\"https:\\\/\\\/www.sinergiahumanitaria.cl\\\/portal\\\/#\\\/schema\\\/person\\\/e8e4653f85fbcf3e7472bfc4be4c2673\"},\"headline\":\"[Quinta Visi\u00f3n] Entrega de elementos de protecci\u00f3n personal para funcionarios que trabajan en recintos ELEAM\",\"datePublished\":\"2020-09-25T01:07:12+00:00\",\"dateModified\":\"2025-09-05T15:31:15+00:00\",\"mainEntityOfPage\":{\"@id\":\"https:\\\/\\\/www.sinergiahumanitaria.cl\\\/portal\\\/2020\\\/09\\\/24\\\/quinta-vision-entrega-de-elementos-de-proteccion-personal-para-funcionarios-que-trabajan-en-recintos-eleam\\\/\"},\"wordCount\":42,\"publisher\":{\"@id\":\"https:\\\/\\\/www.sinergiahumanitaria.cl\\\/portal\\\/#organization\"},\"image\":{\"@id\":\"https:\\\/\\\/www.sinergiahumanitaria.cl\\\/portal\\\/2020\\\/09\\\/24\\\/quinta-vision-entrega-de-elementos-de-proteccion-personal-para-funcionarios-que-trabajan-en-recintos-eleam\\\/#primaryimage\"},\"thumbnailUrl\":\"https:\\\/\\\/www.sinergiahumanitaria.cl\\\/portal\\\/wp-content\\\/uploads\\\/2020\\\/09\\\/imagen-00005.jpg\",\"articleSection\":[\"Noticias\"],\"inLanguage\":\"es-CL\"},{\"@type\":\"WebPage\",\"@id\":\"https:\\\/\\\/www.sinergiahumanitaria.cl\\\/portal\\\/2020\\\/09\\\/24\\\/quinta-vision-entrega-de-elementos-de-proteccion-personal-para-funcionarios-que-trabajan-en-recintos-eleam\\\/\",\"url\":\"https:\\\/\\\/www.sinergiahumanitaria.cl\\\/portal\\\/2020\\\/09\\\/24\\\/quinta-vision-entrega-de-elementos-de-proteccion-personal-para-funcionarios-que-trabajan-en-recintos-eleam\\\/\",\"name\":\"[Quinta Visi\u00f3n] Entrega de elementos de protecci\u00f3n personal para funcionarios que trabajan en recintos ELEAM - Fundaci\u00f3n Sinergia Humanitaria\",\"isPartOf\":{\"@id\":\"https:\\\/\\\/www.sinergiahumanitaria.cl\\\/portal\\\/#website\"},\"primaryImageOfPage\":{\"@id\":\"https:\\\/\\\/www.sinergiahumanitaria.cl\\\/portal\\\/2020\\\/09\\\/24\\\/quinta-vision-entrega-de-elementos-de-proteccion-personal-para-funcionarios-que-trabajan-en-recintos-eleam\\\/#primaryimage\"},\"image\":{\"@id\":\"https:\\\/\\\/www.sinergiahumanitaria.cl\\\/portal\\\/2020\\\/09\\\/24\\\/quinta-vision-entrega-de-elementos-de-proteccion-personal-para-funcionarios-que-trabajan-en-recintos-eleam\\\/#primaryimage\"},\"thumbnailUrl\":\"https:\\\/\\\/www.sinergiahumanitaria.cl\\\/portal\\\/wp-content\\\/uploads\\\/2020\\\/09\\\/imagen-00005.jpg\",\"datePublished\":\"2020-09-25T01:07:12+00:00\",\"dateModified\":\"2025-09-05T15:31:15+00:00\",\"breadcrumb\":{\"@id\":\"https:\\\/\\\/www.sinergiahumanitaria.cl\\\/portal\\\/2020\\\/09\\\/24\\\/quinta-vision-entrega-de-elementos-de-proteccion-personal-para-funcionarios-que-trabajan-en-recintos-eleam\\\/#breadcrumb\"},\"inLanguage\":\"es-CL\",\"potentialAction\":[{\"@type\":\"ReadAction\",\"target\":[\"https:\\\/\\\/www.sinergiahumanitaria.cl\\\/portal\\\/2020\\\/09\\\/24\\\/quinta-vision-entrega-de-elementos-de-proteccion-personal-para-funcionarios-que-trabajan-en-recintos-eleam\\\/\"]}]},{\"@type\":\"ImageObject\",\"inLanguage\":\"es-CL\",\"@id\":\"https:\\\/\\\/www.sinergiahumanitaria.cl\\\/portal\\\/2020\\\/09\\\/24\\\/quinta-vision-entrega-de-elementos-de-proteccion-personal-para-funcionarios-que-trabajan-en-recintos-eleam\\\/#primaryimage\",\"url\":\"https:\\\/\\\/www.sinergiahumanitaria.cl\\\/portal\\\/wp-content\\\/uploads\\\/2020\\\/09\\\/imagen-00005.jpg\",\"contentUrl\":\"https:\\\/\\\/www.sinergiahumanitaria.cl\\\/portal\\\/wp-content\\\/uploads\\\/2020\\\/09\\\/imagen-00005.jpg\",\"width\":1920,\"height\":1080},{\"@type\":\"BreadcrumbList\",\"@id\":\"https:\\\/\\\/www.sinergiahumanitaria.cl\\\/portal\\\/2020\\\/09\\\/24\\\/quinta-vision-entrega-de-elementos-de-proteccion-personal-para-funcionarios-que-trabajan-en-recintos-eleam\\\/#breadcrumb\",\"itemListElement\":[{\"@type\":\"ListItem\",\"position\":1,\"name\":\"Portada\",\"item\":\"https:\\\/\\\/www.sinergiahumanitaria.cl\\\/portal\\\/\"},{\"@type\":\"ListItem\",\"position\":2,\"name\":\"[Quinta Visi\u00f3n] Entrega de elementos de protecci\u00f3n personal para funcionarios que trabajan en recintos ELEAM\"}]},{\"@type\":\"WebSite\",\"@id\":\"https:\\\/\\\/www.sinergiahumanitaria.cl\\\/portal\\\/#website\",\"url\":\"https:\\\/\\\/www.sinergiahumanitaria.cl\\\/portal\\\/\",\"name\":\"Fundaci\u00f3n Sinergia Humanitaria\",\"description\":\"Acci\u00f3n Solidaria desde 2001\",\"publisher\":{\"@id\":\"https:\\\/\\\/www.sinergiahumanitaria.cl\\\/portal\\\/#organization\"},\"potentialAction\":[{\"@type\":\"SearchAction\",\"target\":{\"@type\":\"EntryPoint\",\"urlTemplate\":\"https:\\\/\\\/www.sinergiahumanitaria.cl\\\/portal\\\/?s={search_term_string}\"},\"query-input\":{\"@type\":\"PropertyValueSpecification\",\"valueRequired\":true,\"valueName\":\"search_term_string\"}}],\"inLanguage\":\"es-CL\"},{\"@type\":\"Organization\",\"@id\":\"https:\\\/\\\/www.sinergiahumanitaria.cl\\\/portal\\\/#organization\",\"name\":\"Fundaci\u00f3n Sinergia Humanitaria\",\"url\":\"https:\\\/\\\/www.sinergiahumanitaria.cl\\\/portal\\\/\",\"logo\":{\"@type\":\"ImageObject\",\"inLanguage\":\"es-CL\",\"@id\":\"https:\\\/\\\/www.sinergiahumanitaria.cl\\\/portal\\\/#\\\/schema\\\/logo\\\/image\\\/\",\"url\":\"https:\\\/\\\/www.sinergiahumanitaria.cl\\\/portal\\\/wp-content\\\/uploads\\\/2020\\\/07\\\/LOGO-jpg-scaled.jpg\",\"contentUrl\":\"https:\\\/\\\/www.sinergiahumanitaria.cl\\\/portal\\\/wp-content\\\/uploads\\\/2020\\\/07\\\/LOGO-jpg-scaled.jpg\",\"width\":2560,\"height\":1440,\"caption\":\"Fundaci\u00f3n Sinergia Humanitaria\"},\"image\":{\"@id\":\"https:\\\/\\\/www.sinergiahumanitaria.cl\\\/portal\\\/#\\\/schema\\\/logo\\\/image\\\/\"},\"sameAs\":[\"https:\\\/\\\/www.facebook.com\\\/sinergiahumanitaria\\\/\",\"https:\\\/\\\/x.com\\\/fsinergiah\",\"https:\\\/\\\/www.instagram.com\\\/fsinergiah\\\/\"]},{\"@type\":\"Person\",\"@id\":\"https:\\\/\\\/www.sinergiahumanitaria.cl\\\/portal\\\/#\\\/schema\\\/person\\\/e8e4653f85fbcf3e7472bfc4be4c2673\",\"name\":\"pastudillo\",\"image\":{\"@type\":\"ImageObject\",\"inLanguage\":\"es-CL\",\"@id\":\"https:\\\/\\\/secure.gravatar.com\\\/avatar\\\/24edc107527e6583e7be6e6408f8815c5b03530718f2848cb4875a5502cb9c12?s=96&d=mm&r=g\",\"url\":\"https:\\\/\\\/secure.gravatar.com\\\/avatar\\\/24edc107527e6583e7be6e6408f8815c5b03530718f2848cb4875a5502cb9c12?s=96&d=mm&r=g\",\"contentUrl\":\"https:\\\/\\\/secure.gravatar.com\\\/avatar\\\/24edc107527e6583e7be6e6408f8815c5b03530718f2848cb4875a5502cb9c12?s=96&d=mm&r=g\",\"caption\":\"pastudillo\"},\"url\":\"https:\\\/\\\/www.sinergiahumanitaria.cl\\\/portal\\\/author\\\/pastudillo\\\/\"}]}<\/script>\n<!-- \/ Yoast SEO plugin. -->","yoast_head_json":{"title":"[Quinta Visi\u00f3n] Entrega de elementos de protecci\u00f3n personal para funcionarios que trabajan en recintos ELEAM - Fundaci\u00f3n Sinergia Humanitaria","robots":{"index":"index","follow":"follow","max-snippet":"max-snippet:-1","max-image-preview":"max-image-preview:large","max-video-preview":"max-video-preview:-1"},"canonical":"https:\/\/www.sinergiahumanitaria.cl\/portal\/2020\/09\/24\/quinta-vision-entrega-de-elementos-de-proteccion-personal-para-funcionarios-que-trabajan-en-recintos-eleam\/","og_locale":"es_ES","og_type":"article","og_title":"[Quinta Visi\u00f3n] Entrega de elementos de protecci\u00f3n personal para funcionarios que trabajan en recintos ELEAM - Fundaci\u00f3n Sinergia Humanitaria","og_description":"Nota Canal Quinta Visi\u00f3n. Proyecto SENAMA Fundaci\u00f3n Sinergia Humanitaria. Entrega de elementos de protecci\u00f3n personal para funcionarios que trabajan en recintos ELEAM.","og_url":"https:\/\/www.sinergiahumanitaria.cl\/portal\/2020\/09\/24\/quinta-vision-entrega-de-elementos-de-proteccion-personal-para-funcionarios-que-trabajan-en-recintos-eleam\/","og_site_name":"Fundaci\u00f3n Sinergia Humanitaria","article_publisher":"https:\/\/www.facebook.com\/sinergiahumanitaria\/","article_published_time":"2020-09-25T01:07:12+00:00","article_modified_time":"2025-09-05T15:31:15+00:00","og_image":[{"width":1920,"height":1080,"url":"https:\/\/www.sinergiahumanitaria.cl\/portal\/wp-content\/uploads\/2020\/09\/imagen-00005.jpg","type":"image\/jpeg"}],"author":"pastudillo","twitter_card":"summary_large_image","twitter_creator":"@fsinergiah","twitter_site":"@fsinergiah","twitter_misc":{"Escrito por":"pastudillo","Tiempo estimado de lectura":"1 minuto"},"schema":{"@context":"https:\/\/schema.org","@graph":[{"@type":"Article","@id":"https:\/\/www.sinergiahumanitaria.cl\/portal\/2020\/09\/24\/quinta-vision-entrega-de-elementos-de-proteccion-personal-para-funcionarios-que-trabajan-en-recintos-eleam\/#article","isPartOf":{"@id":"https:\/\/www.sinergiahumanitaria.cl\/portal\/2020\/09\/24\/quinta-vision-entrega-de-elementos-de-proteccion-personal-para-funcionarios-que-trabajan-en-recintos-eleam\/"},"author":{"name":"pastudillo","@id":"https:\/\/www.sinergiahumanitaria.cl\/portal\/#\/schema\/person\/e8e4653f85fbcf3e7472bfc4be4c2673"},"headline":"[Quinta Visi\u00f3n] Entrega de elementos de protecci\u00f3n personal para funcionarios que trabajan en recintos ELEAM","datePublished":"2020-09-25T01:07:12+00:00","dateModified":"2025-09-05T15:31:15+00:00","mainEntityOfPage":{"@id":"https:\/\/www.sinergiahumanitaria.cl\/portal\/2020\/09\/24\/quinta-vision-entrega-de-elementos-de-proteccion-personal-para-funcionarios-que-trabajan-en-recintos-eleam\/"},"wordCount":42,"publisher":{"@id":"https:\/\/www.sinergiahumanitaria.cl\/portal\/#organization"},"image":{"@id":"https:\/\/www.sinergiahumanitaria.cl\/portal\/2020\/09\/24\/quinta-vision-entrega-de-elementos-de-proteccion-personal-para-funcionarios-que-trabajan-en-recintos-eleam\/#primaryimage"},"thumbnailUrl":"https:\/\/www.sinergiahumanitaria.cl\/portal\/wp-content\/uploads\/2020\/09\/imagen-00005.jpg","articleSection":["Noticias"],"inLanguage":"es-CL"},{"@type":"WebPage","@id":"https:\/\/www.sinergiahumanitaria.cl\/portal\/2020\/09\/24\/quinta-vision-entrega-de-elementos-de-proteccion-personal-para-funcionarios-que-trabajan-en-recintos-eleam\/","url":"https:\/\/www.sinergiahumanitaria.cl\/portal\/2020\/09\/24\/quinta-vision-entrega-de-elementos-de-proteccion-personal-para-funcionarios-que-trabajan-en-recintos-eleam\/","name":"[Quinta Visi\u00f3n] Entrega de elementos de protecci\u00f3n personal para funcionarios que trabajan en recintos ELEAM - Fundaci\u00f3n Sinergia Humanitaria","isPartOf":{"@id":"https:\/\/www.sinergiahumanitaria.cl\/portal\/#website"},"primaryImageOfPage":{"@id":"https:\/\/www.sinergiahumanitaria.cl\/portal\/2020\/09\/24\/quinta-vision-entrega-de-elementos-de-proteccion-personal-para-funcionarios-que-trabajan-en-recintos-eleam\/#primaryimage"},"image":{"@id":"https:\/\/www.sinergiahumanitaria.cl\/portal\/2020\/09\/24\/quinta-vision-entrega-de-elementos-de-proteccion-personal-para-funcionarios-que-trabajan-en-recintos-eleam\/#primaryimage"},"thumbnailUrl":"https:\/\/www.sinergiahumanitaria.cl\/portal\/wp-content\/uploads\/2020\/09\/imagen-00005.jpg","datePublished":"2020-09-25T01:07:12+00:00","dateModified":"2025-09-05T15:31:15+00:00","breadcrumb":{"@id":"https:\/\/www.sinergiahumanitaria.cl\/portal\/2020\/09\/24\/quinta-vision-entrega-de-elementos-de-proteccion-personal-para-funcionarios-que-trabajan-en-recintos-eleam\/#breadcrumb"},"inLanguage":"es-CL","potentialAction":[{"@type":"ReadAction","target":["https:\/\/www.sinergiahumanitaria.cl\/portal\/2020\/09\/24\/quinta-vision-entrega-de-elementos-de-proteccion-personal-para-funcionarios-que-trabajan-en-recintos-eleam\/"]}]},{"@type":"ImageObject","inLanguage":"es-CL","@id":"https:\/\/www.sinergiahumanitaria.cl\/portal\/2020\/09\/24\/quinta-vision-entrega-de-elementos-de-proteccion-personal-para-funcionarios-que-trabajan-en-recintos-eleam\/#primaryimage","url":"https:\/\/www.sinergiahumanitaria.cl\/portal\/wp-content\/uploads\/2020\/09\/imagen-00005.jpg","contentUrl":"https:\/\/www.sinergiahumanitaria.cl\/portal\/wp-content\/uploads\/2020\/09\/imagen-00005.jpg","width":1920,"height":1080},{"@type":"BreadcrumbList","@id":"https:\/\/www.sinergiahumanitaria.cl\/portal\/2020\/09\/24\/quinta-vision-entrega-de-elementos-de-proteccion-personal-para-funcionarios-que-trabajan-en-recintos-eleam\/#breadcrumb","itemListElement":[{"@type":"ListItem","position":1,"name":"Portada","item":"https:\/\/www.sinergiahumanitaria.cl\/portal\/"},{"@type":"ListItem","position":2,"name":"[Quinta Visi\u00f3n] Entrega de elementos de protecci\u00f3n personal para funcionarios que trabajan en recintos ELEAM"}]},{"@type":"WebSite","@id":"https:\/\/www.sinergiahumanitaria.cl\/portal\/#website","url":"https:\/\/www.sinergiahumanitaria.cl\/portal\/","name":"Fundaci\u00f3n Sinergia Humanitaria","description":"Acci\u00f3n Solidaria desde 2001","publisher":{"@id":"https:\/\/www.sinergiahumanitaria.cl\/portal\/#organization"},"potentialAction":[{"@type":"SearchAction","target":{"@type":"EntryPoint","urlTemplate":"https:\/\/www.sinergiahumanitaria.cl\/portal\/?s={search_term_string}"},"query-input":{"@type":"PropertyValueSpecification","valueRequired":true,"valueName":"search_term_string"}}],"inLanguage":"es-CL"},{"@type":"Organization","@id":"https:\/\/www.sinergiahumanitaria.cl\/portal\/#organization","name":"Fundaci\u00f3n Sinergia Humanitaria","url":"https:\/\/www.sinergiahumanitaria.cl\/portal\/","logo":{"@type":"ImageObject","inLanguage":"es-CL","@id":"https:\/\/www.sinergiahumanitaria.cl\/portal\/#\/schema\/logo\/image\/","url":"https:\/\/www.sinergiahumanitaria.cl\/portal\/wp-content\/uploads\/2020\/07\/LOGO-jpg-scaled.jpg","contentUrl":"https:\/\/www.sinergiahumanitaria.cl\/portal\/wp-content\/uploads\/2020\/07\/LOGO-jpg-scaled.jpg","width":2560,"height":1440,"caption":"Fundaci\u00f3n Sinergia Humanitaria"},"image":{"@id":"https:\/\/www.sinergiahumanitaria.cl\/portal\/#\/schema\/logo\/image\/"},"sameAs":["https:\/\/www.facebook.com\/sinergiahumanitaria\/","https:\/\/x.com\/fsinergiah","https:\/\/www.instagram.com\/fsinergiah\/"]},{"@type":"Person","@id":"https:\/\/www.sinergiahumanitaria.cl\/portal\/#\/schema\/person\/e8e4653f85fbcf3e7472bfc4be4c2673","name":"pastudillo","image":{"@type":"ImageObject","inLanguage":"es-CL","@id":"https:\/\/secure.gravatar.com\/avatar\/24edc107527e6583e7be6e6408f8815c5b03530718f2848cb4875a5502cb9c12?s=96&d=mm&r=g","url":"https:\/\/secure.gravatar.com\/avatar\/24edc107527e6583e7be6e6408f8815c5b03530718f2848cb4875a5502cb9c12?s=96&d=mm&r=g","contentUrl":"https:\/\/secure.gravatar.com\/avatar\/24edc107527e6583e7be6e6408f8815c5b03530718f2848cb4875a5502cb9c12?s=96&d=mm&r=g","caption":"pastudillo"},"url":"https:\/\/www.sinergiahumanitaria.cl\/portal\/author\/pastudillo\/"}]}},"_links":{"self":[{"href":"https:\/\/www.sinergiahumanitaria.cl\/portal\/wp-json\/wp\/v2\/posts\/6010","targetHints":{"allow":["GET"]}}],"collection":[{"href":"https:\/\/www.sinergiahumanitaria.cl\/portal\/wp-json\/wp\/v2\/posts"}],"about":[{"href":"https:\/\/www.sinergiahumanitaria.cl\/portal\/wp-json\/wp\/v2\/types\/post"}],"author":[{"embeddable":true,"href":"https:\/\/www.sinergiahumanitaria.cl\/portal\/wp-json\/wp\/v2\/users\/1"}],"replies":[{"embeddable":true,"href":"https:\/\/www.sinergiahumanitaria.cl\/portal\/wp-json\/wp\/v2\/comments?post=6010"}],"version-history":[{"count":2,"href":"https:\/\/www.sinergiahumanitaria.cl\/portal\/wp-json\/wp\/v2\/posts\/6010\/revisions"}],"predecessor-version":[{"id":6555,"href":"https:\/\/www.sinergiahumanitaria.cl\/portal\/wp-json\/wp\/v2\/posts\/6010\/revisions\/6555"}],"wp:featuredmedia":[{"embeddable":true,"href":"https:\/\/www.sinergiahumanitaria.cl\/portal\/wp-json\/wp\/v2\/media\/6011"}],"wp:attachment":[{"href":"https:\/\/www.sinergiahumanitaria.cl\/portal\/wp-json\/wp\/v2\/media?parent=6010"}],"wp:term":[{"taxonomy":"category","embeddable":true,"href":"https:\/\/www.sinergiahumanitaria.cl\/portal\/wp-json\/wp\/v2\/categories?post=6010"},{"taxonomy":"post_tag","embeddable":true,"href":"https:\/\/www.sinergiahumanitaria.cl\/portal\/wp-json\/wp\/v2\/tags?post=6010"}],"curies":[{"name":"wp","href":"https:\/\/api.w.org\/{rel}","templated":true}]}}