{"id":6083,"date":"2023-03-28T15:34:21","date_gmt":"2023-03-28T18:34:21","guid":{"rendered":"https:\/\/www.sinergiahumanitaria.cl\/portal\/?p=6083"},"modified":"2024-05-10T07:55:59","modified_gmt":"2024-05-10T11:55:59","slug":"donacion-vehiculo-adaptado-para-desam-de-olmue","status":"publish","type":"post","link":"https:\/\/www.sinergiahumanitaria.cl\/portal\/2023\/03\/28\/donacion-vehiculo-adaptado-para-desam-de-olmue\/","title":{"rendered":"Donaci\u00f3n veh\u00edculo adaptado para DESAM de Olmu\u00e9"},"content":{"rendered":"<div class=\"flex-1 overflow-hidden\">\n<div class=\"react-scroll-to-bottom--css-jpaqk-79elbk h-full dark:bg-gray-800\">\n<div class=\"react-scroll-to-bottom--css-jpaqk-1n7m0yu\">\n<div class=\"flex flex-col text-sm dark:bg-gray-800\">\n<div class=\"group w-full text-gray-800 dark:text-gray-100 border-b border-black\/10 dark:border-gray-900\/50 bg-gray-50 dark:bg-[#444654]\">\n<div class=\"flex p-4 gap-4 text-base md:gap-6 md:max-w-2xl lg:max-w-[38rem] xl:max-w-3xl md:py-6 lg:px-0 m-auto\">\n<div class=\"relative flex w-[calc(100%-50px)] flex-col gap-1 md:gap-3 lg:w-[calc(100%-115px)]\">\n<div class=\"flex flex-grow flex-col gap-3\">\n<div class=\"min-h-[20px] flex flex-col items-start gap-4 whitespace-pre-wrap break-words\">\n<div class=\"markdown prose w-full break-words dark:prose-invert light\">\n<p>Oficina de Discapacidad recibe donaci\u00f3n de un veh\u00edculo especialmente adaptado para el transporte de sus usuarios, gracias a nuestra Fundaci\u00f3n Sinergia Humanitaria.<\/p>\n<p>La oficina de discapacidad del Departamento de Salud Municipal (DESAM) de Olmu\u00e9 se enorgulleci\u00f3 de recibir la donaci\u00f3n de un veh\u00edculo destinado al traslado de pacientes con problemas de movilidad. Este generoso donativo fue otorgado siguiendo nuestros m\u00e1s sentidos ideales que son, trabajar en las \u00e1reas de salud, educaci\u00f3n, envejecimiento poblacional y medio ambiente, especialmente enfocado en los sectores m\u00e1s vulnerables.<\/p>\n<p>Durante la ceremonia de entrega de este veh\u00edculo de la marca Renault, modelo Kangoo, equipado con una rampa elevadora para usuarios de silla de ruedas, se cont\u00f3 con la presencia del alcalde Jorge Jil Herrera, la concejal Patricia Arancibia (Presidenta de la Comisi\u00f3n de Salud), la Directora del Departamento de Salud Municipal, \u00darzula Mir, y el equipo de la oficina de discapacidad liderado por Katherine Helliot. La Municipalidad de Olmu\u00e9 expres\u00f3 su m\u00e1s profundo agradecimiento a la Fundaci\u00f3n Sinergia Humanitaria, representada por su fundador, el ex Diplom\u00e1tico Jos\u00e9 Luis Balmaceda, as\u00ed como a la Presidenta de la Fundaci\u00f3n, Ana Eugenia Garc\u00eda, por su invaluable contribuci\u00f3n en beneficio de la comunidad.<\/p>\n<\/div>\n<p><a href=\"https:\/\/www.facebook.com\/municipalidaddeolmue.vregiondevalparaiso\" target=\"_blank\" rel=\"noopener\">Ilustre Municipalidad de Olmu\u00e9<\/a><\/p>\n<\/div>\n<\/div>\n<div class=\"flex justify-between lg:block\">\n<div class=\"text-gray-400 flex self-end lg:self-center justify-center mt-2 gap-2 md:gap-3 lg:gap-1 lg:absolute lg:top-0 lg:translate-x-full lg:right-0 lg:mt-0 lg:pl-2 visible\">\n\n\t\t<style type=\"text\/css\">\n\t\t\t#gallery-1 {\n\t\t\t\tmargin: auto;\n\t\t\t}\n\t\t\t#gallery-1 .gallery-item {\n\t\t\t\tfloat: left;\n\t\t\t\tmargin-top: 10px;\n\t\t\t\ttext-align: center;\n\t\t\t\twidth: 33%;\n\t\t\t}\n\t\t\t#gallery-1 img {\n\t\t\t\tborder: 2px solid #cfcfcf;\n\t\t\t}\n\t\t\t#gallery-1 .gallery-caption {\n\t\t\t\tmargin-left: 0;\n\t\t\t}\n\t\t\t\/* see gallery_shortcode() in wp-includes\/media.php *\/\n\t\t<\/style>\n\t\t<div id='gallery-1' class='gallery galleryid-6083 gallery-columns-3 gallery-size-medium'><dl class='gallery-item'>\n\t\t\t<dt class='gallery-icon landscape'>\n\t\t\t\t<a href='https:\/\/www.sinergiahumanitaria.cl\/portal\/wp-content\/uploads\/2023\/03\/foto.jpg'><img fetchpriority=\"high\" decoding=\"async\" width=\"300\" height=\"199\" src=\"https:\/\/www.sinergiahumanitaria.cl\/portal\/wp-content\/uploads\/2023\/03\/foto-300x199.jpg\" class=\"attachment-medium size-medium\" alt=\"\" srcset=\"https:\/\/www.sinergiahumanitaria.cl\/portal\/wp-content\/uploads\/2023\/03\/foto-300x199.jpg 300w, https:\/\/www.sinergiahumanitaria.cl\/portal\/wp-content\/uploads\/2023\/03\/foto.jpg 638w\" sizes=\"(max-width: 300px) 100vw, 300px\" \/><\/a>\n\t\t\t<\/dt><\/dl><dl class='gallery-item'>\n\t\t\t<dt class='gallery-icon landscape'>\n\t\t\t\t<a href='https:\/\/www.sinergiahumanitaria.cl\/portal\/wp-content\/uploads\/2023\/03\/Image-2023-06-05-at-04.14.09.jpeg'><img decoding=\"async\" width=\"300\" height=\"225\" src=\"https:\/\/www.sinergiahumanitaria.cl\/portal\/wp-content\/uploads\/2023\/03\/Image-2023-06-05-at-04.14.09-300x225.jpeg\" class=\"attachment-medium size-medium\" alt=\"\" srcset=\"https:\/\/www.sinergiahumanitaria.cl\/portal\/wp-content\/uploads\/2023\/03\/Image-2023-06-05-at-04.14.09-300x225.jpeg 300w, https:\/\/www.sinergiahumanitaria.cl\/portal\/wp-content\/uploads\/2023\/03\/Image-2023-06-05-at-04.14.09-768x576.jpeg 768w, https:\/\/www.sinergiahumanitaria.cl\/portal\/wp-content\/uploads\/2023\/03\/Image-2023-06-05-at-04.14.09.jpeg 1024w\" sizes=\"(max-width: 300px) 100vw, 300px\" \/><\/a>\n\t\t\t<\/dt><\/dl><dl class='gallery-item'>\n\t\t\t<dt class='gallery-icon landscape'>\n\t\t\t\t<a href='https:\/\/www.sinergiahumanitaria.cl\/portal\/wp-content\/uploads\/2023\/03\/Image-2023-06-05-at-04.14.10.jpeg'><img decoding=\"async\" width=\"300\" height=\"235\" src=\"https:\/\/www.sinergiahumanitaria.cl\/portal\/wp-content\/uploads\/2023\/03\/Image-2023-06-05-at-04.14.10-300x235.jpeg\" class=\"attachment-medium size-medium\" alt=\"\" srcset=\"https:\/\/www.sinergiahumanitaria.cl\/portal\/wp-content\/uploads\/2023\/03\/Image-2023-06-05-at-04.14.10-300x235.jpeg 300w, https:\/\/www.sinergiahumanitaria.cl\/portal\/wp-content\/uploads\/2023\/03\/Image-2023-06-05-at-04.14.10-768x602.jpeg 768w, https:\/\/www.sinergiahumanitaria.cl\/portal\/wp-content\/uploads\/2023\/03\/Image-2023-06-05-at-04.14.10.jpeg 1024w\" sizes=\"(max-width: 300px) 100vw, 300px\" \/><\/a>\n\t\t\t<\/dt><\/dl><br style=\"clear: both\" \/><dl class='gallery-item'>\n\t\t\t<dt class='gallery-icon portrait'>\n\t\t\t\t<a href='https:\/\/www.sinergiahumanitaria.cl\/portal\/wp-content\/uploads\/2023\/03\/image-2023-06-05-at-04.14.10-1.jpeg'><img loading=\"lazy\" decoding=\"async\" width=\"169\" height=\"300\" src=\"https:\/\/www.sinergiahumanitaria.cl\/portal\/wp-content\/uploads\/2023\/03\/image-2023-06-05-at-04.14.10-1-169x300.jpeg\" class=\"attachment-medium size-medium\" alt=\"\" srcset=\"https:\/\/www.sinergiahumanitaria.cl\/portal\/wp-content\/uploads\/2023\/03\/image-2023-06-05-at-04.14.10-1-169x300.jpeg 169w, https:\/\/www.sinergiahumanitaria.cl\/portal\/wp-content\/uploads\/2023\/03\/image-2023-06-05-at-04.14.10-1-576x1024.jpeg 576w, https:\/\/www.sinergiahumanitaria.cl\/portal\/wp-content\/uploads\/2023\/03\/image-2023-06-05-at-04.14.10-1-768x1365.jpeg 768w, https:\/\/www.sinergiahumanitaria.cl\/portal\/wp-content\/uploads\/2023\/03\/image-2023-06-05-at-04.14.10-1-864x1536.jpeg 864w, https:\/\/www.sinergiahumanitaria.cl\/portal\/wp-content\/uploads\/2023\/03\/image-2023-06-05-at-04.14.10-1.jpeg 900w\" sizes=\"(max-width: 169px) 100vw, 169px\" \/><\/a>\n\t\t\t<\/dt><\/dl><dl class='gallery-item'>\n\t\t\t<dt class='gallery-icon landscape'>\n\t\t\t\t<a href='https:\/\/www.sinergiahumanitaria.cl\/portal\/wp-content\/uploads\/2023\/03\/Image-2023-06-05-at-04.14.10-2-e1715342140997.jpeg'><img loading=\"lazy\" decoding=\"async\" width=\"300\" height=\"207\" src=\"https:\/\/www.sinergiahumanitaria.cl\/portal\/wp-content\/uploads\/2023\/03\/Image-2023-06-05-at-04.14.10-2-e1715342140997-300x207.jpeg\" class=\"attachment-medium size-medium\" alt=\"\" srcset=\"https:\/\/www.sinergiahumanitaria.cl\/portal\/wp-content\/uploads\/2023\/03\/Image-2023-06-05-at-04.14.10-2-e1715342140997-300x207.jpeg 300w, https:\/\/www.sinergiahumanitaria.cl\/portal\/wp-content\/uploads\/2023\/03\/Image-2023-06-05-at-04.14.10-2-e1715342140997-768x529.jpeg 768w, https:\/\/www.sinergiahumanitaria.cl\/portal\/wp-content\/uploads\/2023\/03\/Image-2023-06-05-at-04.14.10-2-e1715342140997.jpeg 901w\" sizes=\"(max-width: 300px) 100vw, 300px\" \/><\/a>\n\t\t\t<\/dt><\/dl>\n\t\t\t<br style='clear: both' \/>\n\t\t<\/div>\n\n<div class=\"flex gap-1\"><\/div>\n<\/div>\n<\/div>\n<\/div>\n<\/div>\n<\/div>\n<div class=\"h-32 md:h-48 flex-shrink-0\"><\/div>\n<\/div>\n<\/div>\n<\/div>\n<\/div>\n<div class=\"absolute bottom-0 left-0 w-full border-t md:border-t-0 dark:border-white\/20 md:border-transparent md:dark:border-transparent md:bg-vert-light-gradient bg-white dark:bg-gray-800 md:!bg-transparent dark:md:bg-vert-dark-gradient pt-2\">\n<form class=\"stretch mx-2 flex flex-row gap-3 last:mb-2 md:mx-4 md:last:mb-6 lg:mx-auto lg:max-w-2xl xl:max-w-3xl\">\n<div class=\"relative flex h-full flex-1 items-stretch md:flex-col\" role=\"presentation\">\n<div class=\"\">\n<div class=\"h-full flex ml-1 md:w-full md:m-auto md:mb-2 gap-0 md:gap-2 justify-center\"><\/div>\n<\/div>\n<\/div>\n<\/form>\n<\/div>\n","protected":false},"excerpt":{"rendered":"<p>Oficina de Discapacidad recibe donaci\u00f3n de un veh\u00edculo especialmente adaptado para el transporte de sus usuarios, gracias a nuestra Fundaci\u00f3n Sinergia Humanitaria. La oficina de discapacidad del Departamento de Salud Municipal (DESAM) de Olmu\u00e9 se enorgulleci\u00f3 de recibir la donaci\u00f3n de un veh\u00edculo destinado al traslado de pacientes con problemas de movilidad. Este generoso donativo [&hellip;]<\/p>\n","protected":false},"author":6,"featured_media":6091,"comment_status":"closed","ping_status":"open","sticky":false,"template":"","format":"standard","meta":{"footnotes":""},"categories":[13,60],"tags":[],"class_list":["post-6083","post","type-post","status-publish","format-standard","has-post-thumbnail","hentry","category-donaciones","category-olmue"],"yoast_head":"<!-- This site is optimized with the Yoast SEO plugin v27.5 - https:\/\/yoast.com\/product\/yoast-seo-wordpress\/ -->\n<title>Donaci\u00f3n veh\u00edculo adaptado para DESAM de Olmu\u00e9 - Fundaci\u00f3n Sinergia Humanitaria<\/title>\n<meta name=\"robots\" content=\"index, follow, max-snippet:-1, max-image-preview:large, max-video-preview:-1\" \/>\n<link rel=\"canonical\" href=\"https:\/\/www.sinergiahumanitaria.cl\/portal\/2023\/03\/28\/donacion-vehiculo-adaptado-para-desam-de-olmue\/\" \/>\n<meta property=\"og:locale\" content=\"es_ES\" \/>\n<meta property=\"og:type\" content=\"article\" \/>\n<meta property=\"og:title\" content=\"Donaci\u00f3n veh\u00edculo adaptado para DESAM de Olmu\u00e9 - Fundaci\u00f3n Sinergia Humanitaria\" \/>\n<meta property=\"og:description\" content=\"Oficina de Discapacidad recibe donaci\u00f3n de un veh\u00edculo especialmente adaptado para el transporte de sus usuarios, gracias a nuestra Fundaci\u00f3n Sinergia Humanitaria. La oficina de discapacidad del Departamento de Salud Municipal (DESAM) de Olmu\u00e9 se enorgulleci\u00f3 de recibir la donaci\u00f3n de un veh\u00edculo destinado al traslado de pacientes con problemas de movilidad. Este generoso donativo [&hellip;]\" \/>\n<meta property=\"og:url\" content=\"https:\/\/www.sinergiahumanitaria.cl\/portal\/2023\/03\/28\/donacion-vehiculo-adaptado-para-desam-de-olmue\/\" \/>\n<meta property=\"og:site_name\" content=\"Fundaci\u00f3n Sinergia Humanitaria\" \/>\n<meta property=\"article:publisher\" content=\"https:\/\/www.facebook.com\/sinergiahumanitaria\/\" \/>\n<meta property=\"article:published_time\" content=\"2023-03-28T18:34:21+00:00\" \/>\n<meta property=\"article:modified_time\" content=\"2024-05-10T11:55:59+00:00\" \/>\n<meta property=\"og:image\" content=\"https:\/\/www.sinergiahumanitaria.cl\/portal\/wp-content\/uploads\/2023\/03\/Image-2023-06-05-at-04.14.10-2-e1715342140997.jpeg\" \/>\n\t<meta property=\"og:image:width\" content=\"901\" \/>\n\t<meta property=\"og:image:height\" content=\"621\" \/>\n\t<meta property=\"og:image:type\" content=\"image\/jpeg\" \/>\n<meta name=\"author\" content=\"pzavala\" \/>\n<meta name=\"twitter:card\" content=\"summary_large_image\" \/>\n<meta name=\"twitter:creator\" content=\"@fsinergiah\" \/>\n<meta name=\"twitter:site\" content=\"@fsinergiah\" \/>\n<meta name=\"twitter:label1\" content=\"Escrito por\" \/>\n\t<meta name=\"twitter:data1\" content=\"pzavala\" \/>\n\t<meta name=\"twitter:label2\" content=\"Tiempo estimado de lectura\" \/>\n\t<meta name=\"twitter:data2\" content=\"2 minutos\" \/>\n<script type=\"application\/ld+json\" class=\"yoast-schema-graph\">{\"@context\":\"https:\\\/\\\/schema.org\",\"@graph\":[{\"@type\":\"Article\",\"@id\":\"https:\\\/\\\/www.sinergiahumanitaria.cl\\\/portal\\\/2023\\\/03\\\/28\\\/donacion-vehiculo-adaptado-para-desam-de-olmue\\\/#article\",\"isPartOf\":{\"@id\":\"https:\\\/\\\/www.sinergiahumanitaria.cl\\\/portal\\\/2023\\\/03\\\/28\\\/donacion-vehiculo-adaptado-para-desam-de-olmue\\\/\"},\"author\":{\"name\":\"pzavala\",\"@id\":\"https:\\\/\\\/www.sinergiahumanitaria.cl\\\/portal\\\/#\\\/schema\\\/person\\\/6c21471c8460d29d6013c6d5196156ed\"},\"headline\":\"Donaci\u00f3n veh\u00edculo adaptado para DESAM de Olmu\u00e9\",\"datePublished\":\"2023-03-28T18:34:21+00:00\",\"dateModified\":\"2024-05-10T11:55:59+00:00\",\"mainEntityOfPage\":{\"@id\":\"https:\\\/\\\/www.sinergiahumanitaria.cl\\\/portal\\\/2023\\\/03\\\/28\\\/donacion-vehiculo-adaptado-para-desam-de-olmue\\\/\"},\"wordCount\":228,\"publisher\":{\"@id\":\"https:\\\/\\\/www.sinergiahumanitaria.cl\\\/portal\\\/#organization\"},\"image\":{\"@id\":\"https:\\\/\\\/www.sinergiahumanitaria.cl\\\/portal\\\/2023\\\/03\\\/28\\\/donacion-vehiculo-adaptado-para-desam-de-olmue\\\/#primaryimage\"},\"thumbnailUrl\":\"https:\\\/\\\/www.sinergiahumanitaria.cl\\\/portal\\\/wp-content\\\/uploads\\\/2023\\\/03\\\/Image-2023-06-05-at-04.14.10-2-e1715342140997.jpeg\",\"articleSection\":[\"Donaciones\",\"Olmu\u00e9\"],\"inLanguage\":\"es-CL\"},{\"@type\":\"WebPage\",\"@id\":\"https:\\\/\\\/www.sinergiahumanitaria.cl\\\/portal\\\/2023\\\/03\\\/28\\\/donacion-vehiculo-adaptado-para-desam-de-olmue\\\/\",\"url\":\"https:\\\/\\\/www.sinergiahumanitaria.cl\\\/portal\\\/2023\\\/03\\\/28\\\/donacion-vehiculo-adaptado-para-desam-de-olmue\\\/\",\"name\":\"Donaci\u00f3n veh\u00edculo adaptado para DESAM de Olmu\u00e9 - Fundaci\u00f3n Sinergia Humanitaria\",\"isPartOf\":{\"@id\":\"https:\\\/\\\/www.sinergiahumanitaria.cl\\\/portal\\\/#website\"},\"primaryImageOfPage\":{\"@id\":\"https:\\\/\\\/www.sinergiahumanitaria.cl\\\/portal\\\/2023\\\/03\\\/28\\\/donacion-vehiculo-adaptado-para-desam-de-olmue\\\/#primaryimage\"},\"image\":{\"@id\":\"https:\\\/\\\/www.sinergiahumanitaria.cl\\\/portal\\\/2023\\\/03\\\/28\\\/donacion-vehiculo-adaptado-para-desam-de-olmue\\\/#primaryimage\"},\"thumbnailUrl\":\"https:\\\/\\\/www.sinergiahumanitaria.cl\\\/portal\\\/wp-content\\\/uploads\\\/2023\\\/03\\\/Image-2023-06-05-at-04.14.10-2-e1715342140997.jpeg\",\"datePublished\":\"2023-03-28T18:34:21+00:00\",\"dateModified\":\"2024-05-10T11:55:59+00:00\",\"breadcrumb\":{\"@id\":\"https:\\\/\\\/www.sinergiahumanitaria.cl\\\/portal\\\/2023\\\/03\\\/28\\\/donacion-vehiculo-adaptado-para-desam-de-olmue\\\/#breadcrumb\"},\"inLanguage\":\"es-CL\",\"potentialAction\":[{\"@type\":\"ReadAction\",\"target\":[\"https:\\\/\\\/www.sinergiahumanitaria.cl\\\/portal\\\/2023\\\/03\\\/28\\\/donacion-vehiculo-adaptado-para-desam-de-olmue\\\/\"]}]},{\"@type\":\"ImageObject\",\"inLanguage\":\"es-CL\",\"@id\":\"https:\\\/\\\/www.sinergiahumanitaria.cl\\\/portal\\\/2023\\\/03\\\/28\\\/donacion-vehiculo-adaptado-para-desam-de-olmue\\\/#primaryimage\",\"url\":\"https:\\\/\\\/www.sinergiahumanitaria.cl\\\/portal\\\/wp-content\\\/uploads\\\/2023\\\/03\\\/Image-2023-06-05-at-04.14.10-2-e1715342140997.jpeg\",\"contentUrl\":\"https:\\\/\\\/www.sinergiahumanitaria.cl\\\/portal\\\/wp-content\\\/uploads\\\/2023\\\/03\\\/Image-2023-06-05-at-04.14.10-2-e1715342140997.jpeg\",\"width\":901,\"height\":621},{\"@type\":\"BreadcrumbList\",\"@id\":\"https:\\\/\\\/www.sinergiahumanitaria.cl\\\/portal\\\/2023\\\/03\\\/28\\\/donacion-vehiculo-adaptado-para-desam-de-olmue\\\/#breadcrumb\",\"itemListElement\":[{\"@type\":\"ListItem\",\"position\":1,\"name\":\"Portada\",\"item\":\"https:\\\/\\\/www.sinergiahumanitaria.cl\\\/portal\\\/\"},{\"@type\":\"ListItem\",\"position\":2,\"name\":\"Donaci\u00f3n veh\u00edculo adaptado para DESAM de Olmu\u00e9\"}]},{\"@type\":\"WebSite\",\"@id\":\"https:\\\/\\\/www.sinergiahumanitaria.cl\\\/portal\\\/#website\",\"url\":\"https:\\\/\\\/www.sinergiahumanitaria.cl\\\/portal\\\/\",\"name\":\"Fundaci\u00f3n Sinergia Humanitaria\",\"description\":\"Acci\u00f3n Solidaria desde 2001\",\"publisher\":{\"@id\":\"https:\\\/\\\/www.sinergiahumanitaria.cl\\\/portal\\\/#organization\"},\"potentialAction\":[{\"@type\":\"SearchAction\",\"target\":{\"@type\":\"EntryPoint\",\"urlTemplate\":\"https:\\\/\\\/www.sinergiahumanitaria.cl\\\/portal\\\/?s={search_term_string}\"},\"query-input\":{\"@type\":\"PropertyValueSpecification\",\"valueRequired\":true,\"valueName\":\"search_term_string\"}}],\"inLanguage\":\"es-CL\"},{\"@type\":\"Organization\",\"@id\":\"https:\\\/\\\/www.sinergiahumanitaria.cl\\\/portal\\\/#organization\",\"name\":\"Fundaci\u00f3n Sinergia Humanitaria\",\"url\":\"https:\\\/\\\/www.sinergiahumanitaria.cl\\\/portal\\\/\",\"logo\":{\"@type\":\"ImageObject\",\"inLanguage\":\"es-CL\",\"@id\":\"https:\\\/\\\/www.sinergiahumanitaria.cl\\\/portal\\\/#\\\/schema\\\/logo\\\/image\\\/\",\"url\":\"https:\\\/\\\/www.sinergiahumanitaria.cl\\\/portal\\\/wp-content\\\/uploads\\\/2020\\\/07\\\/LOGO-jpg-scaled.jpg\",\"contentUrl\":\"https:\\\/\\\/www.sinergiahumanitaria.cl\\\/portal\\\/wp-content\\\/uploads\\\/2020\\\/07\\\/LOGO-jpg-scaled.jpg\",\"width\":2560,\"height\":1440,\"caption\":\"Fundaci\u00f3n Sinergia Humanitaria\"},\"image\":{\"@id\":\"https:\\\/\\\/www.sinergiahumanitaria.cl\\\/portal\\\/#\\\/schema\\\/logo\\\/image\\\/\"},\"sameAs\":[\"https:\\\/\\\/www.facebook.com\\\/sinergiahumanitaria\\\/\",\"https:\\\/\\\/x.com\\\/fsinergiah\",\"https:\\\/\\\/www.instagram.com\\\/fsinergiah\\\/\"]},{\"@type\":\"Person\",\"@id\":\"https:\\\/\\\/www.sinergiahumanitaria.cl\\\/portal\\\/#\\\/schema\\\/person\\\/6c21471c8460d29d6013c6d5196156ed\",\"name\":\"pzavala\",\"image\":{\"@type\":\"ImageObject\",\"inLanguage\":\"es-CL\",\"@id\":\"https:\\\/\\\/secure.gravatar.com\\\/avatar\\\/3fca3b3977ef43d2b34e0b5d0849b0dc28d3e805e72577c02e835f10a9f05214?s=96&d=mm&r=g\",\"url\":\"https:\\\/\\\/secure.gravatar.com\\\/avatar\\\/3fca3b3977ef43d2b34e0b5d0849b0dc28d3e805e72577c02e835f10a9f05214?s=96&d=mm&r=g\",\"contentUrl\":\"https:\\\/\\\/secure.gravatar.com\\\/avatar\\\/3fca3b3977ef43d2b34e0b5d0849b0dc28d3e805e72577c02e835f10a9f05214?s=96&d=mm&r=g\",\"caption\":\"pzavala\"},\"url\":\"https:\\\/\\\/www.sinergiahumanitaria.cl\\\/portal\\\/author\\\/pzavala\\\/\"}]}<\/script>\n<!-- \/ Yoast SEO plugin. -->","yoast_head_json":{"title":"Donaci\u00f3n veh\u00edculo adaptado para DESAM de Olmu\u00e9 - Fundaci\u00f3n Sinergia Humanitaria","robots":{"index":"index","follow":"follow","max-snippet":"max-snippet:-1","max-image-preview":"max-image-preview:large","max-video-preview":"max-video-preview:-1"},"canonical":"https:\/\/www.sinergiahumanitaria.cl\/portal\/2023\/03\/28\/donacion-vehiculo-adaptado-para-desam-de-olmue\/","og_locale":"es_ES","og_type":"article","og_title":"Donaci\u00f3n veh\u00edculo adaptado para DESAM de Olmu\u00e9 - Fundaci\u00f3n Sinergia Humanitaria","og_description":"Oficina de Discapacidad recibe donaci\u00f3n de un veh\u00edculo especialmente adaptado para el transporte de sus usuarios, gracias a nuestra Fundaci\u00f3n Sinergia Humanitaria. La oficina de discapacidad del Departamento de Salud Municipal (DESAM) de Olmu\u00e9 se enorgulleci\u00f3 de recibir la donaci\u00f3n de un veh\u00edculo destinado al traslado de pacientes con problemas de movilidad. Este generoso donativo [&hellip;]","og_url":"https:\/\/www.sinergiahumanitaria.cl\/portal\/2023\/03\/28\/donacion-vehiculo-adaptado-para-desam-de-olmue\/","og_site_name":"Fundaci\u00f3n Sinergia Humanitaria","article_publisher":"https:\/\/www.facebook.com\/sinergiahumanitaria\/","article_published_time":"2023-03-28T18:34:21+00:00","article_modified_time":"2024-05-10T11:55:59+00:00","og_image":[{"width":901,"height":621,"url":"https:\/\/www.sinergiahumanitaria.cl\/portal\/wp-content\/uploads\/2023\/03\/Image-2023-06-05-at-04.14.10-2-e1715342140997.jpeg","type":"image\/jpeg"}],"author":"pzavala","twitter_card":"summary_large_image","twitter_creator":"@fsinergiah","twitter_site":"@fsinergiah","twitter_misc":{"Escrito por":"pzavala","Tiempo estimado de lectura":"2 minutos"},"schema":{"@context":"https:\/\/schema.org","@graph":[{"@type":"Article","@id":"https:\/\/www.sinergiahumanitaria.cl\/portal\/2023\/03\/28\/donacion-vehiculo-adaptado-para-desam-de-olmue\/#article","isPartOf":{"@id":"https:\/\/www.sinergiahumanitaria.cl\/portal\/2023\/03\/28\/donacion-vehiculo-adaptado-para-desam-de-olmue\/"},"author":{"name":"pzavala","@id":"https:\/\/www.sinergiahumanitaria.cl\/portal\/#\/schema\/person\/6c21471c8460d29d6013c6d5196156ed"},"headline":"Donaci\u00f3n veh\u00edculo adaptado para DESAM de Olmu\u00e9","datePublished":"2023-03-28T18:34:21+00:00","dateModified":"2024-05-10T11:55:59+00:00","mainEntityOfPage":{"@id":"https:\/\/www.sinergiahumanitaria.cl\/portal\/2023\/03\/28\/donacion-vehiculo-adaptado-para-desam-de-olmue\/"},"wordCount":228,"publisher":{"@id":"https:\/\/www.sinergiahumanitaria.cl\/portal\/#organization"},"image":{"@id":"https:\/\/www.sinergiahumanitaria.cl\/portal\/2023\/03\/28\/donacion-vehiculo-adaptado-para-desam-de-olmue\/#primaryimage"},"thumbnailUrl":"https:\/\/www.sinergiahumanitaria.cl\/portal\/wp-content\/uploads\/2023\/03\/Image-2023-06-05-at-04.14.10-2-e1715342140997.jpeg","articleSection":["Donaciones","Olmu\u00e9"],"inLanguage":"es-CL"},{"@type":"WebPage","@id":"https:\/\/www.sinergiahumanitaria.cl\/portal\/2023\/03\/28\/donacion-vehiculo-adaptado-para-desam-de-olmue\/","url":"https:\/\/www.sinergiahumanitaria.cl\/portal\/2023\/03\/28\/donacion-vehiculo-adaptado-para-desam-de-olmue\/","name":"Donaci\u00f3n veh\u00edculo adaptado para DESAM de Olmu\u00e9 - Fundaci\u00f3n Sinergia Humanitaria","isPartOf":{"@id":"https:\/\/www.sinergiahumanitaria.cl\/portal\/#website"},"primaryImageOfPage":{"@id":"https:\/\/www.sinergiahumanitaria.cl\/portal\/2023\/03\/28\/donacion-vehiculo-adaptado-para-desam-de-olmue\/#primaryimage"},"image":{"@id":"https:\/\/www.sinergiahumanitaria.cl\/portal\/2023\/03\/28\/donacion-vehiculo-adaptado-para-desam-de-olmue\/#primaryimage"},"thumbnailUrl":"https:\/\/www.sinergiahumanitaria.cl\/portal\/wp-content\/uploads\/2023\/03\/Image-2023-06-05-at-04.14.10-2-e1715342140997.jpeg","datePublished":"2023-03-28T18:34:21+00:00","dateModified":"2024-05-10T11:55:59+00:00","breadcrumb":{"@id":"https:\/\/www.sinergiahumanitaria.cl\/portal\/2023\/03\/28\/donacion-vehiculo-adaptado-para-desam-de-olmue\/#breadcrumb"},"inLanguage":"es-CL","potentialAction":[{"@type":"ReadAction","target":["https:\/\/www.sinergiahumanitaria.cl\/portal\/2023\/03\/28\/donacion-vehiculo-adaptado-para-desam-de-olmue\/"]}]},{"@type":"ImageObject","inLanguage":"es-CL","@id":"https:\/\/www.sinergiahumanitaria.cl\/portal\/2023\/03\/28\/donacion-vehiculo-adaptado-para-desam-de-olmue\/#primaryimage","url":"https:\/\/www.sinergiahumanitaria.cl\/portal\/wp-content\/uploads\/2023\/03\/Image-2023-06-05-at-04.14.10-2-e1715342140997.jpeg","contentUrl":"https:\/\/www.sinergiahumanitaria.cl\/portal\/wp-content\/uploads\/2023\/03\/Image-2023-06-05-at-04.14.10-2-e1715342140997.jpeg","width":901,"height":621},{"@type":"BreadcrumbList","@id":"https:\/\/www.sinergiahumanitaria.cl\/portal\/2023\/03\/28\/donacion-vehiculo-adaptado-para-desam-de-olmue\/#breadcrumb","itemListElement":[{"@type":"ListItem","position":1,"name":"Portada","item":"https:\/\/www.sinergiahumanitaria.cl\/portal\/"},{"@type":"ListItem","position":2,"name":"Donaci\u00f3n veh\u00edculo adaptado para DESAM de Olmu\u00e9"}]},{"@type":"WebSite","@id":"https:\/\/www.sinergiahumanitaria.cl\/portal\/#website","url":"https:\/\/www.sinergiahumanitaria.cl\/portal\/","name":"Fundaci\u00f3n Sinergia Humanitaria","description":"Acci\u00f3n Solidaria desde 2001","publisher":{"@id":"https:\/\/www.sinergiahumanitaria.cl\/portal\/#organization"},"potentialAction":[{"@type":"SearchAction","target":{"@type":"EntryPoint","urlTemplate":"https:\/\/www.sinergiahumanitaria.cl\/portal\/?s={search_term_string}"},"query-input":{"@type":"PropertyValueSpecification","valueRequired":true,"valueName":"search_term_string"}}],"inLanguage":"es-CL"},{"@type":"Organization","@id":"https:\/\/www.sinergiahumanitaria.cl\/portal\/#organization","name":"Fundaci\u00f3n Sinergia Humanitaria","url":"https:\/\/www.sinergiahumanitaria.cl\/portal\/","logo":{"@type":"ImageObject","inLanguage":"es-CL","@id":"https:\/\/www.sinergiahumanitaria.cl\/portal\/#\/schema\/logo\/image\/","url":"https:\/\/www.sinergiahumanitaria.cl\/portal\/wp-content\/uploads\/2020\/07\/LOGO-jpg-scaled.jpg","contentUrl":"https:\/\/www.sinergiahumanitaria.cl\/portal\/wp-content\/uploads\/2020\/07\/LOGO-jpg-scaled.jpg","width":2560,"height":1440,"caption":"Fundaci\u00f3n Sinergia Humanitaria"},"image":{"@id":"https:\/\/www.sinergiahumanitaria.cl\/portal\/#\/schema\/logo\/image\/"},"sameAs":["https:\/\/www.facebook.com\/sinergiahumanitaria\/","https:\/\/x.com\/fsinergiah","https:\/\/www.instagram.com\/fsinergiah\/"]},{"@type":"Person","@id":"https:\/\/www.sinergiahumanitaria.cl\/portal\/#\/schema\/person\/6c21471c8460d29d6013c6d5196156ed","name":"pzavala","image":{"@type":"ImageObject","inLanguage":"es-CL","@id":"https:\/\/secure.gravatar.com\/avatar\/3fca3b3977ef43d2b34e0b5d0849b0dc28d3e805e72577c02e835f10a9f05214?s=96&d=mm&r=g","url":"https:\/\/secure.gravatar.com\/avatar\/3fca3b3977ef43d2b34e0b5d0849b0dc28d3e805e72577c02e835f10a9f05214?s=96&d=mm&r=g","contentUrl":"https:\/\/secure.gravatar.com\/avatar\/3fca3b3977ef43d2b34e0b5d0849b0dc28d3e805e72577c02e835f10a9f05214?s=96&d=mm&r=g","caption":"pzavala"},"url":"https:\/\/www.sinergiahumanitaria.cl\/portal\/author\/pzavala\/"}]}},"_links":{"self":[{"href":"https:\/\/www.sinergiahumanitaria.cl\/portal\/wp-json\/wp\/v2\/posts\/6083","targetHints":{"allow":["GET"]}}],"collection":[{"href":"https:\/\/www.sinergiahumanitaria.cl\/portal\/wp-json\/wp\/v2\/posts"}],"about":[{"href":"https:\/\/www.sinergiahumanitaria.cl\/portal\/wp-json\/wp\/v2\/types\/post"}],"author":[{"embeddable":true,"href":"https:\/\/www.sinergiahumanitaria.cl\/portal\/wp-json\/wp\/v2\/users\/6"}],"replies":[{"embeddable":true,"href":"https:\/\/www.sinergiahumanitaria.cl\/portal\/wp-json\/wp\/v2\/comments?post=6083"}],"version-history":[{"count":7,"href":"https:\/\/www.sinergiahumanitaria.cl\/portal\/wp-json\/wp\/v2\/posts\/6083\/revisions"}],"predecessor-version":[{"id":6095,"href":"https:\/\/www.sinergiahumanitaria.cl\/portal\/wp-json\/wp\/v2\/posts\/6083\/revisions\/6095"}],"wp:featuredmedia":[{"embeddable":true,"href":"https:\/\/www.sinergiahumanitaria.cl\/portal\/wp-json\/wp\/v2\/media\/6091"}],"wp:attachment":[{"href":"https:\/\/www.sinergiahumanitaria.cl\/portal\/wp-json\/wp\/v2\/media?parent=6083"}],"wp:term":[{"taxonomy":"category","embeddable":true,"href":"https:\/\/www.sinergiahumanitaria.cl\/portal\/wp-json\/wp\/v2\/categories?post=6083"},{"taxonomy":"post_tag","embeddable":true,"href":"https:\/\/www.sinergiahumanitaria.cl\/portal\/wp-json\/wp\/v2\/tags?post=6083"}],"curies":[{"name":"wp","href":"https:\/\/api.w.org\/{rel}","templated":true}]}}