{"id":6343,"date":"2023-09-13T21:00:33","date_gmt":"2023-09-14T00:00:33","guid":{"rendered":"https:\/\/www.sinergiahumanitaria.cl\/portal\/?p=6343"},"modified":"2024-05-09T07:29:24","modified_gmt":"2024-05-09T11:29:24","slug":"destino-puerto-cisnes","status":"publish","type":"post","link":"https:\/\/www.sinergiahumanitaria.cl\/portal\/2023\/09\/13\/destino-puerto-cisnes\/","title":{"rendered":"Destino: Puerto Cisnes"},"content":{"rendered":"<p>Fundaci\u00f3n Sinergia Humanitaria contin\u00faa ampliando su compromiso con aquellas comunidades preocupada del respeto a la dignidad y bienestar de adultos mayores y personas con discapacidad. En esta ocasi\u00f3n nos haremos presente en Puerto Cisnes.<\/p>\n<p><!--more--><\/p>\n<div id=\"attachment_6344\" style=\"width: 1034px\" class=\"wp-caption alignnone\"><img fetchpriority=\"high\" decoding=\"async\" aria-describedby=\"caption-attachment-6344\" class=\"wp-image-6344 size-large\" src=\"https:\/\/www.sinergiahumanitaria.cl\/portal\/wp-content\/uploads\/2023\/09\/1-1-1024x1024.jpeg\" alt=\"Jos\u00e9 Luis Balmaceda, Presidente de Sinergia Humanitaria comparte con representantes de distintas entidades sociales europeas.\" width=\"1024\" height=\"1024\" srcset=\"https:\/\/www.sinergiahumanitaria.cl\/portal\/wp-content\/uploads\/2023\/09\/1-1-1024x1024.jpeg 1024w, https:\/\/www.sinergiahumanitaria.cl\/portal\/wp-content\/uploads\/2023\/09\/1-1-300x300.jpeg 300w, https:\/\/www.sinergiahumanitaria.cl\/portal\/wp-content\/uploads\/2023\/09\/1-1-150x150.jpeg 150w, https:\/\/www.sinergiahumanitaria.cl\/portal\/wp-content\/uploads\/2023\/09\/1-1-768x768.jpeg 768w, https:\/\/www.sinergiahumanitaria.cl\/portal\/wp-content\/uploads\/2023\/09\/1-1-650x650.jpeg 650w, https:\/\/www.sinergiahumanitaria.cl\/portal\/wp-content\/uploads\/2023\/09\/1-1-1300x1300.jpeg 1300w, https:\/\/www.sinergiahumanitaria.cl\/portal\/wp-content\/uploads\/2023\/09\/1-1.jpeg 1512w\" sizes=\"(max-width: 1024px) 100vw, 1024px\" \/><p id=\"caption-attachment-6344\" class=\"wp-caption-text\">Jos\u00e9 Luis Balmaceda, Presidente de Sinergia Humanitaria comparte con representantes de distintas entidades sociales europeas.<\/p><\/div>\n\n\t\t<style type=\"text\/css\">\n\t\t\t#gallery-1 {\n\t\t\t\tmargin: auto;\n\t\t\t}\n\t\t\t#gallery-1 .gallery-item {\n\t\t\t\tfloat: left;\n\t\t\t\tmargin-top: 10px;\n\t\t\t\ttext-align: center;\n\t\t\t\twidth: 33%;\n\t\t\t}\n\t\t\t#gallery-1 img {\n\t\t\t\tborder: 2px solid #cfcfcf;\n\t\t\t}\n\t\t\t#gallery-1 .gallery-caption {\n\t\t\t\tmargin-left: 0;\n\t\t\t}\n\t\t\t\/* see gallery_shortcode() in wp-includes\/media.php *\/\n\t\t<\/style>\n\t\t<div id='gallery-1' class='gallery galleryid-6343 gallery-columns-3 gallery-size-thumbnail'><dl class='gallery-item'>\n\t\t\t<dt class='gallery-icon landscape'>\n\t\t\t\t<a href='https:\/\/www.sinergiahumanitaria.cl\/portal\/wp-content\/uploads\/2023\/09\/2-1.jpeg'><img decoding=\"async\" width=\"150\" height=\"150\" src=\"https:\/\/www.sinergiahumanitaria.cl\/portal\/wp-content\/uploads\/2023\/09\/2-1-150x150.jpeg\" class=\"attachment-thumbnail size-thumbnail\" alt=\"\" srcset=\"https:\/\/www.sinergiahumanitaria.cl\/portal\/wp-content\/uploads\/2023\/09\/2-1-150x150.jpeg 150w, https:\/\/www.sinergiahumanitaria.cl\/portal\/wp-content\/uploads\/2023\/09\/2-1-300x300.jpeg 300w, https:\/\/www.sinergiahumanitaria.cl\/portal\/wp-content\/uploads\/2023\/09\/2-1-1024x1024.jpeg 1024w, https:\/\/www.sinergiahumanitaria.cl\/portal\/wp-content\/uploads\/2023\/09\/2-1-768x768.jpeg 768w, https:\/\/www.sinergiahumanitaria.cl\/portal\/wp-content\/uploads\/2023\/09\/2-1-650x650.jpeg 650w, https:\/\/www.sinergiahumanitaria.cl\/portal\/wp-content\/uploads\/2023\/09\/2-1-1300x1300.jpeg 1300w, https:\/\/www.sinergiahumanitaria.cl\/portal\/wp-content\/uploads\/2023\/09\/2-1.jpeg 1512w\" sizes=\"(max-width: 150px) 100vw, 150px\" \/><\/a>\n\t\t\t<\/dt><\/dl><dl class='gallery-item'>\n\t\t\t<dt class='gallery-icon landscape'>\n\t\t\t\t<a href='https:\/\/www.sinergiahumanitaria.cl\/portal\/wp-content\/uploads\/2023\/09\/3-1.jpeg'><img decoding=\"async\" width=\"150\" height=\"150\" src=\"https:\/\/www.sinergiahumanitaria.cl\/portal\/wp-content\/uploads\/2023\/09\/3-1-150x150.jpeg\" class=\"attachment-thumbnail size-thumbnail\" alt=\"\" srcset=\"https:\/\/www.sinergiahumanitaria.cl\/portal\/wp-content\/uploads\/2023\/09\/3-1-150x150.jpeg 150w, https:\/\/www.sinergiahumanitaria.cl\/portal\/wp-content\/uploads\/2023\/09\/3-1-300x300.jpeg 300w, https:\/\/www.sinergiahumanitaria.cl\/portal\/wp-content\/uploads\/2023\/09\/3-1-1024x1024.jpeg 1024w, https:\/\/www.sinergiahumanitaria.cl\/portal\/wp-content\/uploads\/2023\/09\/3-1-768x768.jpeg 768w, https:\/\/www.sinergiahumanitaria.cl\/portal\/wp-content\/uploads\/2023\/09\/3-1-650x650.jpeg 650w, https:\/\/www.sinergiahumanitaria.cl\/portal\/wp-content\/uploads\/2023\/09\/3-1-1300x1300.jpeg 1300w, https:\/\/www.sinergiahumanitaria.cl\/portal\/wp-content\/uploads\/2023\/09\/3-1.jpeg 1512w\" sizes=\"(max-width: 150px) 100vw, 150px\" \/><\/a>\n\t\t\t<\/dt><\/dl><dl class='gallery-item'>\n\t\t\t<dt class='gallery-icon landscape'>\n\t\t\t\t<a href='https:\/\/www.sinergiahumanitaria.cl\/portal\/wp-content\/uploads\/2023\/09\/4-1.jpeg'><img loading=\"lazy\" decoding=\"async\" width=\"150\" height=\"150\" src=\"https:\/\/www.sinergiahumanitaria.cl\/portal\/wp-content\/uploads\/2023\/09\/4-1-150x150.jpeg\" class=\"attachment-thumbnail size-thumbnail\" alt=\"\" srcset=\"https:\/\/www.sinergiahumanitaria.cl\/portal\/wp-content\/uploads\/2023\/09\/4-1-150x150.jpeg 150w, https:\/\/www.sinergiahumanitaria.cl\/portal\/wp-content\/uploads\/2023\/09\/4-1-300x300.jpeg 300w, https:\/\/www.sinergiahumanitaria.cl\/portal\/wp-content\/uploads\/2023\/09\/4-1-1024x1024.jpeg 1024w, https:\/\/www.sinergiahumanitaria.cl\/portal\/wp-content\/uploads\/2023\/09\/4-1-768x768.jpeg 768w, https:\/\/www.sinergiahumanitaria.cl\/portal\/wp-content\/uploads\/2023\/09\/4-1-650x650.jpeg 650w, https:\/\/www.sinergiahumanitaria.cl\/portal\/wp-content\/uploads\/2023\/09\/4-1-1300x1300.jpeg 1300w, https:\/\/www.sinergiahumanitaria.cl\/portal\/wp-content\/uploads\/2023\/09\/4-1.jpeg 1512w\" sizes=\"(max-width: 150px) 100vw, 150px\" \/><\/a>\n\t\t\t<\/dt><\/dl><br style=\"clear: both\" \/>\n\t\t<\/div>\n\n","protected":false},"excerpt":{"rendered":"<p>Fundaci\u00f3n Sinergia Humanitaria contin\u00faa ampliando su compromiso con aquellas comunidades preocupada del respeto a la dignidad y bienestar de adultos mayores y personas con discapacidad. En esta ocasi\u00f3n nos haremos presente en Puerto Cisnes.<\/p>\n","protected":false},"author":6,"featured_media":6346,"comment_status":"closed","ping_status":"open","sticky":false,"template":"","format":"video","meta":{"footnotes":""},"categories":[13,57],"tags":[],"class_list":["post-6343","post","type-post","status-publish","format-video","has-post-thumbnail","hentry","category-donaciones","category-puerto-cisnes","post_format-post-format-video"],"yoast_head":"<!-- This site is optimized with the Yoast SEO plugin v27.5 - https:\/\/yoast.com\/product\/yoast-seo-wordpress\/ -->\n<title>Destino: Puerto Cisnes - Fundaci\u00f3n Sinergia Humanitaria<\/title>\n<meta name=\"robots\" content=\"index, follow, max-snippet:-1, max-image-preview:large, max-video-preview:-1\" \/>\n<link rel=\"canonical\" href=\"https:\/\/www.sinergiahumanitaria.cl\/portal\/2023\/09\/13\/destino-puerto-cisnes\/\" \/>\n<meta property=\"og:locale\" content=\"es_ES\" \/>\n<meta property=\"og:type\" content=\"article\" \/>\n<meta property=\"og:title\" content=\"Destino: Puerto Cisnes - Fundaci\u00f3n Sinergia Humanitaria\" \/>\n<meta property=\"og:description\" content=\"Fundaci\u00f3n Sinergia Humanitaria contin\u00faa ampliando su compromiso con aquellas comunidades preocupada del respeto a la dignidad y bienestar de adultos mayores y personas con discapacidad. En esta ocasi\u00f3n nos haremos presente en Puerto Cisnes.\" \/>\n<meta property=\"og:url\" content=\"https:\/\/www.sinergiahumanitaria.cl\/portal\/2023\/09\/13\/destino-puerto-cisnes\/\" \/>\n<meta property=\"og:site_name\" content=\"Fundaci\u00f3n Sinergia Humanitaria\" \/>\n<meta property=\"article:publisher\" content=\"https:\/\/www.facebook.com\/sinergiahumanitaria\/\" \/>\n<meta property=\"article:published_time\" content=\"2023-09-14T00:00:33+00:00\" \/>\n<meta property=\"article:modified_time\" content=\"2024-05-09T11:29:24+00:00\" \/>\n<meta property=\"og:image\" content=\"https:\/\/www.sinergiahumanitaria.cl\/portal\/wp-content\/uploads\/2023\/09\/3-1.jpeg\" \/>\n\t<meta property=\"og:image:width\" content=\"1512\" \/>\n\t<meta property=\"og:image:height\" content=\"1512\" \/>\n\t<meta property=\"og:image:type\" content=\"image\/jpeg\" \/>\n<meta name=\"author\" content=\"pzavala\" \/>\n<meta name=\"twitter:card\" content=\"summary_large_image\" \/>\n<meta name=\"twitter:creator\" content=\"@fsinergiah\" \/>\n<meta name=\"twitter:site\" content=\"@fsinergiah\" \/>\n<meta name=\"twitter:label1\" content=\"Escrito por\" \/>\n\t<meta name=\"twitter:data1\" content=\"pzavala\" \/>\n\t<meta name=\"twitter:label2\" content=\"Tiempo estimado de lectura\" \/>\n\t<meta name=\"twitter:data2\" content=\"1 minuto\" \/>\n<script type=\"application\/ld+json\" class=\"yoast-schema-graph\">{\"@context\":\"https:\\\/\\\/schema.org\",\"@graph\":[{\"@type\":\"Article\",\"@id\":\"https:\\\/\\\/www.sinergiahumanitaria.cl\\\/portal\\\/2023\\\/09\\\/13\\\/destino-puerto-cisnes\\\/#article\",\"isPartOf\":{\"@id\":\"https:\\\/\\\/www.sinergiahumanitaria.cl\\\/portal\\\/2023\\\/09\\\/13\\\/destino-puerto-cisnes\\\/\"},\"author\":{\"name\":\"pzavala\",\"@id\":\"https:\\\/\\\/www.sinergiahumanitaria.cl\\\/portal\\\/#\\\/schema\\\/person\\\/6c21471c8460d29d6013c6d5196156ed\"},\"headline\":\"Destino: Puerto Cisnes\",\"datePublished\":\"2023-09-14T00:00:33+00:00\",\"dateModified\":\"2024-05-09T11:29:24+00:00\",\"mainEntityOfPage\":{\"@id\":\"https:\\\/\\\/www.sinergiahumanitaria.cl\\\/portal\\\/2023\\\/09\\\/13\\\/destino-puerto-cisnes\\\/\"},\"wordCount\":66,\"publisher\":{\"@id\":\"https:\\\/\\\/www.sinergiahumanitaria.cl\\\/portal\\\/#organization\"},\"image\":{\"@id\":\"https:\\\/\\\/www.sinergiahumanitaria.cl\\\/portal\\\/2023\\\/09\\\/13\\\/destino-puerto-cisnes\\\/#primaryimage\"},\"thumbnailUrl\":\"https:\\\/\\\/www.sinergiahumanitaria.cl\\\/portal\\\/wp-content\\\/uploads\\\/2023\\\/09\\\/3-1.jpeg\",\"articleSection\":[\"Donaciones\",\"Puerto Cisnes\"],\"inLanguage\":\"es-CL\"},{\"@type\":\"WebPage\",\"@id\":\"https:\\\/\\\/www.sinergiahumanitaria.cl\\\/portal\\\/2023\\\/09\\\/13\\\/destino-puerto-cisnes\\\/\",\"url\":\"https:\\\/\\\/www.sinergiahumanitaria.cl\\\/portal\\\/2023\\\/09\\\/13\\\/destino-puerto-cisnes\\\/\",\"name\":\"Destino: Puerto Cisnes - Fundaci\u00f3n Sinergia Humanitaria\",\"isPartOf\":{\"@id\":\"https:\\\/\\\/www.sinergiahumanitaria.cl\\\/portal\\\/#website\"},\"primaryImageOfPage\":{\"@id\":\"https:\\\/\\\/www.sinergiahumanitaria.cl\\\/portal\\\/2023\\\/09\\\/13\\\/destino-puerto-cisnes\\\/#primaryimage\"},\"image\":{\"@id\":\"https:\\\/\\\/www.sinergiahumanitaria.cl\\\/portal\\\/2023\\\/09\\\/13\\\/destino-puerto-cisnes\\\/#primaryimage\"},\"thumbnailUrl\":\"https:\\\/\\\/www.sinergiahumanitaria.cl\\\/portal\\\/wp-content\\\/uploads\\\/2023\\\/09\\\/3-1.jpeg\",\"datePublished\":\"2023-09-14T00:00:33+00:00\",\"dateModified\":\"2024-05-09T11:29:24+00:00\",\"breadcrumb\":{\"@id\":\"https:\\\/\\\/www.sinergiahumanitaria.cl\\\/portal\\\/2023\\\/09\\\/13\\\/destino-puerto-cisnes\\\/#breadcrumb\"},\"inLanguage\":\"es-CL\",\"potentialAction\":[{\"@type\":\"ReadAction\",\"target\":[\"https:\\\/\\\/www.sinergiahumanitaria.cl\\\/portal\\\/2023\\\/09\\\/13\\\/destino-puerto-cisnes\\\/\"]}]},{\"@type\":\"ImageObject\",\"inLanguage\":\"es-CL\",\"@id\":\"https:\\\/\\\/www.sinergiahumanitaria.cl\\\/portal\\\/2023\\\/09\\\/13\\\/destino-puerto-cisnes\\\/#primaryimage\",\"url\":\"https:\\\/\\\/www.sinergiahumanitaria.cl\\\/portal\\\/wp-content\\\/uploads\\\/2023\\\/09\\\/3-1.jpeg\",\"contentUrl\":\"https:\\\/\\\/www.sinergiahumanitaria.cl\\\/portal\\\/wp-content\\\/uploads\\\/2023\\\/09\\\/3-1.jpeg\",\"width\":1512,\"height\":1512},{\"@type\":\"BreadcrumbList\",\"@id\":\"https:\\\/\\\/www.sinergiahumanitaria.cl\\\/portal\\\/2023\\\/09\\\/13\\\/destino-puerto-cisnes\\\/#breadcrumb\",\"itemListElement\":[{\"@type\":\"ListItem\",\"position\":1,\"name\":\"Portada\",\"item\":\"https:\\\/\\\/www.sinergiahumanitaria.cl\\\/portal\\\/\"},{\"@type\":\"ListItem\",\"position\":2,\"name\":\"Destino: Puerto Cisnes\"}]},{\"@type\":\"WebSite\",\"@id\":\"https:\\\/\\\/www.sinergiahumanitaria.cl\\\/portal\\\/#website\",\"url\":\"https:\\\/\\\/www.sinergiahumanitaria.cl\\\/portal\\\/\",\"name\":\"Fundaci\u00f3n Sinergia Humanitaria\",\"description\":\"Acci\u00f3n Solidaria desde 2001\",\"publisher\":{\"@id\":\"https:\\\/\\\/www.sinergiahumanitaria.cl\\\/portal\\\/#organization\"},\"potentialAction\":[{\"@type\":\"SearchAction\",\"target\":{\"@type\":\"EntryPoint\",\"urlTemplate\":\"https:\\\/\\\/www.sinergiahumanitaria.cl\\\/portal\\\/?s={search_term_string}\"},\"query-input\":{\"@type\":\"PropertyValueSpecification\",\"valueRequired\":true,\"valueName\":\"search_term_string\"}}],\"inLanguage\":\"es-CL\"},{\"@type\":\"Organization\",\"@id\":\"https:\\\/\\\/www.sinergiahumanitaria.cl\\\/portal\\\/#organization\",\"name\":\"Fundaci\u00f3n Sinergia Humanitaria\",\"url\":\"https:\\\/\\\/www.sinergiahumanitaria.cl\\\/portal\\\/\",\"logo\":{\"@type\":\"ImageObject\",\"inLanguage\":\"es-CL\",\"@id\":\"https:\\\/\\\/www.sinergiahumanitaria.cl\\\/portal\\\/#\\\/schema\\\/logo\\\/image\\\/\",\"url\":\"https:\\\/\\\/www.sinergiahumanitaria.cl\\\/portal\\\/wp-content\\\/uploads\\\/2020\\\/07\\\/LOGO-jpg-scaled.jpg\",\"contentUrl\":\"https:\\\/\\\/www.sinergiahumanitaria.cl\\\/portal\\\/wp-content\\\/uploads\\\/2020\\\/07\\\/LOGO-jpg-scaled.jpg\",\"width\":2560,\"height\":1440,\"caption\":\"Fundaci\u00f3n Sinergia Humanitaria\"},\"image\":{\"@id\":\"https:\\\/\\\/www.sinergiahumanitaria.cl\\\/portal\\\/#\\\/schema\\\/logo\\\/image\\\/\"},\"sameAs\":[\"https:\\\/\\\/www.facebook.com\\\/sinergiahumanitaria\\\/\",\"https:\\\/\\\/x.com\\\/fsinergiah\",\"https:\\\/\\\/www.instagram.com\\\/fsinergiah\\\/\"]},{\"@type\":\"Person\",\"@id\":\"https:\\\/\\\/www.sinergiahumanitaria.cl\\\/portal\\\/#\\\/schema\\\/person\\\/6c21471c8460d29d6013c6d5196156ed\",\"name\":\"pzavala\",\"image\":{\"@type\":\"ImageObject\",\"inLanguage\":\"es-CL\",\"@id\":\"https:\\\/\\\/secure.gravatar.com\\\/avatar\\\/3fca3b3977ef43d2b34e0b5d0849b0dc28d3e805e72577c02e835f10a9f05214?s=96&d=mm&r=g\",\"url\":\"https:\\\/\\\/secure.gravatar.com\\\/avatar\\\/3fca3b3977ef43d2b34e0b5d0849b0dc28d3e805e72577c02e835f10a9f05214?s=96&d=mm&r=g\",\"contentUrl\":\"https:\\\/\\\/secure.gravatar.com\\\/avatar\\\/3fca3b3977ef43d2b34e0b5d0849b0dc28d3e805e72577c02e835f10a9f05214?s=96&d=mm&r=g\",\"caption\":\"pzavala\"},\"url\":\"https:\\\/\\\/www.sinergiahumanitaria.cl\\\/portal\\\/author\\\/pzavala\\\/\"}]}<\/script>\n<!-- \/ Yoast SEO plugin. -->","yoast_head_json":{"title":"Destino: Puerto Cisnes - Fundaci\u00f3n Sinergia Humanitaria","robots":{"index":"index","follow":"follow","max-snippet":"max-snippet:-1","max-image-preview":"max-image-preview:large","max-video-preview":"max-video-preview:-1"},"canonical":"https:\/\/www.sinergiahumanitaria.cl\/portal\/2023\/09\/13\/destino-puerto-cisnes\/","og_locale":"es_ES","og_type":"article","og_title":"Destino: Puerto Cisnes - Fundaci\u00f3n Sinergia Humanitaria","og_description":"Fundaci\u00f3n Sinergia Humanitaria contin\u00faa ampliando su compromiso con aquellas comunidades preocupada del respeto a la dignidad y bienestar de adultos mayores y personas con discapacidad. En esta ocasi\u00f3n nos haremos presente en Puerto Cisnes.","og_url":"https:\/\/www.sinergiahumanitaria.cl\/portal\/2023\/09\/13\/destino-puerto-cisnes\/","og_site_name":"Fundaci\u00f3n Sinergia Humanitaria","article_publisher":"https:\/\/www.facebook.com\/sinergiahumanitaria\/","article_published_time":"2023-09-14T00:00:33+00:00","article_modified_time":"2024-05-09T11:29:24+00:00","og_image":[{"width":1512,"height":1512,"url":"https:\/\/www.sinergiahumanitaria.cl\/portal\/wp-content\/uploads\/2023\/09\/3-1.jpeg","type":"image\/jpeg"}],"author":"pzavala","twitter_card":"summary_large_image","twitter_creator":"@fsinergiah","twitter_site":"@fsinergiah","twitter_misc":{"Escrito por":"pzavala","Tiempo estimado de lectura":"1 minuto"},"schema":{"@context":"https:\/\/schema.org","@graph":[{"@type":"Article","@id":"https:\/\/www.sinergiahumanitaria.cl\/portal\/2023\/09\/13\/destino-puerto-cisnes\/#article","isPartOf":{"@id":"https:\/\/www.sinergiahumanitaria.cl\/portal\/2023\/09\/13\/destino-puerto-cisnes\/"},"author":{"name":"pzavala","@id":"https:\/\/www.sinergiahumanitaria.cl\/portal\/#\/schema\/person\/6c21471c8460d29d6013c6d5196156ed"},"headline":"Destino: Puerto Cisnes","datePublished":"2023-09-14T00:00:33+00:00","dateModified":"2024-05-09T11:29:24+00:00","mainEntityOfPage":{"@id":"https:\/\/www.sinergiahumanitaria.cl\/portal\/2023\/09\/13\/destino-puerto-cisnes\/"},"wordCount":66,"publisher":{"@id":"https:\/\/www.sinergiahumanitaria.cl\/portal\/#organization"},"image":{"@id":"https:\/\/www.sinergiahumanitaria.cl\/portal\/2023\/09\/13\/destino-puerto-cisnes\/#primaryimage"},"thumbnailUrl":"https:\/\/www.sinergiahumanitaria.cl\/portal\/wp-content\/uploads\/2023\/09\/3-1.jpeg","articleSection":["Donaciones","Puerto Cisnes"],"inLanguage":"es-CL"},{"@type":"WebPage","@id":"https:\/\/www.sinergiahumanitaria.cl\/portal\/2023\/09\/13\/destino-puerto-cisnes\/","url":"https:\/\/www.sinergiahumanitaria.cl\/portal\/2023\/09\/13\/destino-puerto-cisnes\/","name":"Destino: Puerto Cisnes - Fundaci\u00f3n Sinergia Humanitaria","isPartOf":{"@id":"https:\/\/www.sinergiahumanitaria.cl\/portal\/#website"},"primaryImageOfPage":{"@id":"https:\/\/www.sinergiahumanitaria.cl\/portal\/2023\/09\/13\/destino-puerto-cisnes\/#primaryimage"},"image":{"@id":"https:\/\/www.sinergiahumanitaria.cl\/portal\/2023\/09\/13\/destino-puerto-cisnes\/#primaryimage"},"thumbnailUrl":"https:\/\/www.sinergiahumanitaria.cl\/portal\/wp-content\/uploads\/2023\/09\/3-1.jpeg","datePublished":"2023-09-14T00:00:33+00:00","dateModified":"2024-05-09T11:29:24+00:00","breadcrumb":{"@id":"https:\/\/www.sinergiahumanitaria.cl\/portal\/2023\/09\/13\/destino-puerto-cisnes\/#breadcrumb"},"inLanguage":"es-CL","potentialAction":[{"@type":"ReadAction","target":["https:\/\/www.sinergiahumanitaria.cl\/portal\/2023\/09\/13\/destino-puerto-cisnes\/"]}]},{"@type":"ImageObject","inLanguage":"es-CL","@id":"https:\/\/www.sinergiahumanitaria.cl\/portal\/2023\/09\/13\/destino-puerto-cisnes\/#primaryimage","url":"https:\/\/www.sinergiahumanitaria.cl\/portal\/wp-content\/uploads\/2023\/09\/3-1.jpeg","contentUrl":"https:\/\/www.sinergiahumanitaria.cl\/portal\/wp-content\/uploads\/2023\/09\/3-1.jpeg","width":1512,"height":1512},{"@type":"BreadcrumbList","@id":"https:\/\/www.sinergiahumanitaria.cl\/portal\/2023\/09\/13\/destino-puerto-cisnes\/#breadcrumb","itemListElement":[{"@type":"ListItem","position":1,"name":"Portada","item":"https:\/\/www.sinergiahumanitaria.cl\/portal\/"},{"@type":"ListItem","position":2,"name":"Destino: Puerto Cisnes"}]},{"@type":"WebSite","@id":"https:\/\/www.sinergiahumanitaria.cl\/portal\/#website","url":"https:\/\/www.sinergiahumanitaria.cl\/portal\/","name":"Fundaci\u00f3n Sinergia Humanitaria","description":"Acci\u00f3n Solidaria desde 2001","publisher":{"@id":"https:\/\/www.sinergiahumanitaria.cl\/portal\/#organization"},"potentialAction":[{"@type":"SearchAction","target":{"@type":"EntryPoint","urlTemplate":"https:\/\/www.sinergiahumanitaria.cl\/portal\/?s={search_term_string}"},"query-input":{"@type":"PropertyValueSpecification","valueRequired":true,"valueName":"search_term_string"}}],"inLanguage":"es-CL"},{"@type":"Organization","@id":"https:\/\/www.sinergiahumanitaria.cl\/portal\/#organization","name":"Fundaci\u00f3n Sinergia Humanitaria","url":"https:\/\/www.sinergiahumanitaria.cl\/portal\/","logo":{"@type":"ImageObject","inLanguage":"es-CL","@id":"https:\/\/www.sinergiahumanitaria.cl\/portal\/#\/schema\/logo\/image\/","url":"https:\/\/www.sinergiahumanitaria.cl\/portal\/wp-content\/uploads\/2020\/07\/LOGO-jpg-scaled.jpg","contentUrl":"https:\/\/www.sinergiahumanitaria.cl\/portal\/wp-content\/uploads\/2020\/07\/LOGO-jpg-scaled.jpg","width":2560,"height":1440,"caption":"Fundaci\u00f3n Sinergia Humanitaria"},"image":{"@id":"https:\/\/www.sinergiahumanitaria.cl\/portal\/#\/schema\/logo\/image\/"},"sameAs":["https:\/\/www.facebook.com\/sinergiahumanitaria\/","https:\/\/x.com\/fsinergiah","https:\/\/www.instagram.com\/fsinergiah\/"]},{"@type":"Person","@id":"https:\/\/www.sinergiahumanitaria.cl\/portal\/#\/schema\/person\/6c21471c8460d29d6013c6d5196156ed","name":"pzavala","image":{"@type":"ImageObject","inLanguage":"es-CL","@id":"https:\/\/secure.gravatar.com\/avatar\/3fca3b3977ef43d2b34e0b5d0849b0dc28d3e805e72577c02e835f10a9f05214?s=96&d=mm&r=g","url":"https:\/\/secure.gravatar.com\/avatar\/3fca3b3977ef43d2b34e0b5d0849b0dc28d3e805e72577c02e835f10a9f05214?s=96&d=mm&r=g","contentUrl":"https:\/\/secure.gravatar.com\/avatar\/3fca3b3977ef43d2b34e0b5d0849b0dc28d3e805e72577c02e835f10a9f05214?s=96&d=mm&r=g","caption":"pzavala"},"url":"https:\/\/www.sinergiahumanitaria.cl\/portal\/author\/pzavala\/"}]}},"_links":{"self":[{"href":"https:\/\/www.sinergiahumanitaria.cl\/portal\/wp-json\/wp\/v2\/posts\/6343","targetHints":{"allow":["GET"]}}],"collection":[{"href":"https:\/\/www.sinergiahumanitaria.cl\/portal\/wp-json\/wp\/v2\/posts"}],"about":[{"href":"https:\/\/www.sinergiahumanitaria.cl\/portal\/wp-json\/wp\/v2\/types\/post"}],"author":[{"embeddable":true,"href":"https:\/\/www.sinergiahumanitaria.cl\/portal\/wp-json\/wp\/v2\/users\/6"}],"replies":[{"embeddable":true,"href":"https:\/\/www.sinergiahumanitaria.cl\/portal\/wp-json\/wp\/v2\/comments?post=6343"}],"version-history":[{"count":7,"href":"https:\/\/www.sinergiahumanitaria.cl\/portal\/wp-json\/wp\/v2\/posts\/6343\/revisions"}],"predecessor-version":[{"id":7058,"href":"https:\/\/www.sinergiahumanitaria.cl\/portal\/wp-json\/wp\/v2\/posts\/6343\/revisions\/7058"}],"wp:featuredmedia":[{"embeddable":true,"href":"https:\/\/www.sinergiahumanitaria.cl\/portal\/wp-json\/wp\/v2\/media\/6346"}],"wp:attachment":[{"href":"https:\/\/www.sinergiahumanitaria.cl\/portal\/wp-json\/wp\/v2\/media?parent=6343"}],"wp:term":[{"taxonomy":"category","embeddable":true,"href":"https:\/\/www.sinergiahumanitaria.cl\/portal\/wp-json\/wp\/v2\/categories?post=6343"},{"taxonomy":"post_tag","embeddable":true,"href":"https:\/\/www.sinergiahumanitaria.cl\/portal\/wp-json\/wp\/v2\/tags?post=6343"}],"curies":[{"name":"wp","href":"https:\/\/api.w.org\/{rel}","templated":true}]}}