{"id":6592,"date":"2023-12-20T16:25:40","date_gmt":"2023-12-20T19:25:40","guid":{"rendered":"https:\/\/www.sinergiahumanitaria.cl\/portal\/?p=6592"},"modified":"2024-05-09T07:36:17","modified_gmt":"2024-05-09T11:36:17","slug":"video-llegada-a-angol-de-contenedor-de-ayuda-humanitaria-desde-suiza","status":"publish","type":"post","link":"https:\/\/www.sinergiahumanitaria.cl\/portal\/2023\/12\/20\/video-llegada-a-angol-de-contenedor-de-ayuda-humanitaria-desde-suiza\/","title":{"rendered":"[VIDEO] Llegada a Angol de contenedor de ayuda humanitaria desde Suiza"},"content":{"rendered":"<p>\u00a1Hoy celebramos la llegada del Tercer Contenedor de ayuda a Angol. La generosa donaci\u00f3n de la Orden de Malta incluye 36 catres cl\u00ednicos, sillas de ruedas y m\u00e1s, destinadas a mejorar la calidad de vida de quienes enfrentan discapacidad o movilidad reducida en nuestra comunidad. #JuntosPorUnaVidaMejor #AngolSolidario \ud83e\udd1d\ud83c\udf1f \u00a1Seguimos trabajando para hacer la diferencia! <\/p>\n","protected":false},"excerpt":{"rendered":"<p>\u00a1Hoy celebramos la llegada del Tercer Contenedor de ayuda a Angol. La generosa donaci\u00f3n de la Orden de Malta incluye 36 catres cl\u00ednicos, sillas de ruedas y m\u00e1s, destinadas a mejorar la calidad de vida de quienes enfrentan discapacidad o movilidad reducida en nuestra comunidad. #JuntosPorUnaVidaMejor #AngolSolidario \ud83e\udd1d\ud83c\udf1f \u00a1Seguimos trabajando para hacer la diferencia!<\/p>\n","protected":false},"author":6,"featured_media":6589,"comment_status":"closed","ping_status":"open","sticky":false,"template":"","format":"video","meta":{"footnotes":""},"categories":[58,13],"tags":[],"class_list":["post-6592","post","type-post","status-publish","format-video","has-post-thumbnail","hentry","category-angol","category-donaciones","post_format-post-format-video"],"yoast_head":"<!-- This site is optimized with the Yoast SEO plugin v27.5 - https:\/\/yoast.com\/product\/yoast-seo-wordpress\/ -->\n<title>[VIDEO] Llegada a Angol de contenedor de ayuda humanitaria desde Suiza - Fundaci\u00f3n Sinergia Humanitaria<\/title>\n<meta name=\"robots\" content=\"index, follow, max-snippet:-1, max-image-preview:large, max-video-preview:-1\" \/>\n<link rel=\"canonical\" href=\"https:\/\/www.sinergiahumanitaria.cl\/portal\/2023\/12\/20\/video-llegada-a-angol-de-contenedor-de-ayuda-humanitaria-desde-suiza\/\" \/>\n<meta property=\"og:locale\" content=\"es_ES\" \/>\n<meta property=\"og:type\" content=\"article\" \/>\n<meta property=\"og:title\" content=\"[VIDEO] Llegada a Angol de contenedor de ayuda humanitaria desde Suiza - Fundaci\u00f3n Sinergia Humanitaria\" \/>\n<meta property=\"og:description\" content=\"\u00a1Hoy celebramos la llegada del Tercer Contenedor de ayuda a Angol. La generosa donaci\u00f3n de la Orden de Malta incluye 36 catres cl\u00ednicos, sillas de ruedas y m\u00e1s, destinadas a mejorar la calidad de vida de quienes enfrentan discapacidad o movilidad reducida en nuestra comunidad. #JuntosPorUnaVidaMejor #AngolSolidario \ud83e\udd1d\ud83c\udf1f \u00a1Seguimos trabajando para hacer la diferencia!\" \/>\n<meta property=\"og:url\" content=\"https:\/\/www.sinergiahumanitaria.cl\/portal\/2023\/12\/20\/video-llegada-a-angol-de-contenedor-de-ayuda-humanitaria-desde-suiza\/\" \/>\n<meta property=\"og:site_name\" content=\"Fundaci\u00f3n Sinergia Humanitaria\" \/>\n<meta property=\"article:publisher\" content=\"https:\/\/www.facebook.com\/sinergiahumanitaria\/\" \/>\n<meta property=\"article:published_time\" content=\"2023-12-20T19:25:40+00:00\" \/>\n<meta property=\"article:modified_time\" content=\"2024-05-09T11:36:17+00:00\" \/>\n<meta property=\"og:image\" content=\"https:\/\/www.sinergiahumanitaria.cl\/portal\/wp-content\/uploads\/2023\/12\/412112587_741191834701854_3645869762199923239_n.jpg\" \/>\n\t<meta property=\"og:image:width\" content=\"2048\" \/>\n\t<meta property=\"og:image:height\" content=\"1536\" \/>\n\t<meta property=\"og:image:type\" content=\"image\/jpeg\" \/>\n<meta name=\"author\" content=\"pzavala\" \/>\n<meta name=\"twitter:card\" content=\"summary_large_image\" \/>\n<meta name=\"twitter:creator\" content=\"@fsinergiah\" \/>\n<meta name=\"twitter:site\" content=\"@fsinergiah\" \/>\n<meta name=\"twitter:label1\" content=\"Escrito por\" \/>\n\t<meta name=\"twitter:data1\" content=\"pzavala\" \/>\n\t<meta name=\"twitter:label2\" content=\"Tiempo estimado de lectura\" \/>\n\t<meta name=\"twitter:data2\" content=\"1 minuto\" \/>\n<script type=\"application\/ld+json\" class=\"yoast-schema-graph\">{\"@context\":\"https:\\\/\\\/schema.org\",\"@graph\":[{\"@type\":\"Article\",\"@id\":\"https:\\\/\\\/www.sinergiahumanitaria.cl\\\/portal\\\/2023\\\/12\\\/20\\\/video-llegada-a-angol-de-contenedor-de-ayuda-humanitaria-desde-suiza\\\/#article\",\"isPartOf\":{\"@id\":\"https:\\\/\\\/www.sinergiahumanitaria.cl\\\/portal\\\/2023\\\/12\\\/20\\\/video-llegada-a-angol-de-contenedor-de-ayuda-humanitaria-desde-suiza\\\/\"},\"author\":{\"name\":\"pzavala\",\"@id\":\"https:\\\/\\\/www.sinergiahumanitaria.cl\\\/portal\\\/#\\\/schema\\\/person\\\/6c21471c8460d29d6013c6d5196156ed\"},\"headline\":\"[VIDEO] Llegada a Angol de contenedor de ayuda humanitaria desde Suiza\",\"datePublished\":\"2023-12-20T19:25:40+00:00\",\"dateModified\":\"2024-05-09T11:36:17+00:00\",\"mainEntityOfPage\":{\"@id\":\"https:\\\/\\\/www.sinergiahumanitaria.cl\\\/portal\\\/2023\\\/12\\\/20\\\/video-llegada-a-angol-de-contenedor-de-ayuda-humanitaria-desde-suiza\\\/\"},\"wordCount\":66,\"publisher\":{\"@id\":\"https:\\\/\\\/www.sinergiahumanitaria.cl\\\/portal\\\/#organization\"},\"image\":{\"@id\":\"https:\\\/\\\/www.sinergiahumanitaria.cl\\\/portal\\\/2023\\\/12\\\/20\\\/video-llegada-a-angol-de-contenedor-de-ayuda-humanitaria-desde-suiza\\\/#primaryimage\"},\"thumbnailUrl\":\"https:\\\/\\\/www.sinergiahumanitaria.cl\\\/portal\\\/wp-content\\\/uploads\\\/2023\\\/12\\\/412112587_741191834701854_3645869762199923239_n.jpg\",\"articleSection\":[\"Angol\",\"Donaciones\"],\"inLanguage\":\"es-CL\"},{\"@type\":\"WebPage\",\"@id\":\"https:\\\/\\\/www.sinergiahumanitaria.cl\\\/portal\\\/2023\\\/12\\\/20\\\/video-llegada-a-angol-de-contenedor-de-ayuda-humanitaria-desde-suiza\\\/\",\"url\":\"https:\\\/\\\/www.sinergiahumanitaria.cl\\\/portal\\\/2023\\\/12\\\/20\\\/video-llegada-a-angol-de-contenedor-de-ayuda-humanitaria-desde-suiza\\\/\",\"name\":\"[VIDEO] Llegada a Angol de contenedor de ayuda humanitaria desde Suiza - Fundaci\u00f3n Sinergia Humanitaria\",\"isPartOf\":{\"@id\":\"https:\\\/\\\/www.sinergiahumanitaria.cl\\\/portal\\\/#website\"},\"primaryImageOfPage\":{\"@id\":\"https:\\\/\\\/www.sinergiahumanitaria.cl\\\/portal\\\/2023\\\/12\\\/20\\\/video-llegada-a-angol-de-contenedor-de-ayuda-humanitaria-desde-suiza\\\/#primaryimage\"},\"image\":{\"@id\":\"https:\\\/\\\/www.sinergiahumanitaria.cl\\\/portal\\\/2023\\\/12\\\/20\\\/video-llegada-a-angol-de-contenedor-de-ayuda-humanitaria-desde-suiza\\\/#primaryimage\"},\"thumbnailUrl\":\"https:\\\/\\\/www.sinergiahumanitaria.cl\\\/portal\\\/wp-content\\\/uploads\\\/2023\\\/12\\\/412112587_741191834701854_3645869762199923239_n.jpg\",\"datePublished\":\"2023-12-20T19:25:40+00:00\",\"dateModified\":\"2024-05-09T11:36:17+00:00\",\"breadcrumb\":{\"@id\":\"https:\\\/\\\/www.sinergiahumanitaria.cl\\\/portal\\\/2023\\\/12\\\/20\\\/video-llegada-a-angol-de-contenedor-de-ayuda-humanitaria-desde-suiza\\\/#breadcrumb\"},\"inLanguage\":\"es-CL\",\"potentialAction\":[{\"@type\":\"ReadAction\",\"target\":[\"https:\\\/\\\/www.sinergiahumanitaria.cl\\\/portal\\\/2023\\\/12\\\/20\\\/video-llegada-a-angol-de-contenedor-de-ayuda-humanitaria-desde-suiza\\\/\"]}]},{\"@type\":\"ImageObject\",\"inLanguage\":\"es-CL\",\"@id\":\"https:\\\/\\\/www.sinergiahumanitaria.cl\\\/portal\\\/2023\\\/12\\\/20\\\/video-llegada-a-angol-de-contenedor-de-ayuda-humanitaria-desde-suiza\\\/#primaryimage\",\"url\":\"https:\\\/\\\/www.sinergiahumanitaria.cl\\\/portal\\\/wp-content\\\/uploads\\\/2023\\\/12\\\/412112587_741191834701854_3645869762199923239_n.jpg\",\"contentUrl\":\"https:\\\/\\\/www.sinergiahumanitaria.cl\\\/portal\\\/wp-content\\\/uploads\\\/2023\\\/12\\\/412112587_741191834701854_3645869762199923239_n.jpg\",\"width\":2048,\"height\":1536},{\"@type\":\"BreadcrumbList\",\"@id\":\"https:\\\/\\\/www.sinergiahumanitaria.cl\\\/portal\\\/2023\\\/12\\\/20\\\/video-llegada-a-angol-de-contenedor-de-ayuda-humanitaria-desde-suiza\\\/#breadcrumb\",\"itemListElement\":[{\"@type\":\"ListItem\",\"position\":1,\"name\":\"Portada\",\"item\":\"https:\\\/\\\/www.sinergiahumanitaria.cl\\\/portal\\\/\"},{\"@type\":\"ListItem\",\"position\":2,\"name\":\"[VIDEO] Llegada a Angol de contenedor de ayuda humanitaria desde Suiza\"}]},{\"@type\":\"WebSite\",\"@id\":\"https:\\\/\\\/www.sinergiahumanitaria.cl\\\/portal\\\/#website\",\"url\":\"https:\\\/\\\/www.sinergiahumanitaria.cl\\\/portal\\\/\",\"name\":\"Fundaci\u00f3n Sinergia Humanitaria\",\"description\":\"Acci\u00f3n Solidaria desde 2001\",\"publisher\":{\"@id\":\"https:\\\/\\\/www.sinergiahumanitaria.cl\\\/portal\\\/#organization\"},\"potentialAction\":[{\"@type\":\"SearchAction\",\"target\":{\"@type\":\"EntryPoint\",\"urlTemplate\":\"https:\\\/\\\/www.sinergiahumanitaria.cl\\\/portal\\\/?s={search_term_string}\"},\"query-input\":{\"@type\":\"PropertyValueSpecification\",\"valueRequired\":true,\"valueName\":\"search_term_string\"}}],\"inLanguage\":\"es-CL\"},{\"@type\":\"Organization\",\"@id\":\"https:\\\/\\\/www.sinergiahumanitaria.cl\\\/portal\\\/#organization\",\"name\":\"Fundaci\u00f3n Sinergia Humanitaria\",\"url\":\"https:\\\/\\\/www.sinergiahumanitaria.cl\\\/portal\\\/\",\"logo\":{\"@type\":\"ImageObject\",\"inLanguage\":\"es-CL\",\"@id\":\"https:\\\/\\\/www.sinergiahumanitaria.cl\\\/portal\\\/#\\\/schema\\\/logo\\\/image\\\/\",\"url\":\"https:\\\/\\\/www.sinergiahumanitaria.cl\\\/portal\\\/wp-content\\\/uploads\\\/2020\\\/07\\\/LOGO-jpg-scaled.jpg\",\"contentUrl\":\"https:\\\/\\\/www.sinergiahumanitaria.cl\\\/portal\\\/wp-content\\\/uploads\\\/2020\\\/07\\\/LOGO-jpg-scaled.jpg\",\"width\":2560,\"height\":1440,\"caption\":\"Fundaci\u00f3n Sinergia Humanitaria\"},\"image\":{\"@id\":\"https:\\\/\\\/www.sinergiahumanitaria.cl\\\/portal\\\/#\\\/schema\\\/logo\\\/image\\\/\"},\"sameAs\":[\"https:\\\/\\\/www.facebook.com\\\/sinergiahumanitaria\\\/\",\"https:\\\/\\\/x.com\\\/fsinergiah\",\"https:\\\/\\\/www.instagram.com\\\/fsinergiah\\\/\"]},{\"@type\":\"Person\",\"@id\":\"https:\\\/\\\/www.sinergiahumanitaria.cl\\\/portal\\\/#\\\/schema\\\/person\\\/6c21471c8460d29d6013c6d5196156ed\",\"name\":\"pzavala\",\"image\":{\"@type\":\"ImageObject\",\"inLanguage\":\"es-CL\",\"@id\":\"https:\\\/\\\/secure.gravatar.com\\\/avatar\\\/3fca3b3977ef43d2b34e0b5d0849b0dc28d3e805e72577c02e835f10a9f05214?s=96&d=mm&r=g\",\"url\":\"https:\\\/\\\/secure.gravatar.com\\\/avatar\\\/3fca3b3977ef43d2b34e0b5d0849b0dc28d3e805e72577c02e835f10a9f05214?s=96&d=mm&r=g\",\"contentUrl\":\"https:\\\/\\\/secure.gravatar.com\\\/avatar\\\/3fca3b3977ef43d2b34e0b5d0849b0dc28d3e805e72577c02e835f10a9f05214?s=96&d=mm&r=g\",\"caption\":\"pzavala\"},\"url\":\"https:\\\/\\\/www.sinergiahumanitaria.cl\\\/portal\\\/author\\\/pzavala\\\/\"}]}<\/script>\n<!-- \/ Yoast SEO plugin. -->","yoast_head_json":{"title":"[VIDEO] Llegada a Angol de contenedor de ayuda humanitaria desde Suiza - Fundaci\u00f3n Sinergia Humanitaria","robots":{"index":"index","follow":"follow","max-snippet":"max-snippet:-1","max-image-preview":"max-image-preview:large","max-video-preview":"max-video-preview:-1"},"canonical":"https:\/\/www.sinergiahumanitaria.cl\/portal\/2023\/12\/20\/video-llegada-a-angol-de-contenedor-de-ayuda-humanitaria-desde-suiza\/","og_locale":"es_ES","og_type":"article","og_title":"[VIDEO] Llegada a Angol de contenedor de ayuda humanitaria desde Suiza - Fundaci\u00f3n Sinergia Humanitaria","og_description":"\u00a1Hoy celebramos la llegada del Tercer Contenedor de ayuda a Angol. La generosa donaci\u00f3n de la Orden de Malta incluye 36 catres cl\u00ednicos, sillas de ruedas y m\u00e1s, destinadas a mejorar la calidad de vida de quienes enfrentan discapacidad o movilidad reducida en nuestra comunidad. #JuntosPorUnaVidaMejor #AngolSolidario \ud83e\udd1d\ud83c\udf1f \u00a1Seguimos trabajando para hacer la diferencia!","og_url":"https:\/\/www.sinergiahumanitaria.cl\/portal\/2023\/12\/20\/video-llegada-a-angol-de-contenedor-de-ayuda-humanitaria-desde-suiza\/","og_site_name":"Fundaci\u00f3n Sinergia Humanitaria","article_publisher":"https:\/\/www.facebook.com\/sinergiahumanitaria\/","article_published_time":"2023-12-20T19:25:40+00:00","article_modified_time":"2024-05-09T11:36:17+00:00","og_image":[{"width":2048,"height":1536,"url":"https:\/\/www.sinergiahumanitaria.cl\/portal\/wp-content\/uploads\/2023\/12\/412112587_741191834701854_3645869762199923239_n.jpg","type":"image\/jpeg"}],"author":"pzavala","twitter_card":"summary_large_image","twitter_creator":"@fsinergiah","twitter_site":"@fsinergiah","twitter_misc":{"Escrito por":"pzavala","Tiempo estimado de lectura":"1 minuto"},"schema":{"@context":"https:\/\/schema.org","@graph":[{"@type":"Article","@id":"https:\/\/www.sinergiahumanitaria.cl\/portal\/2023\/12\/20\/video-llegada-a-angol-de-contenedor-de-ayuda-humanitaria-desde-suiza\/#article","isPartOf":{"@id":"https:\/\/www.sinergiahumanitaria.cl\/portal\/2023\/12\/20\/video-llegada-a-angol-de-contenedor-de-ayuda-humanitaria-desde-suiza\/"},"author":{"name":"pzavala","@id":"https:\/\/www.sinergiahumanitaria.cl\/portal\/#\/schema\/person\/6c21471c8460d29d6013c6d5196156ed"},"headline":"[VIDEO] Llegada a Angol de contenedor de ayuda humanitaria desde Suiza","datePublished":"2023-12-20T19:25:40+00:00","dateModified":"2024-05-09T11:36:17+00:00","mainEntityOfPage":{"@id":"https:\/\/www.sinergiahumanitaria.cl\/portal\/2023\/12\/20\/video-llegada-a-angol-de-contenedor-de-ayuda-humanitaria-desde-suiza\/"},"wordCount":66,"publisher":{"@id":"https:\/\/www.sinergiahumanitaria.cl\/portal\/#organization"},"image":{"@id":"https:\/\/www.sinergiahumanitaria.cl\/portal\/2023\/12\/20\/video-llegada-a-angol-de-contenedor-de-ayuda-humanitaria-desde-suiza\/#primaryimage"},"thumbnailUrl":"https:\/\/www.sinergiahumanitaria.cl\/portal\/wp-content\/uploads\/2023\/12\/412112587_741191834701854_3645869762199923239_n.jpg","articleSection":["Angol","Donaciones"],"inLanguage":"es-CL"},{"@type":"WebPage","@id":"https:\/\/www.sinergiahumanitaria.cl\/portal\/2023\/12\/20\/video-llegada-a-angol-de-contenedor-de-ayuda-humanitaria-desde-suiza\/","url":"https:\/\/www.sinergiahumanitaria.cl\/portal\/2023\/12\/20\/video-llegada-a-angol-de-contenedor-de-ayuda-humanitaria-desde-suiza\/","name":"[VIDEO] Llegada a Angol de contenedor de ayuda humanitaria desde Suiza - Fundaci\u00f3n Sinergia Humanitaria","isPartOf":{"@id":"https:\/\/www.sinergiahumanitaria.cl\/portal\/#website"},"primaryImageOfPage":{"@id":"https:\/\/www.sinergiahumanitaria.cl\/portal\/2023\/12\/20\/video-llegada-a-angol-de-contenedor-de-ayuda-humanitaria-desde-suiza\/#primaryimage"},"image":{"@id":"https:\/\/www.sinergiahumanitaria.cl\/portal\/2023\/12\/20\/video-llegada-a-angol-de-contenedor-de-ayuda-humanitaria-desde-suiza\/#primaryimage"},"thumbnailUrl":"https:\/\/www.sinergiahumanitaria.cl\/portal\/wp-content\/uploads\/2023\/12\/412112587_741191834701854_3645869762199923239_n.jpg","datePublished":"2023-12-20T19:25:40+00:00","dateModified":"2024-05-09T11:36:17+00:00","breadcrumb":{"@id":"https:\/\/www.sinergiahumanitaria.cl\/portal\/2023\/12\/20\/video-llegada-a-angol-de-contenedor-de-ayuda-humanitaria-desde-suiza\/#breadcrumb"},"inLanguage":"es-CL","potentialAction":[{"@type":"ReadAction","target":["https:\/\/www.sinergiahumanitaria.cl\/portal\/2023\/12\/20\/video-llegada-a-angol-de-contenedor-de-ayuda-humanitaria-desde-suiza\/"]}]},{"@type":"ImageObject","inLanguage":"es-CL","@id":"https:\/\/www.sinergiahumanitaria.cl\/portal\/2023\/12\/20\/video-llegada-a-angol-de-contenedor-de-ayuda-humanitaria-desde-suiza\/#primaryimage","url":"https:\/\/www.sinergiahumanitaria.cl\/portal\/wp-content\/uploads\/2023\/12\/412112587_741191834701854_3645869762199923239_n.jpg","contentUrl":"https:\/\/www.sinergiahumanitaria.cl\/portal\/wp-content\/uploads\/2023\/12\/412112587_741191834701854_3645869762199923239_n.jpg","width":2048,"height":1536},{"@type":"BreadcrumbList","@id":"https:\/\/www.sinergiahumanitaria.cl\/portal\/2023\/12\/20\/video-llegada-a-angol-de-contenedor-de-ayuda-humanitaria-desde-suiza\/#breadcrumb","itemListElement":[{"@type":"ListItem","position":1,"name":"Portada","item":"https:\/\/www.sinergiahumanitaria.cl\/portal\/"},{"@type":"ListItem","position":2,"name":"[VIDEO] Llegada a Angol de contenedor de ayuda humanitaria desde Suiza"}]},{"@type":"WebSite","@id":"https:\/\/www.sinergiahumanitaria.cl\/portal\/#website","url":"https:\/\/www.sinergiahumanitaria.cl\/portal\/","name":"Fundaci\u00f3n Sinergia Humanitaria","description":"Acci\u00f3n Solidaria desde 2001","publisher":{"@id":"https:\/\/www.sinergiahumanitaria.cl\/portal\/#organization"},"potentialAction":[{"@type":"SearchAction","target":{"@type":"EntryPoint","urlTemplate":"https:\/\/www.sinergiahumanitaria.cl\/portal\/?s={search_term_string}"},"query-input":{"@type":"PropertyValueSpecification","valueRequired":true,"valueName":"search_term_string"}}],"inLanguage":"es-CL"},{"@type":"Organization","@id":"https:\/\/www.sinergiahumanitaria.cl\/portal\/#organization","name":"Fundaci\u00f3n Sinergia Humanitaria","url":"https:\/\/www.sinergiahumanitaria.cl\/portal\/","logo":{"@type":"ImageObject","inLanguage":"es-CL","@id":"https:\/\/www.sinergiahumanitaria.cl\/portal\/#\/schema\/logo\/image\/","url":"https:\/\/www.sinergiahumanitaria.cl\/portal\/wp-content\/uploads\/2020\/07\/LOGO-jpg-scaled.jpg","contentUrl":"https:\/\/www.sinergiahumanitaria.cl\/portal\/wp-content\/uploads\/2020\/07\/LOGO-jpg-scaled.jpg","width":2560,"height":1440,"caption":"Fundaci\u00f3n Sinergia Humanitaria"},"image":{"@id":"https:\/\/www.sinergiahumanitaria.cl\/portal\/#\/schema\/logo\/image\/"},"sameAs":["https:\/\/www.facebook.com\/sinergiahumanitaria\/","https:\/\/x.com\/fsinergiah","https:\/\/www.instagram.com\/fsinergiah\/"]},{"@type":"Person","@id":"https:\/\/www.sinergiahumanitaria.cl\/portal\/#\/schema\/person\/6c21471c8460d29d6013c6d5196156ed","name":"pzavala","image":{"@type":"ImageObject","inLanguage":"es-CL","@id":"https:\/\/secure.gravatar.com\/avatar\/3fca3b3977ef43d2b34e0b5d0849b0dc28d3e805e72577c02e835f10a9f05214?s=96&d=mm&r=g","url":"https:\/\/secure.gravatar.com\/avatar\/3fca3b3977ef43d2b34e0b5d0849b0dc28d3e805e72577c02e835f10a9f05214?s=96&d=mm&r=g","contentUrl":"https:\/\/secure.gravatar.com\/avatar\/3fca3b3977ef43d2b34e0b5d0849b0dc28d3e805e72577c02e835f10a9f05214?s=96&d=mm&r=g","caption":"pzavala"},"url":"https:\/\/www.sinergiahumanitaria.cl\/portal\/author\/pzavala\/"}]}},"_links":{"self":[{"href":"https:\/\/www.sinergiahumanitaria.cl\/portal\/wp-json\/wp\/v2\/posts\/6592","targetHints":{"allow":["GET"]}}],"collection":[{"href":"https:\/\/www.sinergiahumanitaria.cl\/portal\/wp-json\/wp\/v2\/posts"}],"about":[{"href":"https:\/\/www.sinergiahumanitaria.cl\/portal\/wp-json\/wp\/v2\/types\/post"}],"author":[{"embeddable":true,"href":"https:\/\/www.sinergiahumanitaria.cl\/portal\/wp-json\/wp\/v2\/users\/6"}],"replies":[{"embeddable":true,"href":"https:\/\/www.sinergiahumanitaria.cl\/portal\/wp-json\/wp\/v2\/comments?post=6592"}],"version-history":[{"count":2,"href":"https:\/\/www.sinergiahumanitaria.cl\/portal\/wp-json\/wp\/v2\/posts\/6592\/revisions"}],"predecessor-version":[{"id":6596,"href":"https:\/\/www.sinergiahumanitaria.cl\/portal\/wp-json\/wp\/v2\/posts\/6592\/revisions\/6596"}],"wp:featuredmedia":[{"embeddable":true,"href":"https:\/\/www.sinergiahumanitaria.cl\/portal\/wp-json\/wp\/v2\/media\/6589"}],"wp:attachment":[{"href":"https:\/\/www.sinergiahumanitaria.cl\/portal\/wp-json\/wp\/v2\/media?parent=6592"}],"wp:term":[{"taxonomy":"category","embeddable":true,"href":"https:\/\/www.sinergiahumanitaria.cl\/portal\/wp-json\/wp\/v2\/categories?post=6592"},{"taxonomy":"post_tag","embeddable":true,"href":"https:\/\/www.sinergiahumanitaria.cl\/portal\/wp-json\/wp\/v2\/tags?post=6592"}],"curies":[{"name":"wp","href":"https:\/\/api.w.org\/{rel}","templated":true}]}}