{"id":700,"date":"2016-09-26T08:00:57","date_gmt":"2016-09-26T08:00:57","guid":{"rendered":"https:\/\/sinergiahumanitaria.cl\/portal\/?p=700"},"modified":"2025-09-05T11:30:34","modified_gmt":"2025-09-05T15:30:34","slug":"prensa-jose-luis-balmaceda-adulto-mayor-la-urgencia-de-politicas-publicas-con-vision-estado","status":"publish","type":"post","link":"https:\/\/www.sinergiahumanitaria.cl\/portal\/2016\/09\/26\/prensa-jose-luis-balmaceda-adulto-mayor-la-urgencia-de-politicas-publicas-con-vision-estado\/","title":{"rendered":"Jos\u00e9 Luis Balmaceda: &#8220;Adulto Mayor: la urgencia de pol\u00edticas p\u00fablicas con visi\u00f3n Estado&#8221;"},"content":{"rendered":"<p>En junio pasado la Presidenta Bachelet firm\u00f3 el Proyecto de Acuerdo para ratificar la Convenci\u00f3n Interamericana sobre Protecci\u00f3n de los Derechos Humanos de las Personas Mayores. Sin tardar, el Congreso inici\u00f3 el tr\u00e1mite de aprobaci\u00f3n, en momentos en que la sociedad civil se volc\u00f3 a las calles demandando al Estado y al mundo pol\u00edtico garantizar una vejez con dignidad, exigencias gatilladas por el sistema de pensiones que no ha respondido a las expectativas ciudadanas.<\/p>\n<p>El Convenio aludido (aun tramit\u00e1ndose en el Congreso) representa un auspicioso marco que nos posiciona con cierta urgencia, y sin demagogias, para dise\u00f1ar soluciones concretas a problemas end\u00e9micos que afligen a este sector. Se trata de un segmento cercano a 3 millones de connacionales que con su esfuerzo coadyuvaron a construir el pa\u00eds que heredar\u00e1n nuestros hijos y nietos. De all\u00ed que, previo a su ratificaci\u00f3n, se debe avanzar con rapidez y eficiencia en la creaci\u00f3n de pol\u00edticas p\u00fablicas capaces de responder a su letra y esp\u00edritu.<\/p>\n<p>Hoy resulta indispensable revisar las condiciones de casi 500 mil personas cuya pensi\u00f3n no supera los 90 mil pesos, oblig\u00e1ndolos, en muchos casos, a mendigar alimentos en ferias y mercados. Agrava lo anterior un informe de la OCDE (2015) donde Chile figura con el sistema de financiaci\u00f3n de salud m\u00e1s ineficiente e inequitativo comparativamente con los dem\u00e1s pa\u00edses miembros. A\u00f1ade que los tiempos de espera para operarse de cataratas o de pr\u00f3tesis de cadera fluct\u00faan entre 200 y 250 d\u00edas, intervenciones frecuentemente solicitadas por los adultos mayores.<\/p>\n<p>Lo anterior tambi\u00e9n es v\u00e1lido para los insuficientes aportes que el SENAMA otorga a las entidades que acogen a aquellos provenientes de familias sin medios econ\u00f3micos y\/o abandonados. Valga solo mencionar la Fundaci\u00f3n las Rosas, instituci\u00f3n que alberga a m\u00e1s de 20 mil adultos, de los cuales el 22% ser\u00eda autovalente, recibe un aporte estatal que alcanza al 13% necesario por persona. El resto proviene de la caridad de nuestra poblaci\u00f3n e incluso de ONGs extranjeras, realidad que enfrentan otras instituciones de similar perfil.<\/p>\n<p><em><strong>&#8220;Hoy resulta indispensable revisar las condiciones de casi 500 mil personas cuya pensi\u00f3n no supera los 90 mil pesos, oblig\u00e1ndolos, en muchos casos, a mendigar alimentos en ferias y mercados. Agrava lo anterior un informe de la OCDE (2015) donde Chile figura con el sistema de financiaci\u00f3n de salud m\u00e1s ineficiente e inequitativo comparativamente con los dem\u00e1s pa\u00edses miembros.&#8221;<\/strong><\/em><\/p>\n<p>Aun cuando el escenario descrito es responsabilidad de todos, su liderazgo corresponde a las instancias p\u00fablicas competentes, brindando respuestas adecuadas. Cifras actuales muestran que la poblaci\u00f3n adulta mayor representa al 16,7% del total de los chilenos (2.885.157 seg\u00fan CASEN 2013 ) y se proyecta que para el 2050 uno de cada 3 tendr\u00e1 m\u00e1s de 60 a\u00f1os. Mientras el n\u00famero de personas con problemas de salud aument\u00f3 un 73% en la \u00faltima d\u00e9cada, el 2025 existir\u00e1n m\u00e1s personas sobre 60 a\u00f1os que menores de 15. Toca, en consecuencia, agilizar la definici\u00f3n de nuevas pol\u00edticas nacionales que garanticen una vejez digna a la brevedad.<\/p>\n<p>En este contexto, resulta imprescindible al menos duplicar el porcentaje de cobertura que el Estado entrega a los m\u00e1s vulnerables institucionalizados o alejados de las redes de apoyo. Asimismo, incrementar los especialistas en geriatr\u00eda cuyo n\u00famero no supera los 90 en todo el pa\u00eds; facilitar la formaci\u00f3n de profesionales capacitados para su cuidado; aumentar la calidad y cobertura en salud; fortalecer la institucionalidad del SENAMA; y desarrollar ciudades amigables que promuevan la integraci\u00f3n y plena participaci\u00f3n de las personas mayores, as\u00ed como la solidaridad entre las distintas generaciones.<\/p>\n<p>El envejecimiento poblacional lleg\u00f3 para quedarse y eso envuelve un cambio cultural en la manera de asumir una realidad insoslayable, que se traduzca en pol\u00edticas integrales y de fondo, con una mirada de futuro. Estas deben establecer condiciones que aseguren los derechos de los mayores, las que, de paso, permitir\u00e1n garantizar el bienestar de las generaciones futuras. No cabe, en consecuencia, permitir que ocurra lo acontecido con la Convenci\u00f3n sobre el Ni\u00f1o ratificada hace m\u00e1s de un cuarto de siglo por nuestro pa\u00eds, y que a\u00fan est\u00e1 en deuda con el desarrollo de la infancia y sus derechos.<\/p>\n<p>Incorporar los contenidos de la Convenci\u00f3n Interamericana en el ordenamiento jur\u00eddico chileno implica la instauraci\u00f3n de nuevos marcos normativos, presupuestos y pol\u00edticas p\u00fablicas con visi\u00f3n de largo plazo que se requerir\u00e1n para dichos fines. Lo anterior conlleva avanzar hacia una mayor conciencia social, convoc\u00e1ndonos a trabajar por un Chile para todas las edades.<\/p>\n<p><strong><em>http:\/\/elmostrador.cl\/noticias\/opinion\/2016\/09\/26\/adulto-mayor-la-urgencia-de-politicas-publicas-con-vision-estado\/<\/em><\/strong><\/p>\n","protected":false},"excerpt":{"rendered":"<p>En junio pasado la Presidenta Bachelet firm\u00f3 el Proyecto de Acuerdo para ratificar la Convenci\u00f3n Interamericana sobre Protecci\u00f3n de los Derechos Humanos de las Personas Mayores. Sin tardar, el Congreso inici\u00f3 el tr\u00e1mite de aprobaci\u00f3n, en momentos en que la sociedad civil se volc\u00f3 a las calles demandando al Estado y al mundo pol\u00edtico garantizar [&hellip;]<\/p>\n","protected":false},"author":1,"featured_media":953,"comment_status":"closed","ping_status":"open","sticky":false,"template":"","format":"standard","meta":{"footnotes":""},"categories":[14],"tags":[],"class_list":["post-700","post","type-post","status-publish","format-standard","has-post-thumbnail","hentry","category-noticias"],"yoast_head":"<!-- This site is optimized with the Yoast SEO plugin v27.4 - https:\/\/yoast.com\/product\/yoast-seo-wordpress\/ -->\n<title>Jos\u00e9 Luis Balmaceda: &quot;Adulto Mayor: la urgencia de pol\u00edticas p\u00fablicas con visi\u00f3n Estado&quot; - Fundaci\u00f3n Sinergia Humanitaria<\/title>\n<meta name=\"robots\" content=\"index, follow, max-snippet:-1, max-image-preview:large, max-video-preview:-1\" \/>\n<link rel=\"canonical\" href=\"https:\/\/www.sinergiahumanitaria.cl\/portal\/2016\/09\/26\/prensa-jose-luis-balmaceda-adulto-mayor-la-urgencia-de-politicas-publicas-con-vision-estado\/\" \/>\n<meta property=\"og:locale\" content=\"es_ES\" \/>\n<meta property=\"og:type\" content=\"article\" \/>\n<meta property=\"og:title\" content=\"Jos\u00e9 Luis Balmaceda: &quot;Adulto Mayor: la urgencia de pol\u00edticas p\u00fablicas con visi\u00f3n Estado&quot; - Fundaci\u00f3n Sinergia Humanitaria\" \/>\n<meta property=\"og:description\" content=\"En junio pasado la Presidenta Bachelet firm\u00f3 el Proyecto de Acuerdo para ratificar la Convenci\u00f3n Interamericana sobre Protecci\u00f3n de los Derechos Humanos de las Personas Mayores. Sin tardar, el Congreso inici\u00f3 el tr\u00e1mite de aprobaci\u00f3n, en momentos en que la sociedad civil se volc\u00f3 a las calles demandando al Estado y al mundo pol\u00edtico garantizar [&hellip;]\" \/>\n<meta property=\"og:url\" content=\"https:\/\/www.sinergiahumanitaria.cl\/portal\/2016\/09\/26\/prensa-jose-luis-balmaceda-adulto-mayor-la-urgencia-de-politicas-publicas-con-vision-estado\/\" \/>\n<meta property=\"og:site_name\" content=\"Fundaci\u00f3n Sinergia Humanitaria\" \/>\n<meta property=\"article:publisher\" content=\"https:\/\/www.facebook.com\/sinergiahumanitaria\/\" \/>\n<meta property=\"article:published_time\" content=\"2016-09-26T08:00:57+00:00\" \/>\n<meta property=\"article:modified_time\" content=\"2025-09-05T15:30:34+00:00\" \/>\n<meta property=\"og:image\" content=\"https:\/\/www.sinergiahumanitaria.cl\/portal\/wp-content\/uploads\/2017\/05\/LOGO-EM.jpg\" \/>\n\t<meta property=\"og:image:width\" content=\"600\" \/>\n\t<meta property=\"og:image:height\" content=\"315\" \/>\n\t<meta property=\"og:image:type\" content=\"image\/jpeg\" \/>\n<meta name=\"author\" content=\"pastudillo\" \/>\n<meta name=\"twitter:card\" content=\"summary_large_image\" \/>\n<meta name=\"twitter:creator\" content=\"@fsinergiah\" \/>\n<meta name=\"twitter:site\" content=\"@fsinergiah\" \/>\n<meta name=\"twitter:label1\" content=\"Escrito por\" \/>\n\t<meta name=\"twitter:data1\" content=\"pastudillo\" \/>\n\t<meta name=\"twitter:label2\" content=\"Tiempo estimado de lectura\" \/>\n\t<meta name=\"twitter:data2\" content=\"4 minutos\" \/>\n<script type=\"application\/ld+json\" class=\"yoast-schema-graph\">{\"@context\":\"https:\\\/\\\/schema.org\",\"@graph\":[{\"@type\":\"Article\",\"@id\":\"https:\\\/\\\/www.sinergiahumanitaria.cl\\\/portal\\\/2016\\\/09\\\/26\\\/prensa-jose-luis-balmaceda-adulto-mayor-la-urgencia-de-politicas-publicas-con-vision-estado\\\/#article\",\"isPartOf\":{\"@id\":\"https:\\\/\\\/www.sinergiahumanitaria.cl\\\/portal\\\/2016\\\/09\\\/26\\\/prensa-jose-luis-balmaceda-adulto-mayor-la-urgencia-de-politicas-publicas-con-vision-estado\\\/\"},\"author\":{\"name\":\"pastudillo\",\"@id\":\"https:\\\/\\\/www.sinergiahumanitaria.cl\\\/portal\\\/#\\\/schema\\\/person\\\/e8e4653f85fbcf3e7472bfc4be4c2673\"},\"headline\":\"Jos\u00e9 Luis Balmaceda: &#8220;Adulto Mayor: la urgencia de pol\u00edticas p\u00fablicas con visi\u00f3n Estado&#8221;\",\"datePublished\":\"2016-09-26T08:00:57+00:00\",\"dateModified\":\"2025-09-05T15:30:34+00:00\",\"mainEntityOfPage\":{\"@id\":\"https:\\\/\\\/www.sinergiahumanitaria.cl\\\/portal\\\/2016\\\/09\\\/26\\\/prensa-jose-luis-balmaceda-adulto-mayor-la-urgencia-de-politicas-publicas-con-vision-estado\\\/\"},\"wordCount\":805,\"publisher\":{\"@id\":\"https:\\\/\\\/www.sinergiahumanitaria.cl\\\/portal\\\/#organization\"},\"image\":{\"@id\":\"https:\\\/\\\/www.sinergiahumanitaria.cl\\\/portal\\\/2016\\\/09\\\/26\\\/prensa-jose-luis-balmaceda-adulto-mayor-la-urgencia-de-politicas-publicas-con-vision-estado\\\/#primaryimage\"},\"thumbnailUrl\":\"https:\\\/\\\/www.sinergiahumanitaria.cl\\\/portal\\\/wp-content\\\/uploads\\\/2017\\\/05\\\/LOGO-EM.jpg\",\"articleSection\":[\"Noticias\"],\"inLanguage\":\"es-CL\"},{\"@type\":\"WebPage\",\"@id\":\"https:\\\/\\\/www.sinergiahumanitaria.cl\\\/portal\\\/2016\\\/09\\\/26\\\/prensa-jose-luis-balmaceda-adulto-mayor-la-urgencia-de-politicas-publicas-con-vision-estado\\\/\",\"url\":\"https:\\\/\\\/www.sinergiahumanitaria.cl\\\/portal\\\/2016\\\/09\\\/26\\\/prensa-jose-luis-balmaceda-adulto-mayor-la-urgencia-de-politicas-publicas-con-vision-estado\\\/\",\"name\":\"Jos\u00e9 Luis Balmaceda: \\\"Adulto Mayor: la urgencia de pol\u00edticas p\u00fablicas con visi\u00f3n Estado\\\" - Fundaci\u00f3n Sinergia Humanitaria\",\"isPartOf\":{\"@id\":\"https:\\\/\\\/www.sinergiahumanitaria.cl\\\/portal\\\/#website\"},\"primaryImageOfPage\":{\"@id\":\"https:\\\/\\\/www.sinergiahumanitaria.cl\\\/portal\\\/2016\\\/09\\\/26\\\/prensa-jose-luis-balmaceda-adulto-mayor-la-urgencia-de-politicas-publicas-con-vision-estado\\\/#primaryimage\"},\"image\":{\"@id\":\"https:\\\/\\\/www.sinergiahumanitaria.cl\\\/portal\\\/2016\\\/09\\\/26\\\/prensa-jose-luis-balmaceda-adulto-mayor-la-urgencia-de-politicas-publicas-con-vision-estado\\\/#primaryimage\"},\"thumbnailUrl\":\"https:\\\/\\\/www.sinergiahumanitaria.cl\\\/portal\\\/wp-content\\\/uploads\\\/2017\\\/05\\\/LOGO-EM.jpg\",\"datePublished\":\"2016-09-26T08:00:57+00:00\",\"dateModified\":\"2025-09-05T15:30:34+00:00\",\"breadcrumb\":{\"@id\":\"https:\\\/\\\/www.sinergiahumanitaria.cl\\\/portal\\\/2016\\\/09\\\/26\\\/prensa-jose-luis-balmaceda-adulto-mayor-la-urgencia-de-politicas-publicas-con-vision-estado\\\/#breadcrumb\"},\"inLanguage\":\"es-CL\",\"potentialAction\":[{\"@type\":\"ReadAction\",\"target\":[\"https:\\\/\\\/www.sinergiahumanitaria.cl\\\/portal\\\/2016\\\/09\\\/26\\\/prensa-jose-luis-balmaceda-adulto-mayor-la-urgencia-de-politicas-publicas-con-vision-estado\\\/\"]}]},{\"@type\":\"ImageObject\",\"inLanguage\":\"es-CL\",\"@id\":\"https:\\\/\\\/www.sinergiahumanitaria.cl\\\/portal\\\/2016\\\/09\\\/26\\\/prensa-jose-luis-balmaceda-adulto-mayor-la-urgencia-de-politicas-publicas-con-vision-estado\\\/#primaryimage\",\"url\":\"https:\\\/\\\/www.sinergiahumanitaria.cl\\\/portal\\\/wp-content\\\/uploads\\\/2017\\\/05\\\/LOGO-EM.jpg\",\"contentUrl\":\"https:\\\/\\\/www.sinergiahumanitaria.cl\\\/portal\\\/wp-content\\\/uploads\\\/2017\\\/05\\\/LOGO-EM.jpg\",\"width\":600,\"height\":315},{\"@type\":\"BreadcrumbList\",\"@id\":\"https:\\\/\\\/www.sinergiahumanitaria.cl\\\/portal\\\/2016\\\/09\\\/26\\\/prensa-jose-luis-balmaceda-adulto-mayor-la-urgencia-de-politicas-publicas-con-vision-estado\\\/#breadcrumb\",\"itemListElement\":[{\"@type\":\"ListItem\",\"position\":1,\"name\":\"Portada\",\"item\":\"https:\\\/\\\/www.sinergiahumanitaria.cl\\\/portal\\\/\"},{\"@type\":\"ListItem\",\"position\":2,\"name\":\"Jos\u00e9 Luis Balmaceda: &#8220;Adulto Mayor: la urgencia de pol\u00edticas p\u00fablicas con visi\u00f3n Estado&#8221;\"}]},{\"@type\":\"WebSite\",\"@id\":\"https:\\\/\\\/www.sinergiahumanitaria.cl\\\/portal\\\/#website\",\"url\":\"https:\\\/\\\/www.sinergiahumanitaria.cl\\\/portal\\\/\",\"name\":\"Fundaci\u00f3n Sinergia Humanitaria\",\"description\":\"Acci\u00f3n Solidaria desde 2001\",\"publisher\":{\"@id\":\"https:\\\/\\\/www.sinergiahumanitaria.cl\\\/portal\\\/#organization\"},\"potentialAction\":[{\"@type\":\"SearchAction\",\"target\":{\"@type\":\"EntryPoint\",\"urlTemplate\":\"https:\\\/\\\/www.sinergiahumanitaria.cl\\\/portal\\\/?s={search_term_string}\"},\"query-input\":{\"@type\":\"PropertyValueSpecification\",\"valueRequired\":true,\"valueName\":\"search_term_string\"}}],\"inLanguage\":\"es-CL\"},{\"@type\":\"Organization\",\"@id\":\"https:\\\/\\\/www.sinergiahumanitaria.cl\\\/portal\\\/#organization\",\"name\":\"Fundaci\u00f3n Sinergia Humanitaria\",\"url\":\"https:\\\/\\\/www.sinergiahumanitaria.cl\\\/portal\\\/\",\"logo\":{\"@type\":\"ImageObject\",\"inLanguage\":\"es-CL\",\"@id\":\"https:\\\/\\\/www.sinergiahumanitaria.cl\\\/portal\\\/#\\\/schema\\\/logo\\\/image\\\/\",\"url\":\"https:\\\/\\\/www.sinergiahumanitaria.cl\\\/portal\\\/wp-content\\\/uploads\\\/2020\\\/07\\\/LOGO-jpg-scaled.jpg\",\"contentUrl\":\"https:\\\/\\\/www.sinergiahumanitaria.cl\\\/portal\\\/wp-content\\\/uploads\\\/2020\\\/07\\\/LOGO-jpg-scaled.jpg\",\"width\":2560,\"height\":1440,\"caption\":\"Fundaci\u00f3n Sinergia Humanitaria\"},\"image\":{\"@id\":\"https:\\\/\\\/www.sinergiahumanitaria.cl\\\/portal\\\/#\\\/schema\\\/logo\\\/image\\\/\"},\"sameAs\":[\"https:\\\/\\\/www.facebook.com\\\/sinergiahumanitaria\\\/\",\"https:\\\/\\\/x.com\\\/fsinergiah\",\"https:\\\/\\\/www.instagram.com\\\/fsinergiah\\\/\"]},{\"@type\":\"Person\",\"@id\":\"https:\\\/\\\/www.sinergiahumanitaria.cl\\\/portal\\\/#\\\/schema\\\/person\\\/e8e4653f85fbcf3e7472bfc4be4c2673\",\"name\":\"pastudillo\",\"image\":{\"@type\":\"ImageObject\",\"inLanguage\":\"es-CL\",\"@id\":\"https:\\\/\\\/secure.gravatar.com\\\/avatar\\\/24edc107527e6583e7be6e6408f8815c5b03530718f2848cb4875a5502cb9c12?s=96&d=mm&r=g\",\"url\":\"https:\\\/\\\/secure.gravatar.com\\\/avatar\\\/24edc107527e6583e7be6e6408f8815c5b03530718f2848cb4875a5502cb9c12?s=96&d=mm&r=g\",\"contentUrl\":\"https:\\\/\\\/secure.gravatar.com\\\/avatar\\\/24edc107527e6583e7be6e6408f8815c5b03530718f2848cb4875a5502cb9c12?s=96&d=mm&r=g\",\"caption\":\"pastudillo\"},\"url\":\"https:\\\/\\\/www.sinergiahumanitaria.cl\\\/portal\\\/author\\\/pastudillo\\\/\"}]}<\/script>\n<!-- \/ Yoast SEO plugin. -->","yoast_head_json":{"title":"Jos\u00e9 Luis Balmaceda: \"Adulto Mayor: la urgencia de pol\u00edticas p\u00fablicas con visi\u00f3n Estado\" - Fundaci\u00f3n Sinergia Humanitaria","robots":{"index":"index","follow":"follow","max-snippet":"max-snippet:-1","max-image-preview":"max-image-preview:large","max-video-preview":"max-video-preview:-1"},"canonical":"https:\/\/www.sinergiahumanitaria.cl\/portal\/2016\/09\/26\/prensa-jose-luis-balmaceda-adulto-mayor-la-urgencia-de-politicas-publicas-con-vision-estado\/","og_locale":"es_ES","og_type":"article","og_title":"Jos\u00e9 Luis Balmaceda: \"Adulto Mayor: la urgencia de pol\u00edticas p\u00fablicas con visi\u00f3n Estado\" - Fundaci\u00f3n Sinergia Humanitaria","og_description":"En junio pasado la Presidenta Bachelet firm\u00f3 el Proyecto de Acuerdo para ratificar la Convenci\u00f3n Interamericana sobre Protecci\u00f3n de los Derechos Humanos de las Personas Mayores. Sin tardar, el Congreso inici\u00f3 el tr\u00e1mite de aprobaci\u00f3n, en momentos en que la sociedad civil se volc\u00f3 a las calles demandando al Estado y al mundo pol\u00edtico garantizar [&hellip;]","og_url":"https:\/\/www.sinergiahumanitaria.cl\/portal\/2016\/09\/26\/prensa-jose-luis-balmaceda-adulto-mayor-la-urgencia-de-politicas-publicas-con-vision-estado\/","og_site_name":"Fundaci\u00f3n Sinergia Humanitaria","article_publisher":"https:\/\/www.facebook.com\/sinergiahumanitaria\/","article_published_time":"2016-09-26T08:00:57+00:00","article_modified_time":"2025-09-05T15:30:34+00:00","og_image":[{"width":600,"height":315,"url":"https:\/\/www.sinergiahumanitaria.cl\/portal\/wp-content\/uploads\/2017\/05\/LOGO-EM.jpg","type":"image\/jpeg"}],"author":"pastudillo","twitter_card":"summary_large_image","twitter_creator":"@fsinergiah","twitter_site":"@fsinergiah","twitter_misc":{"Escrito por":"pastudillo","Tiempo estimado de lectura":"4 minutos"},"schema":{"@context":"https:\/\/schema.org","@graph":[{"@type":"Article","@id":"https:\/\/www.sinergiahumanitaria.cl\/portal\/2016\/09\/26\/prensa-jose-luis-balmaceda-adulto-mayor-la-urgencia-de-politicas-publicas-con-vision-estado\/#article","isPartOf":{"@id":"https:\/\/www.sinergiahumanitaria.cl\/portal\/2016\/09\/26\/prensa-jose-luis-balmaceda-adulto-mayor-la-urgencia-de-politicas-publicas-con-vision-estado\/"},"author":{"name":"pastudillo","@id":"https:\/\/www.sinergiahumanitaria.cl\/portal\/#\/schema\/person\/e8e4653f85fbcf3e7472bfc4be4c2673"},"headline":"Jos\u00e9 Luis Balmaceda: &#8220;Adulto Mayor: la urgencia de pol\u00edticas p\u00fablicas con visi\u00f3n Estado&#8221;","datePublished":"2016-09-26T08:00:57+00:00","dateModified":"2025-09-05T15:30:34+00:00","mainEntityOfPage":{"@id":"https:\/\/www.sinergiahumanitaria.cl\/portal\/2016\/09\/26\/prensa-jose-luis-balmaceda-adulto-mayor-la-urgencia-de-politicas-publicas-con-vision-estado\/"},"wordCount":805,"publisher":{"@id":"https:\/\/www.sinergiahumanitaria.cl\/portal\/#organization"},"image":{"@id":"https:\/\/www.sinergiahumanitaria.cl\/portal\/2016\/09\/26\/prensa-jose-luis-balmaceda-adulto-mayor-la-urgencia-de-politicas-publicas-con-vision-estado\/#primaryimage"},"thumbnailUrl":"https:\/\/www.sinergiahumanitaria.cl\/portal\/wp-content\/uploads\/2017\/05\/LOGO-EM.jpg","articleSection":["Noticias"],"inLanguage":"es-CL"},{"@type":"WebPage","@id":"https:\/\/www.sinergiahumanitaria.cl\/portal\/2016\/09\/26\/prensa-jose-luis-balmaceda-adulto-mayor-la-urgencia-de-politicas-publicas-con-vision-estado\/","url":"https:\/\/www.sinergiahumanitaria.cl\/portal\/2016\/09\/26\/prensa-jose-luis-balmaceda-adulto-mayor-la-urgencia-de-politicas-publicas-con-vision-estado\/","name":"Jos\u00e9 Luis Balmaceda: \"Adulto Mayor: la urgencia de pol\u00edticas p\u00fablicas con visi\u00f3n Estado\" - Fundaci\u00f3n Sinergia Humanitaria","isPartOf":{"@id":"https:\/\/www.sinergiahumanitaria.cl\/portal\/#website"},"primaryImageOfPage":{"@id":"https:\/\/www.sinergiahumanitaria.cl\/portal\/2016\/09\/26\/prensa-jose-luis-balmaceda-adulto-mayor-la-urgencia-de-politicas-publicas-con-vision-estado\/#primaryimage"},"image":{"@id":"https:\/\/www.sinergiahumanitaria.cl\/portal\/2016\/09\/26\/prensa-jose-luis-balmaceda-adulto-mayor-la-urgencia-de-politicas-publicas-con-vision-estado\/#primaryimage"},"thumbnailUrl":"https:\/\/www.sinergiahumanitaria.cl\/portal\/wp-content\/uploads\/2017\/05\/LOGO-EM.jpg","datePublished":"2016-09-26T08:00:57+00:00","dateModified":"2025-09-05T15:30:34+00:00","breadcrumb":{"@id":"https:\/\/www.sinergiahumanitaria.cl\/portal\/2016\/09\/26\/prensa-jose-luis-balmaceda-adulto-mayor-la-urgencia-de-politicas-publicas-con-vision-estado\/#breadcrumb"},"inLanguage":"es-CL","potentialAction":[{"@type":"ReadAction","target":["https:\/\/www.sinergiahumanitaria.cl\/portal\/2016\/09\/26\/prensa-jose-luis-balmaceda-adulto-mayor-la-urgencia-de-politicas-publicas-con-vision-estado\/"]}]},{"@type":"ImageObject","inLanguage":"es-CL","@id":"https:\/\/www.sinergiahumanitaria.cl\/portal\/2016\/09\/26\/prensa-jose-luis-balmaceda-adulto-mayor-la-urgencia-de-politicas-publicas-con-vision-estado\/#primaryimage","url":"https:\/\/www.sinergiahumanitaria.cl\/portal\/wp-content\/uploads\/2017\/05\/LOGO-EM.jpg","contentUrl":"https:\/\/www.sinergiahumanitaria.cl\/portal\/wp-content\/uploads\/2017\/05\/LOGO-EM.jpg","width":600,"height":315},{"@type":"BreadcrumbList","@id":"https:\/\/www.sinergiahumanitaria.cl\/portal\/2016\/09\/26\/prensa-jose-luis-balmaceda-adulto-mayor-la-urgencia-de-politicas-publicas-con-vision-estado\/#breadcrumb","itemListElement":[{"@type":"ListItem","position":1,"name":"Portada","item":"https:\/\/www.sinergiahumanitaria.cl\/portal\/"},{"@type":"ListItem","position":2,"name":"Jos\u00e9 Luis Balmaceda: &#8220;Adulto Mayor: la urgencia de pol\u00edticas p\u00fablicas con visi\u00f3n Estado&#8221;"}]},{"@type":"WebSite","@id":"https:\/\/www.sinergiahumanitaria.cl\/portal\/#website","url":"https:\/\/www.sinergiahumanitaria.cl\/portal\/","name":"Fundaci\u00f3n Sinergia Humanitaria","description":"Acci\u00f3n Solidaria desde 2001","publisher":{"@id":"https:\/\/www.sinergiahumanitaria.cl\/portal\/#organization"},"potentialAction":[{"@type":"SearchAction","target":{"@type":"EntryPoint","urlTemplate":"https:\/\/www.sinergiahumanitaria.cl\/portal\/?s={search_term_string}"},"query-input":{"@type":"PropertyValueSpecification","valueRequired":true,"valueName":"search_term_string"}}],"inLanguage":"es-CL"},{"@type":"Organization","@id":"https:\/\/www.sinergiahumanitaria.cl\/portal\/#organization","name":"Fundaci\u00f3n Sinergia Humanitaria","url":"https:\/\/www.sinergiahumanitaria.cl\/portal\/","logo":{"@type":"ImageObject","inLanguage":"es-CL","@id":"https:\/\/www.sinergiahumanitaria.cl\/portal\/#\/schema\/logo\/image\/","url":"https:\/\/www.sinergiahumanitaria.cl\/portal\/wp-content\/uploads\/2020\/07\/LOGO-jpg-scaled.jpg","contentUrl":"https:\/\/www.sinergiahumanitaria.cl\/portal\/wp-content\/uploads\/2020\/07\/LOGO-jpg-scaled.jpg","width":2560,"height":1440,"caption":"Fundaci\u00f3n Sinergia Humanitaria"},"image":{"@id":"https:\/\/www.sinergiahumanitaria.cl\/portal\/#\/schema\/logo\/image\/"},"sameAs":["https:\/\/www.facebook.com\/sinergiahumanitaria\/","https:\/\/x.com\/fsinergiah","https:\/\/www.instagram.com\/fsinergiah\/"]},{"@type":"Person","@id":"https:\/\/www.sinergiahumanitaria.cl\/portal\/#\/schema\/person\/e8e4653f85fbcf3e7472bfc4be4c2673","name":"pastudillo","image":{"@type":"ImageObject","inLanguage":"es-CL","@id":"https:\/\/secure.gravatar.com\/avatar\/24edc107527e6583e7be6e6408f8815c5b03530718f2848cb4875a5502cb9c12?s=96&d=mm&r=g","url":"https:\/\/secure.gravatar.com\/avatar\/24edc107527e6583e7be6e6408f8815c5b03530718f2848cb4875a5502cb9c12?s=96&d=mm&r=g","contentUrl":"https:\/\/secure.gravatar.com\/avatar\/24edc107527e6583e7be6e6408f8815c5b03530718f2848cb4875a5502cb9c12?s=96&d=mm&r=g","caption":"pastudillo"},"url":"https:\/\/www.sinergiahumanitaria.cl\/portal\/author\/pastudillo\/"}]}},"_links":{"self":[{"href":"https:\/\/www.sinergiahumanitaria.cl\/portal\/wp-json\/wp\/v2\/posts\/700","targetHints":{"allow":["GET"]}}],"collection":[{"href":"https:\/\/www.sinergiahumanitaria.cl\/portal\/wp-json\/wp\/v2\/posts"}],"about":[{"href":"https:\/\/www.sinergiahumanitaria.cl\/portal\/wp-json\/wp\/v2\/types\/post"}],"author":[{"embeddable":true,"href":"https:\/\/www.sinergiahumanitaria.cl\/portal\/wp-json\/wp\/v2\/users\/1"}],"replies":[{"embeddable":true,"href":"https:\/\/www.sinergiahumanitaria.cl\/portal\/wp-json\/wp\/v2\/comments?post=700"}],"version-history":[{"count":3,"href":"https:\/\/www.sinergiahumanitaria.cl\/portal\/wp-json\/wp\/v2\/posts\/700\/revisions"}],"predecessor-version":[{"id":6078,"href":"https:\/\/www.sinergiahumanitaria.cl\/portal\/wp-json\/wp\/v2\/posts\/700\/revisions\/6078"}],"wp:featuredmedia":[{"embeddable":true,"href":"https:\/\/www.sinergiahumanitaria.cl\/portal\/wp-json\/wp\/v2\/media\/953"}],"wp:attachment":[{"href":"https:\/\/www.sinergiahumanitaria.cl\/portal\/wp-json\/wp\/v2\/media?parent=700"}],"wp:term":[{"taxonomy":"category","embeddable":true,"href":"https:\/\/www.sinergiahumanitaria.cl\/portal\/wp-json\/wp\/v2\/categories?post=700"},{"taxonomy":"post_tag","embeddable":true,"href":"https:\/\/www.sinergiahumanitaria.cl\/portal\/wp-json\/wp\/v2\/tags?post=700"}],"curies":[{"name":"wp","href":"https:\/\/api.w.org\/{rel}","templated":true}]}}