{"id":7571,"date":"2024-08-01T12:26:46","date_gmt":"2024-08-01T16:26:46","guid":{"rendered":"https:\/\/www.sinergiahumanitaria.cl\/portal\/?p=7571"},"modified":"2024-08-23T13:35:05","modified_gmt":"2024-08-23T17:35:05","slug":"entrega-de-ayudas-tecnicas-municipio-san-fernando","status":"publish","type":"post","link":"https:\/\/www.sinergiahumanitaria.cl\/portal\/2024\/08\/01\/entrega-de-ayudas-tecnicas-municipio-san-fernando\/","title":{"rendered":"Entrega de ayudas t\u00e9cnicas Municipio San Fernando"},"content":{"rendered":"<p>Equipo de Municipio de San Fernando recibe container de ayudas t\u00e9cnicas. Video: #MunicipalidadSanFernando<\/p>\n<style>.embed-container { position: relative; padding-bottom: 56.25%; height: 0; overflow: hidden; max-width: 100%; } .embed-container iframe, .embed-container object, .embed-container embed { position: absolute; top: 0; left: 0; width: 100%; height: 100%; }<\/style>\n<div class='embed-container'><iframe src='https:\/\/www.youtube.com\/embed\/rLnqVZ-qVZ4' frameborder='0' allowfullscreen><\/iframe><\/div>\n","protected":false},"excerpt":{"rendered":"<p>Equipo de Municipio de San Fernando recibe container de ayudas t\u00e9cnicas. Video: #MunicipalidadSanFernando<\/p>\n","protected":false},"author":6,"featured_media":7572,"comment_status":"closed","ping_status":"open","sticky":false,"template":"","format":"standard","meta":{"footnotes":""},"categories":[81],"tags":[],"class_list":["post-7571","post","type-post","status-publish","format-standard","has-post-thumbnail","hentry","category-san-fernando"],"yoast_head":"<!-- This site is optimized with the Yoast SEO plugin v27.4 - https:\/\/yoast.com\/product\/yoast-seo-wordpress\/ -->\n<title>Entrega de ayudas t\u00e9cnicas Municipio San Fernando - Fundaci\u00f3n Sinergia Humanitaria<\/title>\n<meta name=\"robots\" content=\"index, follow, max-snippet:-1, max-image-preview:large, max-video-preview:-1\" \/>\n<link rel=\"canonical\" href=\"https:\/\/www.sinergiahumanitaria.cl\/portal\/2024\/08\/01\/entrega-de-ayudas-tecnicas-municipio-san-fernando\/\" \/>\n<meta property=\"og:locale\" content=\"es_ES\" \/>\n<meta property=\"og:type\" content=\"article\" \/>\n<meta property=\"og:title\" content=\"Entrega de ayudas t\u00e9cnicas Municipio San Fernando - Fundaci\u00f3n Sinergia Humanitaria\" \/>\n<meta property=\"og:description\" content=\"Equipo de Municipio de San Fernando recibe container de ayudas t\u00e9cnicas. Video: #MunicipalidadSanFernando\" \/>\n<meta property=\"og:url\" content=\"https:\/\/www.sinergiahumanitaria.cl\/portal\/2024\/08\/01\/entrega-de-ayudas-tecnicas-municipio-san-fernando\/\" \/>\n<meta property=\"og:site_name\" content=\"Fundaci\u00f3n Sinergia Humanitaria\" \/>\n<meta property=\"article:publisher\" content=\"https:\/\/www.facebook.com\/sinergiahumanitaria\/\" \/>\n<meta property=\"article:published_time\" content=\"2024-08-01T16:26:46+00:00\" \/>\n<meta property=\"article:modified_time\" content=\"2024-08-23T17:35:05+00:00\" \/>\n<meta property=\"og:image\" content=\"https:\/\/www.sinergiahumanitaria.cl\/portal\/wp-content\/uploads\/2024\/08\/imagen-00007-e1724434495209.jpg\" \/>\n\t<meta property=\"og:image:width\" content=\"1081\" \/>\n\t<meta property=\"og:image:height\" content=\"601\" \/>\n\t<meta property=\"og:image:type\" content=\"image\/jpeg\" \/>\n<meta name=\"author\" content=\"pzavala\" \/>\n<meta name=\"twitter:card\" content=\"summary_large_image\" \/>\n<meta name=\"twitter:creator\" content=\"@fsinergiah\" \/>\n<meta name=\"twitter:site\" content=\"@fsinergiah\" \/>\n<meta name=\"twitter:label1\" content=\"Escrito por\" \/>\n\t<meta name=\"twitter:data1\" content=\"pzavala\" \/>\n\t<meta name=\"twitter:label2\" content=\"Tiempo estimado de lectura\" \/>\n\t<meta name=\"twitter:data2\" content=\"1 minuto\" \/>\n<script type=\"application\/ld+json\" class=\"yoast-schema-graph\">{\"@context\":\"https:\\\/\\\/schema.org\",\"@graph\":[{\"@type\":\"Article\",\"@id\":\"https:\\\/\\\/www.sinergiahumanitaria.cl\\\/portal\\\/2024\\\/08\\\/01\\\/entrega-de-ayudas-tecnicas-municipio-san-fernando\\\/#article\",\"isPartOf\":{\"@id\":\"https:\\\/\\\/www.sinergiahumanitaria.cl\\\/portal\\\/2024\\\/08\\\/01\\\/entrega-de-ayudas-tecnicas-municipio-san-fernando\\\/\"},\"author\":{\"name\":\"pzavala\",\"@id\":\"https:\\\/\\\/www.sinergiahumanitaria.cl\\\/portal\\\/#\\\/schema\\\/person\\\/6c21471c8460d29d6013c6d5196156ed\"},\"headline\":\"Entrega de ayudas t\u00e9cnicas Municipio San Fernando\",\"datePublished\":\"2024-08-01T16:26:46+00:00\",\"dateModified\":\"2024-08-23T17:35:05+00:00\",\"mainEntityOfPage\":{\"@id\":\"https:\\\/\\\/www.sinergiahumanitaria.cl\\\/portal\\\/2024\\\/08\\\/01\\\/entrega-de-ayudas-tecnicas-municipio-san-fernando\\\/\"},\"wordCount\":22,\"publisher\":{\"@id\":\"https:\\\/\\\/www.sinergiahumanitaria.cl\\\/portal\\\/#organization\"},\"image\":{\"@id\":\"https:\\\/\\\/www.sinergiahumanitaria.cl\\\/portal\\\/2024\\\/08\\\/01\\\/entrega-de-ayudas-tecnicas-municipio-san-fernando\\\/#primaryimage\"},\"thumbnailUrl\":\"https:\\\/\\\/www.sinergiahumanitaria.cl\\\/portal\\\/wp-content\\\/uploads\\\/2024\\\/08\\\/imagen-00007-e1724434495209.jpg\",\"articleSection\":[\"San Fernando\"],\"inLanguage\":\"es-CL\"},{\"@type\":\"WebPage\",\"@id\":\"https:\\\/\\\/www.sinergiahumanitaria.cl\\\/portal\\\/2024\\\/08\\\/01\\\/entrega-de-ayudas-tecnicas-municipio-san-fernando\\\/\",\"url\":\"https:\\\/\\\/www.sinergiahumanitaria.cl\\\/portal\\\/2024\\\/08\\\/01\\\/entrega-de-ayudas-tecnicas-municipio-san-fernando\\\/\",\"name\":\"Entrega de ayudas t\u00e9cnicas Municipio San Fernando - Fundaci\u00f3n Sinergia Humanitaria\",\"isPartOf\":{\"@id\":\"https:\\\/\\\/www.sinergiahumanitaria.cl\\\/portal\\\/#website\"},\"primaryImageOfPage\":{\"@id\":\"https:\\\/\\\/www.sinergiahumanitaria.cl\\\/portal\\\/2024\\\/08\\\/01\\\/entrega-de-ayudas-tecnicas-municipio-san-fernando\\\/#primaryimage\"},\"image\":{\"@id\":\"https:\\\/\\\/www.sinergiahumanitaria.cl\\\/portal\\\/2024\\\/08\\\/01\\\/entrega-de-ayudas-tecnicas-municipio-san-fernando\\\/#primaryimage\"},\"thumbnailUrl\":\"https:\\\/\\\/www.sinergiahumanitaria.cl\\\/portal\\\/wp-content\\\/uploads\\\/2024\\\/08\\\/imagen-00007-e1724434495209.jpg\",\"datePublished\":\"2024-08-01T16:26:46+00:00\",\"dateModified\":\"2024-08-23T17:35:05+00:00\",\"breadcrumb\":{\"@id\":\"https:\\\/\\\/www.sinergiahumanitaria.cl\\\/portal\\\/2024\\\/08\\\/01\\\/entrega-de-ayudas-tecnicas-municipio-san-fernando\\\/#breadcrumb\"},\"inLanguage\":\"es-CL\",\"potentialAction\":[{\"@type\":\"ReadAction\",\"target\":[\"https:\\\/\\\/www.sinergiahumanitaria.cl\\\/portal\\\/2024\\\/08\\\/01\\\/entrega-de-ayudas-tecnicas-municipio-san-fernando\\\/\"]}]},{\"@type\":\"ImageObject\",\"inLanguage\":\"es-CL\",\"@id\":\"https:\\\/\\\/www.sinergiahumanitaria.cl\\\/portal\\\/2024\\\/08\\\/01\\\/entrega-de-ayudas-tecnicas-municipio-san-fernando\\\/#primaryimage\",\"url\":\"https:\\\/\\\/www.sinergiahumanitaria.cl\\\/portal\\\/wp-content\\\/uploads\\\/2024\\\/08\\\/imagen-00007-e1724434495209.jpg\",\"contentUrl\":\"https:\\\/\\\/www.sinergiahumanitaria.cl\\\/portal\\\/wp-content\\\/uploads\\\/2024\\\/08\\\/imagen-00007-e1724434495209.jpg\",\"width\":1081,\"height\":601},{\"@type\":\"BreadcrumbList\",\"@id\":\"https:\\\/\\\/www.sinergiahumanitaria.cl\\\/portal\\\/2024\\\/08\\\/01\\\/entrega-de-ayudas-tecnicas-municipio-san-fernando\\\/#breadcrumb\",\"itemListElement\":[{\"@type\":\"ListItem\",\"position\":1,\"name\":\"Portada\",\"item\":\"https:\\\/\\\/www.sinergiahumanitaria.cl\\\/portal\\\/\"},{\"@type\":\"ListItem\",\"position\":2,\"name\":\"Entrega de ayudas t\u00e9cnicas Municipio San Fernando\"}]},{\"@type\":\"WebSite\",\"@id\":\"https:\\\/\\\/www.sinergiahumanitaria.cl\\\/portal\\\/#website\",\"url\":\"https:\\\/\\\/www.sinergiahumanitaria.cl\\\/portal\\\/\",\"name\":\"Fundaci\u00f3n Sinergia Humanitaria\",\"description\":\"Acci\u00f3n Solidaria desde 2001\",\"publisher\":{\"@id\":\"https:\\\/\\\/www.sinergiahumanitaria.cl\\\/portal\\\/#organization\"},\"potentialAction\":[{\"@type\":\"SearchAction\",\"target\":{\"@type\":\"EntryPoint\",\"urlTemplate\":\"https:\\\/\\\/www.sinergiahumanitaria.cl\\\/portal\\\/?s={search_term_string}\"},\"query-input\":{\"@type\":\"PropertyValueSpecification\",\"valueRequired\":true,\"valueName\":\"search_term_string\"}}],\"inLanguage\":\"es-CL\"},{\"@type\":\"Organization\",\"@id\":\"https:\\\/\\\/www.sinergiahumanitaria.cl\\\/portal\\\/#organization\",\"name\":\"Fundaci\u00f3n Sinergia Humanitaria\",\"url\":\"https:\\\/\\\/www.sinergiahumanitaria.cl\\\/portal\\\/\",\"logo\":{\"@type\":\"ImageObject\",\"inLanguage\":\"es-CL\",\"@id\":\"https:\\\/\\\/www.sinergiahumanitaria.cl\\\/portal\\\/#\\\/schema\\\/logo\\\/image\\\/\",\"url\":\"https:\\\/\\\/www.sinergiahumanitaria.cl\\\/portal\\\/wp-content\\\/uploads\\\/2020\\\/07\\\/LOGO-jpg-scaled.jpg\",\"contentUrl\":\"https:\\\/\\\/www.sinergiahumanitaria.cl\\\/portal\\\/wp-content\\\/uploads\\\/2020\\\/07\\\/LOGO-jpg-scaled.jpg\",\"width\":2560,\"height\":1440,\"caption\":\"Fundaci\u00f3n Sinergia Humanitaria\"},\"image\":{\"@id\":\"https:\\\/\\\/www.sinergiahumanitaria.cl\\\/portal\\\/#\\\/schema\\\/logo\\\/image\\\/\"},\"sameAs\":[\"https:\\\/\\\/www.facebook.com\\\/sinergiahumanitaria\\\/\",\"https:\\\/\\\/x.com\\\/fsinergiah\",\"https:\\\/\\\/www.instagram.com\\\/fsinergiah\\\/\"]},{\"@type\":\"Person\",\"@id\":\"https:\\\/\\\/www.sinergiahumanitaria.cl\\\/portal\\\/#\\\/schema\\\/person\\\/6c21471c8460d29d6013c6d5196156ed\",\"name\":\"pzavala\",\"image\":{\"@type\":\"ImageObject\",\"inLanguage\":\"es-CL\",\"@id\":\"https:\\\/\\\/secure.gravatar.com\\\/avatar\\\/3fca3b3977ef43d2b34e0b5d0849b0dc28d3e805e72577c02e835f10a9f05214?s=96&d=mm&r=g\",\"url\":\"https:\\\/\\\/secure.gravatar.com\\\/avatar\\\/3fca3b3977ef43d2b34e0b5d0849b0dc28d3e805e72577c02e835f10a9f05214?s=96&d=mm&r=g\",\"contentUrl\":\"https:\\\/\\\/secure.gravatar.com\\\/avatar\\\/3fca3b3977ef43d2b34e0b5d0849b0dc28d3e805e72577c02e835f10a9f05214?s=96&d=mm&r=g\",\"caption\":\"pzavala\"},\"url\":\"https:\\\/\\\/www.sinergiahumanitaria.cl\\\/portal\\\/author\\\/pzavala\\\/\"}]}<\/script>\n<!-- \/ Yoast SEO plugin. -->","yoast_head_json":{"title":"Entrega de ayudas t\u00e9cnicas Municipio San Fernando - Fundaci\u00f3n Sinergia Humanitaria","robots":{"index":"index","follow":"follow","max-snippet":"max-snippet:-1","max-image-preview":"max-image-preview:large","max-video-preview":"max-video-preview:-1"},"canonical":"https:\/\/www.sinergiahumanitaria.cl\/portal\/2024\/08\/01\/entrega-de-ayudas-tecnicas-municipio-san-fernando\/","og_locale":"es_ES","og_type":"article","og_title":"Entrega de ayudas t\u00e9cnicas Municipio San Fernando - Fundaci\u00f3n Sinergia Humanitaria","og_description":"Equipo de Municipio de San Fernando recibe container de ayudas t\u00e9cnicas. Video: #MunicipalidadSanFernando","og_url":"https:\/\/www.sinergiahumanitaria.cl\/portal\/2024\/08\/01\/entrega-de-ayudas-tecnicas-municipio-san-fernando\/","og_site_name":"Fundaci\u00f3n Sinergia Humanitaria","article_publisher":"https:\/\/www.facebook.com\/sinergiahumanitaria\/","article_published_time":"2024-08-01T16:26:46+00:00","article_modified_time":"2024-08-23T17:35:05+00:00","og_image":[{"width":1081,"height":601,"url":"https:\/\/www.sinergiahumanitaria.cl\/portal\/wp-content\/uploads\/2024\/08\/imagen-00007-e1724434495209.jpg","type":"image\/jpeg"}],"author":"pzavala","twitter_card":"summary_large_image","twitter_creator":"@fsinergiah","twitter_site":"@fsinergiah","twitter_misc":{"Escrito por":"pzavala","Tiempo estimado de lectura":"1 minuto"},"schema":{"@context":"https:\/\/schema.org","@graph":[{"@type":"Article","@id":"https:\/\/www.sinergiahumanitaria.cl\/portal\/2024\/08\/01\/entrega-de-ayudas-tecnicas-municipio-san-fernando\/#article","isPartOf":{"@id":"https:\/\/www.sinergiahumanitaria.cl\/portal\/2024\/08\/01\/entrega-de-ayudas-tecnicas-municipio-san-fernando\/"},"author":{"name":"pzavala","@id":"https:\/\/www.sinergiahumanitaria.cl\/portal\/#\/schema\/person\/6c21471c8460d29d6013c6d5196156ed"},"headline":"Entrega de ayudas t\u00e9cnicas Municipio San Fernando","datePublished":"2024-08-01T16:26:46+00:00","dateModified":"2024-08-23T17:35:05+00:00","mainEntityOfPage":{"@id":"https:\/\/www.sinergiahumanitaria.cl\/portal\/2024\/08\/01\/entrega-de-ayudas-tecnicas-municipio-san-fernando\/"},"wordCount":22,"publisher":{"@id":"https:\/\/www.sinergiahumanitaria.cl\/portal\/#organization"},"image":{"@id":"https:\/\/www.sinergiahumanitaria.cl\/portal\/2024\/08\/01\/entrega-de-ayudas-tecnicas-municipio-san-fernando\/#primaryimage"},"thumbnailUrl":"https:\/\/www.sinergiahumanitaria.cl\/portal\/wp-content\/uploads\/2024\/08\/imagen-00007-e1724434495209.jpg","articleSection":["San Fernando"],"inLanguage":"es-CL"},{"@type":"WebPage","@id":"https:\/\/www.sinergiahumanitaria.cl\/portal\/2024\/08\/01\/entrega-de-ayudas-tecnicas-municipio-san-fernando\/","url":"https:\/\/www.sinergiahumanitaria.cl\/portal\/2024\/08\/01\/entrega-de-ayudas-tecnicas-municipio-san-fernando\/","name":"Entrega de ayudas t\u00e9cnicas Municipio San Fernando - Fundaci\u00f3n Sinergia Humanitaria","isPartOf":{"@id":"https:\/\/www.sinergiahumanitaria.cl\/portal\/#website"},"primaryImageOfPage":{"@id":"https:\/\/www.sinergiahumanitaria.cl\/portal\/2024\/08\/01\/entrega-de-ayudas-tecnicas-municipio-san-fernando\/#primaryimage"},"image":{"@id":"https:\/\/www.sinergiahumanitaria.cl\/portal\/2024\/08\/01\/entrega-de-ayudas-tecnicas-municipio-san-fernando\/#primaryimage"},"thumbnailUrl":"https:\/\/www.sinergiahumanitaria.cl\/portal\/wp-content\/uploads\/2024\/08\/imagen-00007-e1724434495209.jpg","datePublished":"2024-08-01T16:26:46+00:00","dateModified":"2024-08-23T17:35:05+00:00","breadcrumb":{"@id":"https:\/\/www.sinergiahumanitaria.cl\/portal\/2024\/08\/01\/entrega-de-ayudas-tecnicas-municipio-san-fernando\/#breadcrumb"},"inLanguage":"es-CL","potentialAction":[{"@type":"ReadAction","target":["https:\/\/www.sinergiahumanitaria.cl\/portal\/2024\/08\/01\/entrega-de-ayudas-tecnicas-municipio-san-fernando\/"]}]},{"@type":"ImageObject","inLanguage":"es-CL","@id":"https:\/\/www.sinergiahumanitaria.cl\/portal\/2024\/08\/01\/entrega-de-ayudas-tecnicas-municipio-san-fernando\/#primaryimage","url":"https:\/\/www.sinergiahumanitaria.cl\/portal\/wp-content\/uploads\/2024\/08\/imagen-00007-e1724434495209.jpg","contentUrl":"https:\/\/www.sinergiahumanitaria.cl\/portal\/wp-content\/uploads\/2024\/08\/imagen-00007-e1724434495209.jpg","width":1081,"height":601},{"@type":"BreadcrumbList","@id":"https:\/\/www.sinergiahumanitaria.cl\/portal\/2024\/08\/01\/entrega-de-ayudas-tecnicas-municipio-san-fernando\/#breadcrumb","itemListElement":[{"@type":"ListItem","position":1,"name":"Portada","item":"https:\/\/www.sinergiahumanitaria.cl\/portal\/"},{"@type":"ListItem","position":2,"name":"Entrega de ayudas t\u00e9cnicas Municipio San Fernando"}]},{"@type":"WebSite","@id":"https:\/\/www.sinergiahumanitaria.cl\/portal\/#website","url":"https:\/\/www.sinergiahumanitaria.cl\/portal\/","name":"Fundaci\u00f3n Sinergia Humanitaria","description":"Acci\u00f3n Solidaria desde 2001","publisher":{"@id":"https:\/\/www.sinergiahumanitaria.cl\/portal\/#organization"},"potentialAction":[{"@type":"SearchAction","target":{"@type":"EntryPoint","urlTemplate":"https:\/\/www.sinergiahumanitaria.cl\/portal\/?s={search_term_string}"},"query-input":{"@type":"PropertyValueSpecification","valueRequired":true,"valueName":"search_term_string"}}],"inLanguage":"es-CL"},{"@type":"Organization","@id":"https:\/\/www.sinergiahumanitaria.cl\/portal\/#organization","name":"Fundaci\u00f3n Sinergia Humanitaria","url":"https:\/\/www.sinergiahumanitaria.cl\/portal\/","logo":{"@type":"ImageObject","inLanguage":"es-CL","@id":"https:\/\/www.sinergiahumanitaria.cl\/portal\/#\/schema\/logo\/image\/","url":"https:\/\/www.sinergiahumanitaria.cl\/portal\/wp-content\/uploads\/2020\/07\/LOGO-jpg-scaled.jpg","contentUrl":"https:\/\/www.sinergiahumanitaria.cl\/portal\/wp-content\/uploads\/2020\/07\/LOGO-jpg-scaled.jpg","width":2560,"height":1440,"caption":"Fundaci\u00f3n Sinergia Humanitaria"},"image":{"@id":"https:\/\/www.sinergiahumanitaria.cl\/portal\/#\/schema\/logo\/image\/"},"sameAs":["https:\/\/www.facebook.com\/sinergiahumanitaria\/","https:\/\/x.com\/fsinergiah","https:\/\/www.instagram.com\/fsinergiah\/"]},{"@type":"Person","@id":"https:\/\/www.sinergiahumanitaria.cl\/portal\/#\/schema\/person\/6c21471c8460d29d6013c6d5196156ed","name":"pzavala","image":{"@type":"ImageObject","inLanguage":"es-CL","@id":"https:\/\/secure.gravatar.com\/avatar\/3fca3b3977ef43d2b34e0b5d0849b0dc28d3e805e72577c02e835f10a9f05214?s=96&d=mm&r=g","url":"https:\/\/secure.gravatar.com\/avatar\/3fca3b3977ef43d2b34e0b5d0849b0dc28d3e805e72577c02e835f10a9f05214?s=96&d=mm&r=g","contentUrl":"https:\/\/secure.gravatar.com\/avatar\/3fca3b3977ef43d2b34e0b5d0849b0dc28d3e805e72577c02e835f10a9f05214?s=96&d=mm&r=g","caption":"pzavala"},"url":"https:\/\/www.sinergiahumanitaria.cl\/portal\/author\/pzavala\/"}]}},"_links":{"self":[{"href":"https:\/\/www.sinergiahumanitaria.cl\/portal\/wp-json\/wp\/v2\/posts\/7571","targetHints":{"allow":["GET"]}}],"collection":[{"href":"https:\/\/www.sinergiahumanitaria.cl\/portal\/wp-json\/wp\/v2\/posts"}],"about":[{"href":"https:\/\/www.sinergiahumanitaria.cl\/portal\/wp-json\/wp\/v2\/types\/post"}],"author":[{"embeddable":true,"href":"https:\/\/www.sinergiahumanitaria.cl\/portal\/wp-json\/wp\/v2\/users\/6"}],"replies":[{"embeddable":true,"href":"https:\/\/www.sinergiahumanitaria.cl\/portal\/wp-json\/wp\/v2\/comments?post=7571"}],"version-history":[{"count":2,"href":"https:\/\/www.sinergiahumanitaria.cl\/portal\/wp-json\/wp\/v2\/posts\/7571\/revisions"}],"predecessor-version":[{"id":7605,"href":"https:\/\/www.sinergiahumanitaria.cl\/portal\/wp-json\/wp\/v2\/posts\/7571\/revisions\/7605"}],"wp:featuredmedia":[{"embeddable":true,"href":"https:\/\/www.sinergiahumanitaria.cl\/portal\/wp-json\/wp\/v2\/media\/7572"}],"wp:attachment":[{"href":"https:\/\/www.sinergiahumanitaria.cl\/portal\/wp-json\/wp\/v2\/media?parent=7571"}],"wp:term":[{"taxonomy":"category","embeddable":true,"href":"https:\/\/www.sinergiahumanitaria.cl\/portal\/wp-json\/wp\/v2\/categories?post=7571"},{"taxonomy":"post_tag","embeddable":true,"href":"https:\/\/www.sinergiahumanitaria.cl\/portal\/wp-json\/wp\/v2\/tags?post=7571"}],"curies":[{"name":"wp","href":"https:\/\/api.w.org\/{rel}","templated":true}]}}