{"id":7702,"date":"2024-11-27T10:46:11","date_gmt":"2024-11-27T13:46:11","guid":{"rendered":"https:\/\/www.sinergiahumanitaria.cl\/portal\/?p=7702"},"modified":"2025-09-05T11:31:54","modified_gmt":"2025-09-05T15:31:54","slug":"suara-tecnologia-y-espacios-multisensoriales-para-un-envejecimiento-digno","status":"publish","type":"post","link":"https:\/\/www.sinergiahumanitaria.cl\/portal\/2024\/11\/27\/suara-tecnologia-y-espacios-multisensoriales-para-un-envejecimiento-digno\/","title":{"rendered":"Suara: tecnolog\u00eda y espacios multisensoriales para un envejecimiento digno"},"content":{"rendered":"<p>Visitamos la asociaci\u00f3n Suara, una cooperativa social de Barcelona, que ha desarrollado respuestas tecnol\u00f3gicas a las diversas necesidades de las personas mayores, con el firme objetivo de facilitar el \u201cenvejecer en casa\u201d. Adem\u00e1s, experimentamos el servicio de una sala multisensorial especializadas para la atenci\u00f3n de distintas demencias en personas mayores, como tambi\u00e9n utilizada en el desarrollo actividades estimulantes para el trabajo con personas cuidadoras. <\/p>\n\n\t\t<style type=\"text\/css\">\n\t\t\t#gallery-1 {\n\t\t\t\tmargin: auto;\n\t\t\t}\n\t\t\t#gallery-1 .gallery-item {\n\t\t\t\tfloat: left;\n\t\t\t\tmargin-top: 10px;\n\t\t\t\ttext-align: center;\n\t\t\t\twidth: 50%;\n\t\t\t}\n\t\t\t#gallery-1 img {\n\t\t\t\tborder: 2px solid #cfcfcf;\n\t\t\t}\n\t\t\t#gallery-1 .gallery-caption {\n\t\t\t\tmargin-left: 0;\n\t\t\t}\n\t\t\t\/* see gallery_shortcode() in wp-includes\/media.php *\/\n\t\t<\/style>\n\t\t<div id='gallery-1' class='gallery galleryid-7702 gallery-columns-2 gallery-size-thumbnail'><dl class='gallery-item'>\n\t\t\t<dt class='gallery-icon landscape'>\n\t\t\t\t<a href='https:\/\/www.sinergiahumanitaria.cl\/portal\/wp-content\/uploads\/2024\/11\/2-3.jpeg'><img decoding=\"async\" width=\"150\" height=\"150\" src=\"https:\/\/www.sinergiahumanitaria.cl\/portal\/wp-content\/uploads\/2024\/11\/2-3-150x150.jpeg\" class=\"attachment-thumbnail size-thumbnail\" alt=\"\" srcset=\"https:\/\/www.sinergiahumanitaria.cl\/portal\/wp-content\/uploads\/2024\/11\/2-3-150x150.jpeg 150w, https:\/\/www.sinergiahumanitaria.cl\/portal\/wp-content\/uploads\/2024\/11\/2-3-650x650.jpeg 650w\" sizes=\"(max-width: 150px) 100vw, 150px\" \/><\/a>\n\t\t\t<\/dt><\/dl><dl class='gallery-item'>\n\t\t\t<dt class='gallery-icon landscape'>\n\t\t\t\t<a href='https:\/\/www.sinergiahumanitaria.cl\/portal\/wp-content\/uploads\/2024\/11\/1-1.jpeg'><img decoding=\"async\" width=\"150\" height=\"150\" src=\"https:\/\/www.sinergiahumanitaria.cl\/portal\/wp-content\/uploads\/2024\/11\/1-1-150x150.jpeg\" class=\"attachment-thumbnail size-thumbnail\" alt=\"\" srcset=\"https:\/\/www.sinergiahumanitaria.cl\/portal\/wp-content\/uploads\/2024\/11\/1-1-150x150.jpeg 150w, https:\/\/www.sinergiahumanitaria.cl\/portal\/wp-content\/uploads\/2024\/11\/1-1-300x300.jpeg 300w, https:\/\/www.sinergiahumanitaria.cl\/portal\/wp-content\/uploads\/2024\/11\/1-1-1024x1024.jpeg 1024w, https:\/\/www.sinergiahumanitaria.cl\/portal\/wp-content\/uploads\/2024\/11\/1-1-768x768.jpeg 768w, https:\/\/www.sinergiahumanitaria.cl\/portal\/wp-content\/uploads\/2024\/11\/1-1-650x650.jpeg 650w, https:\/\/www.sinergiahumanitaria.cl\/portal\/wp-content\/uploads\/2024\/11\/1-1.jpeg 1080w\" sizes=\"(max-width: 150px) 100vw, 150px\" \/><\/a>\n\t\t\t<\/dt><\/dl><br style=\"clear: both\" \/>\n\t\t<\/div>\n\n<p><iframe title=\"Conocimos la tecnolog\u00eda de SUARA en Barcelona\" width=\"1300\" height=\"731\" src=\"https:\/\/www.youtube.com\/embed\/AyLn-n_im20?feature=oembed\" frameborder=\"0\" allow=\"accelerometer; autoplay; clipboard-write; encrypted-media; gyroscope; picture-in-picture; web-share\" referrerpolicy=\"strict-origin-when-cross-origin\" allowfullscreen><\/iframe><\/p>\n","protected":false},"excerpt":{"rendered":"<p>Visitamos la asociaci\u00f3n Suara, una cooperativa social de Barcelona, que ha desarrollado respuestas tecnol\u00f3gicas a las diversas necesidades de las personas mayores, con el firme objetivo de facilitar el \u201cenvejecer en casa\u201d. Adem\u00e1s, experimentamos el servicio de una sala multisensorial especializadas para la atenci\u00f3n de distintas demencias en personas mayores, como tambi\u00e9n utilizada en el [&hellip;]<\/p>\n","protected":false},"author":6,"featured_media":7703,"comment_status":"closed","ping_status":"open","sticky":false,"template":"","format":"standard","meta":{"footnotes":""},"categories":[14],"tags":[],"class_list":["post-7702","post","type-post","status-publish","format-standard","has-post-thumbnail","hentry","category-noticias"],"yoast_head":"<!-- This site is optimized with the Yoast SEO plugin v27.4 - https:\/\/yoast.com\/product\/yoast-seo-wordpress\/ -->\n<title>Suara: tecnolog\u00eda y espacios multisensoriales para un envejecimiento digno - Fundaci\u00f3n Sinergia Humanitaria<\/title>\n<meta name=\"robots\" content=\"index, follow, max-snippet:-1, max-image-preview:large, max-video-preview:-1\" \/>\n<link rel=\"canonical\" href=\"https:\/\/www.sinergiahumanitaria.cl\/portal\/2024\/11\/27\/suara-tecnologia-y-espacios-multisensoriales-para-un-envejecimiento-digno\/\" \/>\n<meta property=\"og:locale\" content=\"es_ES\" \/>\n<meta property=\"og:type\" content=\"article\" \/>\n<meta property=\"og:title\" content=\"Suara: tecnolog\u00eda y espacios multisensoriales para un envejecimiento digno - Fundaci\u00f3n Sinergia Humanitaria\" \/>\n<meta property=\"og:description\" content=\"Visitamos la asociaci\u00f3n Suara, una cooperativa social de Barcelona, que ha desarrollado respuestas tecnol\u00f3gicas a las diversas necesidades de las personas mayores, con el firme objetivo de facilitar el \u201cenvejecer en casa\u201d. Adem\u00e1s, experimentamos el servicio de una sala multisensorial especializadas para la atenci\u00f3n de distintas demencias en personas mayores, como tambi\u00e9n utilizada en el [&hellip;]\" \/>\n<meta property=\"og:url\" content=\"https:\/\/www.sinergiahumanitaria.cl\/portal\/2024\/11\/27\/suara-tecnologia-y-espacios-multisensoriales-para-un-envejecimiento-digno\/\" \/>\n<meta property=\"og:site_name\" content=\"Fundaci\u00f3n Sinergia Humanitaria\" \/>\n<meta property=\"article:publisher\" content=\"https:\/\/www.facebook.com\/sinergiahumanitaria\/\" \/>\n<meta property=\"article:published_time\" content=\"2024-11-27T13:46:11+00:00\" \/>\n<meta property=\"article:modified_time\" content=\"2025-09-05T15:31:54+00:00\" \/>\n<meta property=\"og:image\" content=\"https:\/\/www.sinergiahumanitaria.cl\/portal\/wp-content\/uploads\/2024\/11\/1-1.jpeg\" \/>\n\t<meta property=\"og:image:width\" content=\"1080\" \/>\n\t<meta property=\"og:image:height\" content=\"1080\" \/>\n\t<meta property=\"og:image:type\" content=\"image\/jpeg\" \/>\n<meta name=\"author\" content=\"pzavala\" \/>\n<meta name=\"twitter:card\" content=\"summary_large_image\" \/>\n<meta name=\"twitter:creator\" content=\"@fsinergiah\" \/>\n<meta name=\"twitter:site\" content=\"@fsinergiah\" \/>\n<meta name=\"twitter:label1\" content=\"Escrito por\" \/>\n\t<meta name=\"twitter:data1\" content=\"pzavala\" \/>\n\t<meta name=\"twitter:label2\" content=\"Tiempo estimado de lectura\" \/>\n\t<meta name=\"twitter:data2\" content=\"1 minuto\" \/>\n<script type=\"application\/ld+json\" class=\"yoast-schema-graph\">{\"@context\":\"https:\\\/\\\/schema.org\",\"@graph\":[{\"@type\":\"Article\",\"@id\":\"https:\\\/\\\/www.sinergiahumanitaria.cl\\\/portal\\\/2024\\\/11\\\/27\\\/suara-tecnologia-y-espacios-multisensoriales-para-un-envejecimiento-digno\\\/#article\",\"isPartOf\":{\"@id\":\"https:\\\/\\\/www.sinergiahumanitaria.cl\\\/portal\\\/2024\\\/11\\\/27\\\/suara-tecnologia-y-espacios-multisensoriales-para-un-envejecimiento-digno\\\/\"},\"author\":{\"name\":\"pzavala\",\"@id\":\"https:\\\/\\\/www.sinergiahumanitaria.cl\\\/portal\\\/#\\\/schema\\\/person\\\/6c21471c8460d29d6013c6d5196156ed\"},\"headline\":\"Suara: tecnolog\u00eda y espacios multisensoriales para un envejecimiento digno\",\"datePublished\":\"2024-11-27T13:46:11+00:00\",\"dateModified\":\"2025-09-05T15:31:54+00:00\",\"mainEntityOfPage\":{\"@id\":\"https:\\\/\\\/www.sinergiahumanitaria.cl\\\/portal\\\/2024\\\/11\\\/27\\\/suara-tecnologia-y-espacios-multisensoriales-para-un-envejecimiento-digno\\\/\"},\"wordCount\":90,\"publisher\":{\"@id\":\"https:\\\/\\\/www.sinergiahumanitaria.cl\\\/portal\\\/#organization\"},\"image\":{\"@id\":\"https:\\\/\\\/www.sinergiahumanitaria.cl\\\/portal\\\/2024\\\/11\\\/27\\\/suara-tecnologia-y-espacios-multisensoriales-para-un-envejecimiento-digno\\\/#primaryimage\"},\"thumbnailUrl\":\"https:\\\/\\\/www.sinergiahumanitaria.cl\\\/portal\\\/wp-content\\\/uploads\\\/2024\\\/11\\\/1-1.jpeg\",\"articleSection\":[\"Noticias\"],\"inLanguage\":\"es-CL\"},{\"@type\":\"WebPage\",\"@id\":\"https:\\\/\\\/www.sinergiahumanitaria.cl\\\/portal\\\/2024\\\/11\\\/27\\\/suara-tecnologia-y-espacios-multisensoriales-para-un-envejecimiento-digno\\\/\",\"url\":\"https:\\\/\\\/www.sinergiahumanitaria.cl\\\/portal\\\/2024\\\/11\\\/27\\\/suara-tecnologia-y-espacios-multisensoriales-para-un-envejecimiento-digno\\\/\",\"name\":\"Suara: tecnolog\u00eda y espacios multisensoriales para un envejecimiento digno - Fundaci\u00f3n Sinergia Humanitaria\",\"isPartOf\":{\"@id\":\"https:\\\/\\\/www.sinergiahumanitaria.cl\\\/portal\\\/#website\"},\"primaryImageOfPage\":{\"@id\":\"https:\\\/\\\/www.sinergiahumanitaria.cl\\\/portal\\\/2024\\\/11\\\/27\\\/suara-tecnologia-y-espacios-multisensoriales-para-un-envejecimiento-digno\\\/#primaryimage\"},\"image\":{\"@id\":\"https:\\\/\\\/www.sinergiahumanitaria.cl\\\/portal\\\/2024\\\/11\\\/27\\\/suara-tecnologia-y-espacios-multisensoriales-para-un-envejecimiento-digno\\\/#primaryimage\"},\"thumbnailUrl\":\"https:\\\/\\\/www.sinergiahumanitaria.cl\\\/portal\\\/wp-content\\\/uploads\\\/2024\\\/11\\\/1-1.jpeg\",\"datePublished\":\"2024-11-27T13:46:11+00:00\",\"dateModified\":\"2025-09-05T15:31:54+00:00\",\"breadcrumb\":{\"@id\":\"https:\\\/\\\/www.sinergiahumanitaria.cl\\\/portal\\\/2024\\\/11\\\/27\\\/suara-tecnologia-y-espacios-multisensoriales-para-un-envejecimiento-digno\\\/#breadcrumb\"},\"inLanguage\":\"es-CL\",\"potentialAction\":[{\"@type\":\"ReadAction\",\"target\":[\"https:\\\/\\\/www.sinergiahumanitaria.cl\\\/portal\\\/2024\\\/11\\\/27\\\/suara-tecnologia-y-espacios-multisensoriales-para-un-envejecimiento-digno\\\/\"]}]},{\"@type\":\"ImageObject\",\"inLanguage\":\"es-CL\",\"@id\":\"https:\\\/\\\/www.sinergiahumanitaria.cl\\\/portal\\\/2024\\\/11\\\/27\\\/suara-tecnologia-y-espacios-multisensoriales-para-un-envejecimiento-digno\\\/#primaryimage\",\"url\":\"https:\\\/\\\/www.sinergiahumanitaria.cl\\\/portal\\\/wp-content\\\/uploads\\\/2024\\\/11\\\/1-1.jpeg\",\"contentUrl\":\"https:\\\/\\\/www.sinergiahumanitaria.cl\\\/portal\\\/wp-content\\\/uploads\\\/2024\\\/11\\\/1-1.jpeg\",\"width\":1080,\"height\":1080},{\"@type\":\"BreadcrumbList\",\"@id\":\"https:\\\/\\\/www.sinergiahumanitaria.cl\\\/portal\\\/2024\\\/11\\\/27\\\/suara-tecnologia-y-espacios-multisensoriales-para-un-envejecimiento-digno\\\/#breadcrumb\",\"itemListElement\":[{\"@type\":\"ListItem\",\"position\":1,\"name\":\"Portada\",\"item\":\"https:\\\/\\\/www.sinergiahumanitaria.cl\\\/portal\\\/\"},{\"@type\":\"ListItem\",\"position\":2,\"name\":\"Suara: tecnolog\u00eda y espacios multisensoriales para un envejecimiento digno\"}]},{\"@type\":\"WebSite\",\"@id\":\"https:\\\/\\\/www.sinergiahumanitaria.cl\\\/portal\\\/#website\",\"url\":\"https:\\\/\\\/www.sinergiahumanitaria.cl\\\/portal\\\/\",\"name\":\"Fundaci\u00f3n Sinergia Humanitaria\",\"description\":\"Acci\u00f3n Solidaria desde 2001\",\"publisher\":{\"@id\":\"https:\\\/\\\/www.sinergiahumanitaria.cl\\\/portal\\\/#organization\"},\"potentialAction\":[{\"@type\":\"SearchAction\",\"target\":{\"@type\":\"EntryPoint\",\"urlTemplate\":\"https:\\\/\\\/www.sinergiahumanitaria.cl\\\/portal\\\/?s={search_term_string}\"},\"query-input\":{\"@type\":\"PropertyValueSpecification\",\"valueRequired\":true,\"valueName\":\"search_term_string\"}}],\"inLanguage\":\"es-CL\"},{\"@type\":\"Organization\",\"@id\":\"https:\\\/\\\/www.sinergiahumanitaria.cl\\\/portal\\\/#organization\",\"name\":\"Fundaci\u00f3n Sinergia Humanitaria\",\"url\":\"https:\\\/\\\/www.sinergiahumanitaria.cl\\\/portal\\\/\",\"logo\":{\"@type\":\"ImageObject\",\"inLanguage\":\"es-CL\",\"@id\":\"https:\\\/\\\/www.sinergiahumanitaria.cl\\\/portal\\\/#\\\/schema\\\/logo\\\/image\\\/\",\"url\":\"https:\\\/\\\/www.sinergiahumanitaria.cl\\\/portal\\\/wp-content\\\/uploads\\\/2020\\\/07\\\/LOGO-jpg-scaled.jpg\",\"contentUrl\":\"https:\\\/\\\/www.sinergiahumanitaria.cl\\\/portal\\\/wp-content\\\/uploads\\\/2020\\\/07\\\/LOGO-jpg-scaled.jpg\",\"width\":2560,\"height\":1440,\"caption\":\"Fundaci\u00f3n Sinergia Humanitaria\"},\"image\":{\"@id\":\"https:\\\/\\\/www.sinergiahumanitaria.cl\\\/portal\\\/#\\\/schema\\\/logo\\\/image\\\/\"},\"sameAs\":[\"https:\\\/\\\/www.facebook.com\\\/sinergiahumanitaria\\\/\",\"https:\\\/\\\/x.com\\\/fsinergiah\",\"https:\\\/\\\/www.instagram.com\\\/fsinergiah\\\/\"]},{\"@type\":\"Person\",\"@id\":\"https:\\\/\\\/www.sinergiahumanitaria.cl\\\/portal\\\/#\\\/schema\\\/person\\\/6c21471c8460d29d6013c6d5196156ed\",\"name\":\"pzavala\",\"image\":{\"@type\":\"ImageObject\",\"inLanguage\":\"es-CL\",\"@id\":\"https:\\\/\\\/secure.gravatar.com\\\/avatar\\\/3fca3b3977ef43d2b34e0b5d0849b0dc28d3e805e72577c02e835f10a9f05214?s=96&d=mm&r=g\",\"url\":\"https:\\\/\\\/secure.gravatar.com\\\/avatar\\\/3fca3b3977ef43d2b34e0b5d0849b0dc28d3e805e72577c02e835f10a9f05214?s=96&d=mm&r=g\",\"contentUrl\":\"https:\\\/\\\/secure.gravatar.com\\\/avatar\\\/3fca3b3977ef43d2b34e0b5d0849b0dc28d3e805e72577c02e835f10a9f05214?s=96&d=mm&r=g\",\"caption\":\"pzavala\"},\"url\":\"https:\\\/\\\/www.sinergiahumanitaria.cl\\\/portal\\\/author\\\/pzavala\\\/\"}]}<\/script>\n<!-- \/ Yoast SEO plugin. -->","yoast_head_json":{"title":"Suara: tecnolog\u00eda y espacios multisensoriales para un envejecimiento digno - Fundaci\u00f3n Sinergia Humanitaria","robots":{"index":"index","follow":"follow","max-snippet":"max-snippet:-1","max-image-preview":"max-image-preview:large","max-video-preview":"max-video-preview:-1"},"canonical":"https:\/\/www.sinergiahumanitaria.cl\/portal\/2024\/11\/27\/suara-tecnologia-y-espacios-multisensoriales-para-un-envejecimiento-digno\/","og_locale":"es_ES","og_type":"article","og_title":"Suara: tecnolog\u00eda y espacios multisensoriales para un envejecimiento digno - Fundaci\u00f3n Sinergia Humanitaria","og_description":"Visitamos la asociaci\u00f3n Suara, una cooperativa social de Barcelona, que ha desarrollado respuestas tecnol\u00f3gicas a las diversas necesidades de las personas mayores, con el firme objetivo de facilitar el \u201cenvejecer en casa\u201d. Adem\u00e1s, experimentamos el servicio de una sala multisensorial especializadas para la atenci\u00f3n de distintas demencias en personas mayores, como tambi\u00e9n utilizada en el [&hellip;]","og_url":"https:\/\/www.sinergiahumanitaria.cl\/portal\/2024\/11\/27\/suara-tecnologia-y-espacios-multisensoriales-para-un-envejecimiento-digno\/","og_site_name":"Fundaci\u00f3n Sinergia Humanitaria","article_publisher":"https:\/\/www.facebook.com\/sinergiahumanitaria\/","article_published_time":"2024-11-27T13:46:11+00:00","article_modified_time":"2025-09-05T15:31:54+00:00","og_image":[{"width":1080,"height":1080,"url":"https:\/\/www.sinergiahumanitaria.cl\/portal\/wp-content\/uploads\/2024\/11\/1-1.jpeg","type":"image\/jpeg"}],"author":"pzavala","twitter_card":"summary_large_image","twitter_creator":"@fsinergiah","twitter_site":"@fsinergiah","twitter_misc":{"Escrito por":"pzavala","Tiempo estimado de lectura":"1 minuto"},"schema":{"@context":"https:\/\/schema.org","@graph":[{"@type":"Article","@id":"https:\/\/www.sinergiahumanitaria.cl\/portal\/2024\/11\/27\/suara-tecnologia-y-espacios-multisensoriales-para-un-envejecimiento-digno\/#article","isPartOf":{"@id":"https:\/\/www.sinergiahumanitaria.cl\/portal\/2024\/11\/27\/suara-tecnologia-y-espacios-multisensoriales-para-un-envejecimiento-digno\/"},"author":{"name":"pzavala","@id":"https:\/\/www.sinergiahumanitaria.cl\/portal\/#\/schema\/person\/6c21471c8460d29d6013c6d5196156ed"},"headline":"Suara: tecnolog\u00eda y espacios multisensoriales para un envejecimiento digno","datePublished":"2024-11-27T13:46:11+00:00","dateModified":"2025-09-05T15:31:54+00:00","mainEntityOfPage":{"@id":"https:\/\/www.sinergiahumanitaria.cl\/portal\/2024\/11\/27\/suara-tecnologia-y-espacios-multisensoriales-para-un-envejecimiento-digno\/"},"wordCount":90,"publisher":{"@id":"https:\/\/www.sinergiahumanitaria.cl\/portal\/#organization"},"image":{"@id":"https:\/\/www.sinergiahumanitaria.cl\/portal\/2024\/11\/27\/suara-tecnologia-y-espacios-multisensoriales-para-un-envejecimiento-digno\/#primaryimage"},"thumbnailUrl":"https:\/\/www.sinergiahumanitaria.cl\/portal\/wp-content\/uploads\/2024\/11\/1-1.jpeg","articleSection":["Noticias"],"inLanguage":"es-CL"},{"@type":"WebPage","@id":"https:\/\/www.sinergiahumanitaria.cl\/portal\/2024\/11\/27\/suara-tecnologia-y-espacios-multisensoriales-para-un-envejecimiento-digno\/","url":"https:\/\/www.sinergiahumanitaria.cl\/portal\/2024\/11\/27\/suara-tecnologia-y-espacios-multisensoriales-para-un-envejecimiento-digno\/","name":"Suara: tecnolog\u00eda y espacios multisensoriales para un envejecimiento digno - Fundaci\u00f3n Sinergia Humanitaria","isPartOf":{"@id":"https:\/\/www.sinergiahumanitaria.cl\/portal\/#website"},"primaryImageOfPage":{"@id":"https:\/\/www.sinergiahumanitaria.cl\/portal\/2024\/11\/27\/suara-tecnologia-y-espacios-multisensoriales-para-un-envejecimiento-digno\/#primaryimage"},"image":{"@id":"https:\/\/www.sinergiahumanitaria.cl\/portal\/2024\/11\/27\/suara-tecnologia-y-espacios-multisensoriales-para-un-envejecimiento-digno\/#primaryimage"},"thumbnailUrl":"https:\/\/www.sinergiahumanitaria.cl\/portal\/wp-content\/uploads\/2024\/11\/1-1.jpeg","datePublished":"2024-11-27T13:46:11+00:00","dateModified":"2025-09-05T15:31:54+00:00","breadcrumb":{"@id":"https:\/\/www.sinergiahumanitaria.cl\/portal\/2024\/11\/27\/suara-tecnologia-y-espacios-multisensoriales-para-un-envejecimiento-digno\/#breadcrumb"},"inLanguage":"es-CL","potentialAction":[{"@type":"ReadAction","target":["https:\/\/www.sinergiahumanitaria.cl\/portal\/2024\/11\/27\/suara-tecnologia-y-espacios-multisensoriales-para-un-envejecimiento-digno\/"]}]},{"@type":"ImageObject","inLanguage":"es-CL","@id":"https:\/\/www.sinergiahumanitaria.cl\/portal\/2024\/11\/27\/suara-tecnologia-y-espacios-multisensoriales-para-un-envejecimiento-digno\/#primaryimage","url":"https:\/\/www.sinergiahumanitaria.cl\/portal\/wp-content\/uploads\/2024\/11\/1-1.jpeg","contentUrl":"https:\/\/www.sinergiahumanitaria.cl\/portal\/wp-content\/uploads\/2024\/11\/1-1.jpeg","width":1080,"height":1080},{"@type":"BreadcrumbList","@id":"https:\/\/www.sinergiahumanitaria.cl\/portal\/2024\/11\/27\/suara-tecnologia-y-espacios-multisensoriales-para-un-envejecimiento-digno\/#breadcrumb","itemListElement":[{"@type":"ListItem","position":1,"name":"Portada","item":"https:\/\/www.sinergiahumanitaria.cl\/portal\/"},{"@type":"ListItem","position":2,"name":"Suara: tecnolog\u00eda y espacios multisensoriales para un envejecimiento digno"}]},{"@type":"WebSite","@id":"https:\/\/www.sinergiahumanitaria.cl\/portal\/#website","url":"https:\/\/www.sinergiahumanitaria.cl\/portal\/","name":"Fundaci\u00f3n Sinergia Humanitaria","description":"Acci\u00f3n Solidaria desde 2001","publisher":{"@id":"https:\/\/www.sinergiahumanitaria.cl\/portal\/#organization"},"potentialAction":[{"@type":"SearchAction","target":{"@type":"EntryPoint","urlTemplate":"https:\/\/www.sinergiahumanitaria.cl\/portal\/?s={search_term_string}"},"query-input":{"@type":"PropertyValueSpecification","valueRequired":true,"valueName":"search_term_string"}}],"inLanguage":"es-CL"},{"@type":"Organization","@id":"https:\/\/www.sinergiahumanitaria.cl\/portal\/#organization","name":"Fundaci\u00f3n Sinergia Humanitaria","url":"https:\/\/www.sinergiahumanitaria.cl\/portal\/","logo":{"@type":"ImageObject","inLanguage":"es-CL","@id":"https:\/\/www.sinergiahumanitaria.cl\/portal\/#\/schema\/logo\/image\/","url":"https:\/\/www.sinergiahumanitaria.cl\/portal\/wp-content\/uploads\/2020\/07\/LOGO-jpg-scaled.jpg","contentUrl":"https:\/\/www.sinergiahumanitaria.cl\/portal\/wp-content\/uploads\/2020\/07\/LOGO-jpg-scaled.jpg","width":2560,"height":1440,"caption":"Fundaci\u00f3n Sinergia Humanitaria"},"image":{"@id":"https:\/\/www.sinergiahumanitaria.cl\/portal\/#\/schema\/logo\/image\/"},"sameAs":["https:\/\/www.facebook.com\/sinergiahumanitaria\/","https:\/\/x.com\/fsinergiah","https:\/\/www.instagram.com\/fsinergiah\/"]},{"@type":"Person","@id":"https:\/\/www.sinergiahumanitaria.cl\/portal\/#\/schema\/person\/6c21471c8460d29d6013c6d5196156ed","name":"pzavala","image":{"@type":"ImageObject","inLanguage":"es-CL","@id":"https:\/\/secure.gravatar.com\/avatar\/3fca3b3977ef43d2b34e0b5d0849b0dc28d3e805e72577c02e835f10a9f05214?s=96&d=mm&r=g","url":"https:\/\/secure.gravatar.com\/avatar\/3fca3b3977ef43d2b34e0b5d0849b0dc28d3e805e72577c02e835f10a9f05214?s=96&d=mm&r=g","contentUrl":"https:\/\/secure.gravatar.com\/avatar\/3fca3b3977ef43d2b34e0b5d0849b0dc28d3e805e72577c02e835f10a9f05214?s=96&d=mm&r=g","caption":"pzavala"},"url":"https:\/\/www.sinergiahumanitaria.cl\/portal\/author\/pzavala\/"}]}},"_links":{"self":[{"href":"https:\/\/www.sinergiahumanitaria.cl\/portal\/wp-json\/wp\/v2\/posts\/7702","targetHints":{"allow":["GET"]}}],"collection":[{"href":"https:\/\/www.sinergiahumanitaria.cl\/portal\/wp-json\/wp\/v2\/posts"}],"about":[{"href":"https:\/\/www.sinergiahumanitaria.cl\/portal\/wp-json\/wp\/v2\/types\/post"}],"author":[{"embeddable":true,"href":"https:\/\/www.sinergiahumanitaria.cl\/portal\/wp-json\/wp\/v2\/users\/6"}],"replies":[{"embeddable":true,"href":"https:\/\/www.sinergiahumanitaria.cl\/portal\/wp-json\/wp\/v2\/comments?post=7702"}],"version-history":[{"count":3,"href":"https:\/\/www.sinergiahumanitaria.cl\/portal\/wp-json\/wp\/v2\/posts\/7702\/revisions"}],"predecessor-version":[{"id":7707,"href":"https:\/\/www.sinergiahumanitaria.cl\/portal\/wp-json\/wp\/v2\/posts\/7702\/revisions\/7707"}],"wp:featuredmedia":[{"embeddable":true,"href":"https:\/\/www.sinergiahumanitaria.cl\/portal\/wp-json\/wp\/v2\/media\/7703"}],"wp:attachment":[{"href":"https:\/\/www.sinergiahumanitaria.cl\/portal\/wp-json\/wp\/v2\/media?parent=7702"}],"wp:term":[{"taxonomy":"category","embeddable":true,"href":"https:\/\/www.sinergiahumanitaria.cl\/portal\/wp-json\/wp\/v2\/categories?post=7702"},{"taxonomy":"post_tag","embeddable":true,"href":"https:\/\/www.sinergiahumanitaria.cl\/portal\/wp-json\/wp\/v2\/tags?post=7702"}],"curies":[{"name":"wp","href":"https:\/\/api.w.org\/{rel}","templated":true}]}}