{"id":7839,"date":"2025-03-04T18:36:38","date_gmt":"2025-03-04T21:36:38","guid":{"rendered":"https:\/\/www.sinergiahumanitaria.cl\/portal\/?p=7839"},"modified":"2025-09-10T10:14:26","modified_gmt":"2025-09-10T13:14:26","slug":"fundacion-sinergia-humanitaria-y-fundacion-pilares-de-espana-firman-importante-acuerdo-de-colaboracion","status":"publish","type":"post","link":"https:\/\/www.sinergiahumanitaria.cl\/portal\/2025\/03\/04\/fundacion-sinergia-humanitaria-y-fundacion-pilares-de-espana-firman-importante-acuerdo-de-colaboracion\/","title":{"rendered":"Fundaci\u00f3n Sinergia Humanitaria y Fundaci\u00f3n Pilares de Espa\u00f1a firman importante acuerdo de colaboraci\u00f3n"},"content":{"rendered":"<p>La firma de este primer convenio internacional, se realiz\u00f3 hoy en Madrid con la presencia del Presidente de la Fundaci\u00f3n Sinergia Humanitaria, Don Jos\u00e9 Luis Balmaceda y Do\u00f1a Pilar Rodr\u00edguez, Presidenta de la Fundaci\u00f3n Pilares de Espa\u00f1a.<\/p>\n<p>Este importante hito formaliza una alianza estrat\u00e9gica que permitir\u00e1 que ambas instituciones de la sociedad civil, impulsen\u00a0 iniciativas vinculadas a la etapa de la vejez y el proceso de envejecimiento entre los pa\u00edses. La iniciativa surge como resultado de la visita de la Fundaci\u00f3n Sinergia Humanitaria a Espa\u00f1a en noviembre del 2024. En dicha instancia, las instituciones identificaron \u00e1reas de inter\u00e9s com\u00fan y una gran capacidad t\u00e9cnica y compromiso para impulsar acciones dirigidas a mejorar la calidad de vida de las personas mayores, desde un enfoque de derechos y con especial preocupaci\u00f3n por los territorios aislados y\/o rurales.<\/p>\n<p>El objetivo del convenio de colaboraci\u00f3n es el apoyo mutuo, la complementariedad y la cooperaci\u00f3n para el desarrollo de proyectos conjuntos, que tambi\u00e9n\u00a0puedan extenderse a otros pa\u00edses de la regi\u00f3n de Am\u00e9rica Latina y el Caribe. La poblaci\u00f3n priorizada en esta alianza ser\u00e1n las personas mayores, familias, comunidades y personas cuidadoras, y los equipos municipales que intervienen a nivel comunitario. En este contexto, se pretenden impulsar acciones formativas y de intercambio de buenas pr\u00e1cticas, difusi\u00f3n del enfoque centrado en la persona, como tambi\u00e9n propiciar la investigaci\u00f3n y el desarrollo metodol\u00f3gico para abordar \u00e1reas de la salud mental, comunidades amigables y los cuidados pensados desde los territorios, entre otros.<\/p>\n<p>Nos complace iniciar esta alianza y complementar nuestro trabajo humanitario de la mano de organizaciones como Fundaci\u00f3n Pilares, con quienes queremos potenciar los esfuerzos de los a\u00f1os de trabajo, para seguir contribuyendo a una sociedad inclusiva y solidaria para todas las edades.<\/p>\n\n\t\t<style type=\"text\/css\">\n\t\t\t#gallery-1 {\n\t\t\t\tmargin: auto;\n\t\t\t}\n\t\t\t#gallery-1 .gallery-item {\n\t\t\t\tfloat: left;\n\t\t\t\tmargin-top: 10px;\n\t\t\t\ttext-align: center;\n\t\t\t\twidth: 33%;\n\t\t\t}\n\t\t\t#gallery-1 img {\n\t\t\t\tborder: 2px solid #cfcfcf;\n\t\t\t}\n\t\t\t#gallery-1 .gallery-caption {\n\t\t\t\tmargin-left: 0;\n\t\t\t}\n\t\t\t\/* see gallery_shortcode() in wp-includes\/media.php *\/\n\t\t<\/style>\n\t\t<div id='gallery-1' class='gallery galleryid-7839 gallery-columns-3 gallery-size-thumbnail'><dl class='gallery-item'>\n\t\t\t<dt class='gallery-icon landscape'>\n\t\t\t\t<a href='https:\/\/www.sinergiahumanitaria.cl\/portal\/wp-content\/uploads\/2025\/03\/1-scaled.jpeg'><img decoding=\"async\" width=\"150\" height=\"150\" src=\"https:\/\/www.sinergiahumanitaria.cl\/portal\/wp-content\/uploads\/2025\/03\/1-150x150.jpeg\" class=\"attachment-thumbnail size-thumbnail\" alt=\"\" srcset=\"https:\/\/www.sinergiahumanitaria.cl\/portal\/wp-content\/uploads\/2025\/03\/1-150x150.jpeg 150w, https:\/\/www.sinergiahumanitaria.cl\/portal\/wp-content\/uploads\/2025\/03\/1-650x650.jpeg 650w, https:\/\/www.sinergiahumanitaria.cl\/portal\/wp-content\/uploads\/2025\/03\/1-1300x1300.jpeg 1300w\" sizes=\"(max-width: 150px) 100vw, 150px\" \/><\/a>\n\t\t\t<\/dt><\/dl><dl class='gallery-item'>\n\t\t\t<dt class='gallery-icon landscape'>\n\t\t\t\t<a href='https:\/\/www.sinergiahumanitaria.cl\/portal\/wp-content\/uploads\/2025\/03\/3-scaled.jpeg'><img decoding=\"async\" width=\"150\" height=\"150\" src=\"https:\/\/www.sinergiahumanitaria.cl\/portal\/wp-content\/uploads\/2025\/03\/3-150x150.jpeg\" class=\"attachment-thumbnail size-thumbnail\" alt=\"\" srcset=\"https:\/\/www.sinergiahumanitaria.cl\/portal\/wp-content\/uploads\/2025\/03\/3-150x150.jpeg 150w, https:\/\/www.sinergiahumanitaria.cl\/portal\/wp-content\/uploads\/2025\/03\/3-650x650.jpeg 650w, https:\/\/www.sinergiahumanitaria.cl\/portal\/wp-content\/uploads\/2025\/03\/3-1300x1300.jpeg 1300w\" sizes=\"(max-width: 150px) 100vw, 150px\" \/><\/a>\n\t\t\t<\/dt><\/dl><dl class='gallery-item'>\n\t\t\t<dt class='gallery-icon landscape'>\n\t\t\t\t<a href='https:\/\/www.sinergiahumanitaria.cl\/portal\/wp-content\/uploads\/2025\/03\/2-scaled.jpeg'><img decoding=\"async\" width=\"150\" height=\"150\" src=\"https:\/\/www.sinergiahumanitaria.cl\/portal\/wp-content\/uploads\/2025\/03\/2-150x150.jpeg\" class=\"attachment-thumbnail size-thumbnail\" alt=\"\" srcset=\"https:\/\/www.sinergiahumanitaria.cl\/portal\/wp-content\/uploads\/2025\/03\/2-150x150.jpeg 150w, https:\/\/www.sinergiahumanitaria.cl\/portal\/wp-content\/uploads\/2025\/03\/2-650x650.jpeg 650w, https:\/\/www.sinergiahumanitaria.cl\/portal\/wp-content\/uploads\/2025\/03\/2-1300x1300.jpeg 1300w\" sizes=\"(max-width: 150px) 100vw, 150px\" \/><\/a>\n\t\t\t<\/dt><\/dl><br style=\"clear: both\" \/>\n\t\t<\/div>\n\n<p><em>Presidente de la Fundaci\u00f3n Sinergia Humanitaria,\u00a0 Jos\u00e9 Luis Balmaceda y Pilar Rodr\u00edguez, Presidenta de la Fundaci\u00f3n Pilares de Espa\u00f1a.<\/em><\/p>\n","protected":false},"excerpt":{"rendered":"<p>La firma de este primer convenio internacional, se realiz\u00f3 hoy en Madrid con la presencia del Presidente de la Fundaci\u00f3n Sinergia Humanitaria, Don Jos\u00e9 Luis Balmaceda y Do\u00f1a Pilar Rodr\u00edguez, Presidenta de la Fundaci\u00f3n Pilares de Espa\u00f1a. Este importante hito formaliza una alianza estrat\u00e9gica que permitir\u00e1 que ambas instituciones de la sociedad civil, impulsen\u00a0 iniciativas [&hellip;]<\/p>\n","protected":false},"author":6,"featured_media":7840,"comment_status":"closed","ping_status":"open","sticky":false,"template":"","format":"standard","meta":{"footnotes":""},"categories":[14],"tags":[],"class_list":["post-7839","post","type-post","status-publish","format-standard","has-post-thumbnail","hentry","category-noticias"],"yoast_head":"<!-- This site is optimized with the Yoast SEO plugin v27.4 - https:\/\/yoast.com\/product\/yoast-seo-wordpress\/ -->\n<title>Fundaci\u00f3n Sinergia Humanitaria y Fundaci\u00f3n Pilares de Espa\u00f1a firman importante acuerdo de colaboraci\u00f3n - Fundaci\u00f3n Sinergia Humanitaria<\/title>\n<meta name=\"robots\" content=\"index, follow, max-snippet:-1, max-image-preview:large, max-video-preview:-1\" \/>\n<link rel=\"canonical\" href=\"https:\/\/www.sinergiahumanitaria.cl\/portal\/2025\/03\/04\/fundacion-sinergia-humanitaria-y-fundacion-pilares-de-espana-firman-importante-acuerdo-de-colaboracion\/\" \/>\n<meta property=\"og:locale\" content=\"es_ES\" \/>\n<meta property=\"og:type\" content=\"article\" \/>\n<meta property=\"og:title\" content=\"Fundaci\u00f3n Sinergia Humanitaria y Fundaci\u00f3n Pilares de Espa\u00f1a firman importante acuerdo de colaboraci\u00f3n - Fundaci\u00f3n Sinergia Humanitaria\" \/>\n<meta property=\"og:description\" content=\"La firma de este primer convenio internacional, se realiz\u00f3 hoy en Madrid con la presencia del Presidente de la Fundaci\u00f3n Sinergia Humanitaria, Don Jos\u00e9 Luis Balmaceda y Do\u00f1a Pilar Rodr\u00edguez, Presidenta de la Fundaci\u00f3n Pilares de Espa\u00f1a. Este importante hito formaliza una alianza estrat\u00e9gica que permitir\u00e1 que ambas instituciones de la sociedad civil, impulsen\u00a0 iniciativas [&hellip;]\" \/>\n<meta property=\"og:url\" content=\"https:\/\/www.sinergiahumanitaria.cl\/portal\/2025\/03\/04\/fundacion-sinergia-humanitaria-y-fundacion-pilares-de-espana-firman-importante-acuerdo-de-colaboracion\/\" \/>\n<meta property=\"og:site_name\" content=\"Fundaci\u00f3n Sinergia Humanitaria\" \/>\n<meta property=\"article:publisher\" content=\"https:\/\/www.facebook.com\/sinergiahumanitaria\/\" \/>\n<meta property=\"article:published_time\" content=\"2025-03-04T21:36:38+00:00\" \/>\n<meta property=\"article:modified_time\" content=\"2025-09-10T13:14:26+00:00\" \/>\n<meta property=\"og:image\" content=\"https:\/\/www.sinergiahumanitaria.cl\/portal\/wp-content\/uploads\/2025\/03\/2-scaled.jpeg\" \/>\n\t<meta property=\"og:image:width\" content=\"2560\" \/>\n\t<meta property=\"og:image:height\" content=\"2121\" \/>\n\t<meta property=\"og:image:type\" content=\"image\/jpeg\" \/>\n<meta name=\"author\" content=\"pzavala\" \/>\n<meta name=\"twitter:card\" content=\"summary_large_image\" \/>\n<meta name=\"twitter:creator\" content=\"@fsinergiah\" \/>\n<meta name=\"twitter:site\" content=\"@fsinergiah\" \/>\n<meta name=\"twitter:label1\" content=\"Escrito por\" \/>\n\t<meta name=\"twitter:data1\" content=\"pzavala\" \/>\n\t<meta name=\"twitter:label2\" content=\"Tiempo estimado de lectura\" \/>\n\t<meta name=\"twitter:data2\" content=\"2 minutos\" \/>\n<script type=\"application\/ld+json\" class=\"yoast-schema-graph\">{\"@context\":\"https:\\\/\\\/schema.org\",\"@graph\":[{\"@type\":\"Article\",\"@id\":\"https:\\\/\\\/www.sinergiahumanitaria.cl\\\/portal\\\/2025\\\/03\\\/04\\\/fundacion-sinergia-humanitaria-y-fundacion-pilares-de-espana-firman-importante-acuerdo-de-colaboracion\\\/#article\",\"isPartOf\":{\"@id\":\"https:\\\/\\\/www.sinergiahumanitaria.cl\\\/portal\\\/2025\\\/03\\\/04\\\/fundacion-sinergia-humanitaria-y-fundacion-pilares-de-espana-firman-importante-acuerdo-de-colaboracion\\\/\"},\"author\":{\"name\":\"pzavala\",\"@id\":\"https:\\\/\\\/www.sinergiahumanitaria.cl\\\/portal\\\/#\\\/schema\\\/person\\\/6c21471c8460d29d6013c6d5196156ed\"},\"headline\":\"Fundaci\u00f3n Sinergia Humanitaria y Fundaci\u00f3n Pilares de Espa\u00f1a firman importante acuerdo de colaboraci\u00f3n\",\"datePublished\":\"2025-03-04T21:36:38+00:00\",\"dateModified\":\"2025-09-10T13:14:26+00:00\",\"mainEntityOfPage\":{\"@id\":\"https:\\\/\\\/www.sinergiahumanitaria.cl\\\/portal\\\/2025\\\/03\\\/04\\\/fundacion-sinergia-humanitaria-y-fundacion-pilares-de-espana-firman-importante-acuerdo-de-colaboracion\\\/\"},\"wordCount\":358,\"publisher\":{\"@id\":\"https:\\\/\\\/www.sinergiahumanitaria.cl\\\/portal\\\/#organization\"},\"image\":{\"@id\":\"https:\\\/\\\/www.sinergiahumanitaria.cl\\\/portal\\\/2025\\\/03\\\/04\\\/fundacion-sinergia-humanitaria-y-fundacion-pilares-de-espana-firman-importante-acuerdo-de-colaboracion\\\/#primaryimage\"},\"thumbnailUrl\":\"https:\\\/\\\/www.sinergiahumanitaria.cl\\\/portal\\\/wp-content\\\/uploads\\\/2025\\\/03\\\/2-scaled.jpeg\",\"articleSection\":[\"Noticias\"],\"inLanguage\":\"es-CL\"},{\"@type\":\"WebPage\",\"@id\":\"https:\\\/\\\/www.sinergiahumanitaria.cl\\\/portal\\\/2025\\\/03\\\/04\\\/fundacion-sinergia-humanitaria-y-fundacion-pilares-de-espana-firman-importante-acuerdo-de-colaboracion\\\/\",\"url\":\"https:\\\/\\\/www.sinergiahumanitaria.cl\\\/portal\\\/2025\\\/03\\\/04\\\/fundacion-sinergia-humanitaria-y-fundacion-pilares-de-espana-firman-importante-acuerdo-de-colaboracion\\\/\",\"name\":\"Fundaci\u00f3n Sinergia Humanitaria y Fundaci\u00f3n Pilares de Espa\u00f1a firman importante acuerdo de colaboraci\u00f3n - Fundaci\u00f3n Sinergia Humanitaria\",\"isPartOf\":{\"@id\":\"https:\\\/\\\/www.sinergiahumanitaria.cl\\\/portal\\\/#website\"},\"primaryImageOfPage\":{\"@id\":\"https:\\\/\\\/www.sinergiahumanitaria.cl\\\/portal\\\/2025\\\/03\\\/04\\\/fundacion-sinergia-humanitaria-y-fundacion-pilares-de-espana-firman-importante-acuerdo-de-colaboracion\\\/#primaryimage\"},\"image\":{\"@id\":\"https:\\\/\\\/www.sinergiahumanitaria.cl\\\/portal\\\/2025\\\/03\\\/04\\\/fundacion-sinergia-humanitaria-y-fundacion-pilares-de-espana-firman-importante-acuerdo-de-colaboracion\\\/#primaryimage\"},\"thumbnailUrl\":\"https:\\\/\\\/www.sinergiahumanitaria.cl\\\/portal\\\/wp-content\\\/uploads\\\/2025\\\/03\\\/2-scaled.jpeg\",\"datePublished\":\"2025-03-04T21:36:38+00:00\",\"dateModified\":\"2025-09-10T13:14:26+00:00\",\"breadcrumb\":{\"@id\":\"https:\\\/\\\/www.sinergiahumanitaria.cl\\\/portal\\\/2025\\\/03\\\/04\\\/fundacion-sinergia-humanitaria-y-fundacion-pilares-de-espana-firman-importante-acuerdo-de-colaboracion\\\/#breadcrumb\"},\"inLanguage\":\"es-CL\",\"potentialAction\":[{\"@type\":\"ReadAction\",\"target\":[\"https:\\\/\\\/www.sinergiahumanitaria.cl\\\/portal\\\/2025\\\/03\\\/04\\\/fundacion-sinergia-humanitaria-y-fundacion-pilares-de-espana-firman-importante-acuerdo-de-colaboracion\\\/\"]}]},{\"@type\":\"ImageObject\",\"inLanguage\":\"es-CL\",\"@id\":\"https:\\\/\\\/www.sinergiahumanitaria.cl\\\/portal\\\/2025\\\/03\\\/04\\\/fundacion-sinergia-humanitaria-y-fundacion-pilares-de-espana-firman-importante-acuerdo-de-colaboracion\\\/#primaryimage\",\"url\":\"https:\\\/\\\/www.sinergiahumanitaria.cl\\\/portal\\\/wp-content\\\/uploads\\\/2025\\\/03\\\/2-scaled.jpeg\",\"contentUrl\":\"https:\\\/\\\/www.sinergiahumanitaria.cl\\\/portal\\\/wp-content\\\/uploads\\\/2025\\\/03\\\/2-scaled.jpeg\",\"width\":2560,\"height\":2121},{\"@type\":\"BreadcrumbList\",\"@id\":\"https:\\\/\\\/www.sinergiahumanitaria.cl\\\/portal\\\/2025\\\/03\\\/04\\\/fundacion-sinergia-humanitaria-y-fundacion-pilares-de-espana-firman-importante-acuerdo-de-colaboracion\\\/#breadcrumb\",\"itemListElement\":[{\"@type\":\"ListItem\",\"position\":1,\"name\":\"Portada\",\"item\":\"https:\\\/\\\/www.sinergiahumanitaria.cl\\\/portal\\\/\"},{\"@type\":\"ListItem\",\"position\":2,\"name\":\"Fundaci\u00f3n Sinergia Humanitaria y Fundaci\u00f3n Pilares de Espa\u00f1a firman importante acuerdo de colaboraci\u00f3n\"}]},{\"@type\":\"WebSite\",\"@id\":\"https:\\\/\\\/www.sinergiahumanitaria.cl\\\/portal\\\/#website\",\"url\":\"https:\\\/\\\/www.sinergiahumanitaria.cl\\\/portal\\\/\",\"name\":\"Fundaci\u00f3n Sinergia Humanitaria\",\"description\":\"Acci\u00f3n Solidaria desde 2001\",\"publisher\":{\"@id\":\"https:\\\/\\\/www.sinergiahumanitaria.cl\\\/portal\\\/#organization\"},\"potentialAction\":[{\"@type\":\"SearchAction\",\"target\":{\"@type\":\"EntryPoint\",\"urlTemplate\":\"https:\\\/\\\/www.sinergiahumanitaria.cl\\\/portal\\\/?s={search_term_string}\"},\"query-input\":{\"@type\":\"PropertyValueSpecification\",\"valueRequired\":true,\"valueName\":\"search_term_string\"}}],\"inLanguage\":\"es-CL\"},{\"@type\":\"Organization\",\"@id\":\"https:\\\/\\\/www.sinergiahumanitaria.cl\\\/portal\\\/#organization\",\"name\":\"Fundaci\u00f3n Sinergia Humanitaria\",\"url\":\"https:\\\/\\\/www.sinergiahumanitaria.cl\\\/portal\\\/\",\"logo\":{\"@type\":\"ImageObject\",\"inLanguage\":\"es-CL\",\"@id\":\"https:\\\/\\\/www.sinergiahumanitaria.cl\\\/portal\\\/#\\\/schema\\\/logo\\\/image\\\/\",\"url\":\"https:\\\/\\\/www.sinergiahumanitaria.cl\\\/portal\\\/wp-content\\\/uploads\\\/2020\\\/07\\\/LOGO-jpg-scaled.jpg\",\"contentUrl\":\"https:\\\/\\\/www.sinergiahumanitaria.cl\\\/portal\\\/wp-content\\\/uploads\\\/2020\\\/07\\\/LOGO-jpg-scaled.jpg\",\"width\":2560,\"height\":1440,\"caption\":\"Fundaci\u00f3n Sinergia Humanitaria\"},\"image\":{\"@id\":\"https:\\\/\\\/www.sinergiahumanitaria.cl\\\/portal\\\/#\\\/schema\\\/logo\\\/image\\\/\"},\"sameAs\":[\"https:\\\/\\\/www.facebook.com\\\/sinergiahumanitaria\\\/\",\"https:\\\/\\\/x.com\\\/fsinergiah\",\"https:\\\/\\\/www.instagram.com\\\/fsinergiah\\\/\"]},{\"@type\":\"Person\",\"@id\":\"https:\\\/\\\/www.sinergiahumanitaria.cl\\\/portal\\\/#\\\/schema\\\/person\\\/6c21471c8460d29d6013c6d5196156ed\",\"name\":\"pzavala\",\"image\":{\"@type\":\"ImageObject\",\"inLanguage\":\"es-CL\",\"@id\":\"https:\\\/\\\/secure.gravatar.com\\\/avatar\\\/3fca3b3977ef43d2b34e0b5d0849b0dc28d3e805e72577c02e835f10a9f05214?s=96&d=mm&r=g\",\"url\":\"https:\\\/\\\/secure.gravatar.com\\\/avatar\\\/3fca3b3977ef43d2b34e0b5d0849b0dc28d3e805e72577c02e835f10a9f05214?s=96&d=mm&r=g\",\"contentUrl\":\"https:\\\/\\\/secure.gravatar.com\\\/avatar\\\/3fca3b3977ef43d2b34e0b5d0849b0dc28d3e805e72577c02e835f10a9f05214?s=96&d=mm&r=g\",\"caption\":\"pzavala\"},\"url\":\"https:\\\/\\\/www.sinergiahumanitaria.cl\\\/portal\\\/author\\\/pzavala\\\/\"}]}<\/script>\n<!-- \/ Yoast SEO plugin. -->","yoast_head_json":{"title":"Fundaci\u00f3n Sinergia Humanitaria y Fundaci\u00f3n Pilares de Espa\u00f1a firman importante acuerdo de colaboraci\u00f3n - Fundaci\u00f3n Sinergia Humanitaria","robots":{"index":"index","follow":"follow","max-snippet":"max-snippet:-1","max-image-preview":"max-image-preview:large","max-video-preview":"max-video-preview:-1"},"canonical":"https:\/\/www.sinergiahumanitaria.cl\/portal\/2025\/03\/04\/fundacion-sinergia-humanitaria-y-fundacion-pilares-de-espana-firman-importante-acuerdo-de-colaboracion\/","og_locale":"es_ES","og_type":"article","og_title":"Fundaci\u00f3n Sinergia Humanitaria y Fundaci\u00f3n Pilares de Espa\u00f1a firman importante acuerdo de colaboraci\u00f3n - Fundaci\u00f3n Sinergia Humanitaria","og_description":"La firma de este primer convenio internacional, se realiz\u00f3 hoy en Madrid con la presencia del Presidente de la Fundaci\u00f3n Sinergia Humanitaria, Don Jos\u00e9 Luis Balmaceda y Do\u00f1a Pilar Rodr\u00edguez, Presidenta de la Fundaci\u00f3n Pilares de Espa\u00f1a. Este importante hito formaliza una alianza estrat\u00e9gica que permitir\u00e1 que ambas instituciones de la sociedad civil, impulsen\u00a0 iniciativas [&hellip;]","og_url":"https:\/\/www.sinergiahumanitaria.cl\/portal\/2025\/03\/04\/fundacion-sinergia-humanitaria-y-fundacion-pilares-de-espana-firman-importante-acuerdo-de-colaboracion\/","og_site_name":"Fundaci\u00f3n Sinergia Humanitaria","article_publisher":"https:\/\/www.facebook.com\/sinergiahumanitaria\/","article_published_time":"2025-03-04T21:36:38+00:00","article_modified_time":"2025-09-10T13:14:26+00:00","og_image":[{"width":2560,"height":2121,"url":"https:\/\/www.sinergiahumanitaria.cl\/portal\/wp-content\/uploads\/2025\/03\/2-scaled.jpeg","type":"image\/jpeg"}],"author":"pzavala","twitter_card":"summary_large_image","twitter_creator":"@fsinergiah","twitter_site":"@fsinergiah","twitter_misc":{"Escrito por":"pzavala","Tiempo estimado de lectura":"2 minutos"},"schema":{"@context":"https:\/\/schema.org","@graph":[{"@type":"Article","@id":"https:\/\/www.sinergiahumanitaria.cl\/portal\/2025\/03\/04\/fundacion-sinergia-humanitaria-y-fundacion-pilares-de-espana-firman-importante-acuerdo-de-colaboracion\/#article","isPartOf":{"@id":"https:\/\/www.sinergiahumanitaria.cl\/portal\/2025\/03\/04\/fundacion-sinergia-humanitaria-y-fundacion-pilares-de-espana-firman-importante-acuerdo-de-colaboracion\/"},"author":{"name":"pzavala","@id":"https:\/\/www.sinergiahumanitaria.cl\/portal\/#\/schema\/person\/6c21471c8460d29d6013c6d5196156ed"},"headline":"Fundaci\u00f3n Sinergia Humanitaria y Fundaci\u00f3n Pilares de Espa\u00f1a firman importante acuerdo de colaboraci\u00f3n","datePublished":"2025-03-04T21:36:38+00:00","dateModified":"2025-09-10T13:14:26+00:00","mainEntityOfPage":{"@id":"https:\/\/www.sinergiahumanitaria.cl\/portal\/2025\/03\/04\/fundacion-sinergia-humanitaria-y-fundacion-pilares-de-espana-firman-importante-acuerdo-de-colaboracion\/"},"wordCount":358,"publisher":{"@id":"https:\/\/www.sinergiahumanitaria.cl\/portal\/#organization"},"image":{"@id":"https:\/\/www.sinergiahumanitaria.cl\/portal\/2025\/03\/04\/fundacion-sinergia-humanitaria-y-fundacion-pilares-de-espana-firman-importante-acuerdo-de-colaboracion\/#primaryimage"},"thumbnailUrl":"https:\/\/www.sinergiahumanitaria.cl\/portal\/wp-content\/uploads\/2025\/03\/2-scaled.jpeg","articleSection":["Noticias"],"inLanguage":"es-CL"},{"@type":"WebPage","@id":"https:\/\/www.sinergiahumanitaria.cl\/portal\/2025\/03\/04\/fundacion-sinergia-humanitaria-y-fundacion-pilares-de-espana-firman-importante-acuerdo-de-colaboracion\/","url":"https:\/\/www.sinergiahumanitaria.cl\/portal\/2025\/03\/04\/fundacion-sinergia-humanitaria-y-fundacion-pilares-de-espana-firman-importante-acuerdo-de-colaboracion\/","name":"Fundaci\u00f3n Sinergia Humanitaria y Fundaci\u00f3n Pilares de Espa\u00f1a firman importante acuerdo de colaboraci\u00f3n - Fundaci\u00f3n Sinergia Humanitaria","isPartOf":{"@id":"https:\/\/www.sinergiahumanitaria.cl\/portal\/#website"},"primaryImageOfPage":{"@id":"https:\/\/www.sinergiahumanitaria.cl\/portal\/2025\/03\/04\/fundacion-sinergia-humanitaria-y-fundacion-pilares-de-espana-firman-importante-acuerdo-de-colaboracion\/#primaryimage"},"image":{"@id":"https:\/\/www.sinergiahumanitaria.cl\/portal\/2025\/03\/04\/fundacion-sinergia-humanitaria-y-fundacion-pilares-de-espana-firman-importante-acuerdo-de-colaboracion\/#primaryimage"},"thumbnailUrl":"https:\/\/www.sinergiahumanitaria.cl\/portal\/wp-content\/uploads\/2025\/03\/2-scaled.jpeg","datePublished":"2025-03-04T21:36:38+00:00","dateModified":"2025-09-10T13:14:26+00:00","breadcrumb":{"@id":"https:\/\/www.sinergiahumanitaria.cl\/portal\/2025\/03\/04\/fundacion-sinergia-humanitaria-y-fundacion-pilares-de-espana-firman-importante-acuerdo-de-colaboracion\/#breadcrumb"},"inLanguage":"es-CL","potentialAction":[{"@type":"ReadAction","target":["https:\/\/www.sinergiahumanitaria.cl\/portal\/2025\/03\/04\/fundacion-sinergia-humanitaria-y-fundacion-pilares-de-espana-firman-importante-acuerdo-de-colaboracion\/"]}]},{"@type":"ImageObject","inLanguage":"es-CL","@id":"https:\/\/www.sinergiahumanitaria.cl\/portal\/2025\/03\/04\/fundacion-sinergia-humanitaria-y-fundacion-pilares-de-espana-firman-importante-acuerdo-de-colaboracion\/#primaryimage","url":"https:\/\/www.sinergiahumanitaria.cl\/portal\/wp-content\/uploads\/2025\/03\/2-scaled.jpeg","contentUrl":"https:\/\/www.sinergiahumanitaria.cl\/portal\/wp-content\/uploads\/2025\/03\/2-scaled.jpeg","width":2560,"height":2121},{"@type":"BreadcrumbList","@id":"https:\/\/www.sinergiahumanitaria.cl\/portal\/2025\/03\/04\/fundacion-sinergia-humanitaria-y-fundacion-pilares-de-espana-firman-importante-acuerdo-de-colaboracion\/#breadcrumb","itemListElement":[{"@type":"ListItem","position":1,"name":"Portada","item":"https:\/\/www.sinergiahumanitaria.cl\/portal\/"},{"@type":"ListItem","position":2,"name":"Fundaci\u00f3n Sinergia Humanitaria y Fundaci\u00f3n Pilares de Espa\u00f1a firman importante acuerdo de colaboraci\u00f3n"}]},{"@type":"WebSite","@id":"https:\/\/www.sinergiahumanitaria.cl\/portal\/#website","url":"https:\/\/www.sinergiahumanitaria.cl\/portal\/","name":"Fundaci\u00f3n Sinergia Humanitaria","description":"Acci\u00f3n Solidaria desde 2001","publisher":{"@id":"https:\/\/www.sinergiahumanitaria.cl\/portal\/#organization"},"potentialAction":[{"@type":"SearchAction","target":{"@type":"EntryPoint","urlTemplate":"https:\/\/www.sinergiahumanitaria.cl\/portal\/?s={search_term_string}"},"query-input":{"@type":"PropertyValueSpecification","valueRequired":true,"valueName":"search_term_string"}}],"inLanguage":"es-CL"},{"@type":"Organization","@id":"https:\/\/www.sinergiahumanitaria.cl\/portal\/#organization","name":"Fundaci\u00f3n Sinergia Humanitaria","url":"https:\/\/www.sinergiahumanitaria.cl\/portal\/","logo":{"@type":"ImageObject","inLanguage":"es-CL","@id":"https:\/\/www.sinergiahumanitaria.cl\/portal\/#\/schema\/logo\/image\/","url":"https:\/\/www.sinergiahumanitaria.cl\/portal\/wp-content\/uploads\/2020\/07\/LOGO-jpg-scaled.jpg","contentUrl":"https:\/\/www.sinergiahumanitaria.cl\/portal\/wp-content\/uploads\/2020\/07\/LOGO-jpg-scaled.jpg","width":2560,"height":1440,"caption":"Fundaci\u00f3n Sinergia Humanitaria"},"image":{"@id":"https:\/\/www.sinergiahumanitaria.cl\/portal\/#\/schema\/logo\/image\/"},"sameAs":["https:\/\/www.facebook.com\/sinergiahumanitaria\/","https:\/\/x.com\/fsinergiah","https:\/\/www.instagram.com\/fsinergiah\/"]},{"@type":"Person","@id":"https:\/\/www.sinergiahumanitaria.cl\/portal\/#\/schema\/person\/6c21471c8460d29d6013c6d5196156ed","name":"pzavala","image":{"@type":"ImageObject","inLanguage":"es-CL","@id":"https:\/\/secure.gravatar.com\/avatar\/3fca3b3977ef43d2b34e0b5d0849b0dc28d3e805e72577c02e835f10a9f05214?s=96&d=mm&r=g","url":"https:\/\/secure.gravatar.com\/avatar\/3fca3b3977ef43d2b34e0b5d0849b0dc28d3e805e72577c02e835f10a9f05214?s=96&d=mm&r=g","contentUrl":"https:\/\/secure.gravatar.com\/avatar\/3fca3b3977ef43d2b34e0b5d0849b0dc28d3e805e72577c02e835f10a9f05214?s=96&d=mm&r=g","caption":"pzavala"},"url":"https:\/\/www.sinergiahumanitaria.cl\/portal\/author\/pzavala\/"}]}},"_links":{"self":[{"href":"https:\/\/www.sinergiahumanitaria.cl\/portal\/wp-json\/wp\/v2\/posts\/7839","targetHints":{"allow":["GET"]}}],"collection":[{"href":"https:\/\/www.sinergiahumanitaria.cl\/portal\/wp-json\/wp\/v2\/posts"}],"about":[{"href":"https:\/\/www.sinergiahumanitaria.cl\/portal\/wp-json\/wp\/v2\/types\/post"}],"author":[{"embeddable":true,"href":"https:\/\/www.sinergiahumanitaria.cl\/portal\/wp-json\/wp\/v2\/users\/6"}],"replies":[{"embeddable":true,"href":"https:\/\/www.sinergiahumanitaria.cl\/portal\/wp-json\/wp\/v2\/comments?post=7839"}],"version-history":[{"count":1,"href":"https:\/\/www.sinergiahumanitaria.cl\/portal\/wp-json\/wp\/v2\/posts\/7839\/revisions"}],"predecessor-version":[{"id":7843,"href":"https:\/\/www.sinergiahumanitaria.cl\/portal\/wp-json\/wp\/v2\/posts\/7839\/revisions\/7843"}],"wp:featuredmedia":[{"embeddable":true,"href":"https:\/\/www.sinergiahumanitaria.cl\/portal\/wp-json\/wp\/v2\/media\/7840"}],"wp:attachment":[{"href":"https:\/\/www.sinergiahumanitaria.cl\/portal\/wp-json\/wp\/v2\/media?parent=7839"}],"wp:term":[{"taxonomy":"category","embeddable":true,"href":"https:\/\/www.sinergiahumanitaria.cl\/portal\/wp-json\/wp\/v2\/categories?post=7839"},{"taxonomy":"post_tag","embeddable":true,"href":"https:\/\/www.sinergiahumanitaria.cl\/portal\/wp-json\/wp\/v2\/tags?post=7839"}],"curies":[{"name":"wp","href":"https:\/\/api.w.org\/{rel}","templated":true}]}}