{"id":787,"date":"2017-06-09T08:00:24","date_gmt":"2017-06-09T08:00:24","guid":{"rendered":"https:\/\/sinergiahumanitaria.cl\/portal\/?p=787"},"modified":"2025-09-05T11:30:33","modified_gmt":"2025-09-05T15:30:33","slug":"fundacion-sinergia-humanitaria-dono-equipos-e-insumos-clinicos-a-municipio-de-rio-ibanez","status":"publish","type":"post","link":"https:\/\/www.sinergiahumanitaria.cl\/portal\/2017\/06\/09\/fundacion-sinergia-humanitaria-dono-equipos-e-insumos-clinicos-a-municipio-de-rio-ibanez\/","title":{"rendered":"Fundaci\u00f3n Sinergia Humanitaria don\u00f3 equipos e insumos cl\u00ednicos a Municipio de R\u00edo Ib\u00e1\u00f1ez"},"content":{"rendered":"<p>Una importante donaci\u00f3n recibi\u00f3 la Municipalidad de R\u00edo Ib\u00e1\u00f1ez, de parte de la Fundaci\u00f3n Sinergia Humanitaria, instituci\u00f3n sin fines de lucro que funciona sobre todo como instituci\u00f3n puente entre entidades p\u00fablicas y sociales encargadas de facilitar ayuda hacia sectores como la salud, la educaci\u00f3n y los adultos mayores.<\/p>\n<p>Y justamente fue a principios de este a\u00f1o que la Municipalidad de R\u00edo Ib\u00e1\u00f1ez gest\u00f3 una alianza estrat\u00e9gica con la Fundaci\u00f3n Sinergia para realizar un trabajo conjunto que dio su primer paso concreto el pasado viernes con la entrega de sillas de rueda, insumos m\u00e9dicos tales como sondas, monitores de signos vitales, catres cl\u00ednicos, que fueron entregados a las postas de la comuna, as\u00ed como ropa de invierno y ropa de cama fueron parte de lo que se entreg\u00f3 al Hogar de Ancianos de Puerto Ib\u00e1\u00f1ez y algunas familias que se vieron beneficiadas con esta donaci\u00f3n.<\/p>\n<p>Daniel Escudero, Presidente de la Fundaci\u00f3n Sinergia, presente en esta entrega, junto con manifestar su alegr\u00eda por hacerse parte de este momento coment\u00f3 \u201cnosotros como Sinergia Humanitaria cooperamos con un granito de arena, fuimos el veh\u00edculo para traer los elementos y vemos que ac\u00e1 son necesarios, as\u00ed que esperamos sirve mucho y esperamos seguir cooperando\u201d.<\/p>\n<p>Durante varios d\u00edas viaj\u00f3 esta ayuda venida desde Suiza, gesti\u00f3n en la que prest\u00f3 gran colaboraci\u00f3n uno de los directores de la Fundaci\u00f3n y ex embajador de Chile en este pa\u00eds europeo Jos\u00e9 Luis Balmaceda.<\/p>\n<p>El Alcalde de la Comuna de R\u00edo Ib\u00e1\u00f1ez, Marcelo Santana Vargas, junto a concejales presentes en esta entrega, agradeci\u00f3 el aporte recibido, \u201cestamos recibiendo la ayuda de Sinergia Humanitaria a trav\u00e9s de la Embajada Suiza, muy contentos porque vienen cosas que sin duda van a permitir una mejor atenci\u00f3n en nuestras distintas postas y agradecidos enormemente de este aporte, de esta colaboraci\u00f3n y que va ir en beneficio de los habitantes de la Comuna de R\u00edo Ib\u00e1\u00f1ez.\u201d<\/p>\n<p>Fundaci\u00f3n Sinergia Humanitaria colabor\u00f3 activamente adem\u00e1s en la realizaci\u00f3n del Seminario \u201cEnvejecer en territorios aislados, avances y desaf\u00edos de las pol\u00edticas p\u00fablicas\u201d, tambi\u00e9n realizado en Puerto Ib\u00e1\u00f1ez.<\/p>\n<p><em><strong>http:\/\/www.eldivisadero.cl\/noticia-43414<\/strong><\/em><\/p>\n","protected":false},"excerpt":{"rendered":"<p>Una importante donaci\u00f3n recibi\u00f3 la Municipalidad de R\u00edo Ib\u00e1\u00f1ez, de parte de la Fundaci\u00f3n Sinergia Humanitaria, instituci\u00f3n sin fines de lucro que funciona sobre todo como instituci\u00f3n puente entre entidades p\u00fablicas y sociales encargadas de facilitar ayuda hacia sectores como la salud, la educaci\u00f3n y los adultos mayores. Y justamente fue a principios de este [&hellip;]<\/p>\n","protected":false},"author":1,"featured_media":948,"comment_status":"closed","ping_status":"open","sticky":false,"template":"","format":"standard","meta":{"footnotes":""},"categories":[14],"tags":[],"class_list":["post-787","post","type-post","status-publish","format-standard","has-post-thumbnail","hentry","category-noticias"],"yoast_head":"<!-- This site is optimized with the Yoast SEO plugin v27.5 - https:\/\/yoast.com\/product\/yoast-seo-wordpress\/ -->\n<title>Fundaci\u00f3n Sinergia Humanitaria don\u00f3 equipos e insumos cl\u00ednicos a Municipio de R\u00edo Ib\u00e1\u00f1ez - Fundaci\u00f3n Sinergia Humanitaria<\/title>\n<meta name=\"robots\" content=\"index, follow, max-snippet:-1, max-image-preview:large, max-video-preview:-1\" \/>\n<link rel=\"canonical\" href=\"https:\/\/www.sinergiahumanitaria.cl\/portal\/2017\/06\/09\/fundacion-sinergia-humanitaria-dono-equipos-e-insumos-clinicos-a-municipio-de-rio-ibanez\/\" \/>\n<meta property=\"og:locale\" content=\"es_ES\" \/>\n<meta property=\"og:type\" content=\"article\" \/>\n<meta property=\"og:title\" content=\"Fundaci\u00f3n Sinergia Humanitaria don\u00f3 equipos e insumos cl\u00ednicos a Municipio de R\u00edo Ib\u00e1\u00f1ez - Fundaci\u00f3n Sinergia Humanitaria\" \/>\n<meta property=\"og:description\" content=\"Una importante donaci\u00f3n recibi\u00f3 la Municipalidad de R\u00edo Ib\u00e1\u00f1ez, de parte de la Fundaci\u00f3n Sinergia Humanitaria, instituci\u00f3n sin fines de lucro que funciona sobre todo como instituci\u00f3n puente entre entidades p\u00fablicas y sociales encargadas de facilitar ayuda hacia sectores como la salud, la educaci\u00f3n y los adultos mayores. Y justamente fue a principios de este [&hellip;]\" \/>\n<meta property=\"og:url\" content=\"https:\/\/www.sinergiahumanitaria.cl\/portal\/2017\/06\/09\/fundacion-sinergia-humanitaria-dono-equipos-e-insumos-clinicos-a-municipio-de-rio-ibanez\/\" \/>\n<meta property=\"og:site_name\" content=\"Fundaci\u00f3n Sinergia Humanitaria\" \/>\n<meta property=\"article:publisher\" content=\"https:\/\/www.facebook.com\/sinergiahumanitaria\/\" \/>\n<meta property=\"article:published_time\" content=\"2017-06-09T08:00:24+00:00\" \/>\n<meta property=\"article:modified_time\" content=\"2025-09-05T15:30:33+00:00\" \/>\n<meta property=\"og:image\" content=\"https:\/\/www.sinergiahumanitaria.cl\/portal\/wp-content\/uploads\/2017\/06\/LOGOS-ED.jpg\" \/>\n\t<meta property=\"og:image:width\" content=\"500\" \/>\n\t<meta property=\"og:image:height\" content=\"500\" \/>\n\t<meta property=\"og:image:type\" content=\"image\/jpeg\" \/>\n<meta name=\"author\" content=\"pastudillo\" \/>\n<meta name=\"twitter:card\" content=\"summary_large_image\" \/>\n<meta name=\"twitter:creator\" content=\"@fsinergiah\" \/>\n<meta name=\"twitter:site\" content=\"@fsinergiah\" \/>\n<meta name=\"twitter:label1\" content=\"Escrito por\" \/>\n\t<meta name=\"twitter:data1\" content=\"pastudillo\" \/>\n\t<meta name=\"twitter:label2\" content=\"Tiempo estimado de lectura\" \/>\n\t<meta name=\"twitter:data2\" content=\"2 minutos\" \/>\n<script type=\"application\/ld+json\" class=\"yoast-schema-graph\">{\"@context\":\"https:\\\/\\\/schema.org\",\"@graph\":[{\"@type\":\"Article\",\"@id\":\"https:\\\/\\\/www.sinergiahumanitaria.cl\\\/portal\\\/2017\\\/06\\\/09\\\/fundacion-sinergia-humanitaria-dono-equipos-e-insumos-clinicos-a-municipio-de-rio-ibanez\\\/#article\",\"isPartOf\":{\"@id\":\"https:\\\/\\\/www.sinergiahumanitaria.cl\\\/portal\\\/2017\\\/06\\\/09\\\/fundacion-sinergia-humanitaria-dono-equipos-e-insumos-clinicos-a-municipio-de-rio-ibanez\\\/\"},\"author\":{\"name\":\"pastudillo\",\"@id\":\"https:\\\/\\\/www.sinergiahumanitaria.cl\\\/portal\\\/#\\\/schema\\\/person\\\/e8e4653f85fbcf3e7472bfc4be4c2673\"},\"headline\":\"Fundaci\u00f3n Sinergia Humanitaria don\u00f3 equipos e insumos cl\u00ednicos a Municipio de R\u00edo Ib\u00e1\u00f1ez\",\"datePublished\":\"2017-06-09T08:00:24+00:00\",\"dateModified\":\"2025-09-05T15:30:33+00:00\",\"mainEntityOfPage\":{\"@id\":\"https:\\\/\\\/www.sinergiahumanitaria.cl\\\/portal\\\/2017\\\/06\\\/09\\\/fundacion-sinergia-humanitaria-dono-equipos-e-insumos-clinicos-a-municipio-de-rio-ibanez\\\/\"},\"wordCount\":400,\"publisher\":{\"@id\":\"https:\\\/\\\/www.sinergiahumanitaria.cl\\\/portal\\\/#organization\"},\"image\":{\"@id\":\"https:\\\/\\\/www.sinergiahumanitaria.cl\\\/portal\\\/2017\\\/06\\\/09\\\/fundacion-sinergia-humanitaria-dono-equipos-e-insumos-clinicos-a-municipio-de-rio-ibanez\\\/#primaryimage\"},\"thumbnailUrl\":\"https:\\\/\\\/www.sinergiahumanitaria.cl\\\/portal\\\/wp-content\\\/uploads\\\/2017\\\/06\\\/LOGOS-ED.jpg\",\"articleSection\":[\"Noticias\"],\"inLanguage\":\"es-CL\"},{\"@type\":\"WebPage\",\"@id\":\"https:\\\/\\\/www.sinergiahumanitaria.cl\\\/portal\\\/2017\\\/06\\\/09\\\/fundacion-sinergia-humanitaria-dono-equipos-e-insumos-clinicos-a-municipio-de-rio-ibanez\\\/\",\"url\":\"https:\\\/\\\/www.sinergiahumanitaria.cl\\\/portal\\\/2017\\\/06\\\/09\\\/fundacion-sinergia-humanitaria-dono-equipos-e-insumos-clinicos-a-municipio-de-rio-ibanez\\\/\",\"name\":\"Fundaci\u00f3n Sinergia Humanitaria don\u00f3 equipos e insumos cl\u00ednicos a Municipio de R\u00edo Ib\u00e1\u00f1ez - Fundaci\u00f3n Sinergia Humanitaria\",\"isPartOf\":{\"@id\":\"https:\\\/\\\/www.sinergiahumanitaria.cl\\\/portal\\\/#website\"},\"primaryImageOfPage\":{\"@id\":\"https:\\\/\\\/www.sinergiahumanitaria.cl\\\/portal\\\/2017\\\/06\\\/09\\\/fundacion-sinergia-humanitaria-dono-equipos-e-insumos-clinicos-a-municipio-de-rio-ibanez\\\/#primaryimage\"},\"image\":{\"@id\":\"https:\\\/\\\/www.sinergiahumanitaria.cl\\\/portal\\\/2017\\\/06\\\/09\\\/fundacion-sinergia-humanitaria-dono-equipos-e-insumos-clinicos-a-municipio-de-rio-ibanez\\\/#primaryimage\"},\"thumbnailUrl\":\"https:\\\/\\\/www.sinergiahumanitaria.cl\\\/portal\\\/wp-content\\\/uploads\\\/2017\\\/06\\\/LOGOS-ED.jpg\",\"datePublished\":\"2017-06-09T08:00:24+00:00\",\"dateModified\":\"2025-09-05T15:30:33+00:00\",\"breadcrumb\":{\"@id\":\"https:\\\/\\\/www.sinergiahumanitaria.cl\\\/portal\\\/2017\\\/06\\\/09\\\/fundacion-sinergia-humanitaria-dono-equipos-e-insumos-clinicos-a-municipio-de-rio-ibanez\\\/#breadcrumb\"},\"inLanguage\":\"es-CL\",\"potentialAction\":[{\"@type\":\"ReadAction\",\"target\":[\"https:\\\/\\\/www.sinergiahumanitaria.cl\\\/portal\\\/2017\\\/06\\\/09\\\/fundacion-sinergia-humanitaria-dono-equipos-e-insumos-clinicos-a-municipio-de-rio-ibanez\\\/\"]}]},{\"@type\":\"ImageObject\",\"inLanguage\":\"es-CL\",\"@id\":\"https:\\\/\\\/www.sinergiahumanitaria.cl\\\/portal\\\/2017\\\/06\\\/09\\\/fundacion-sinergia-humanitaria-dono-equipos-e-insumos-clinicos-a-municipio-de-rio-ibanez\\\/#primaryimage\",\"url\":\"https:\\\/\\\/www.sinergiahumanitaria.cl\\\/portal\\\/wp-content\\\/uploads\\\/2017\\\/06\\\/LOGOS-ED.jpg\",\"contentUrl\":\"https:\\\/\\\/www.sinergiahumanitaria.cl\\\/portal\\\/wp-content\\\/uploads\\\/2017\\\/06\\\/LOGOS-ED.jpg\",\"width\":500,\"height\":500},{\"@type\":\"BreadcrumbList\",\"@id\":\"https:\\\/\\\/www.sinergiahumanitaria.cl\\\/portal\\\/2017\\\/06\\\/09\\\/fundacion-sinergia-humanitaria-dono-equipos-e-insumos-clinicos-a-municipio-de-rio-ibanez\\\/#breadcrumb\",\"itemListElement\":[{\"@type\":\"ListItem\",\"position\":1,\"name\":\"Portada\",\"item\":\"https:\\\/\\\/www.sinergiahumanitaria.cl\\\/portal\\\/\"},{\"@type\":\"ListItem\",\"position\":2,\"name\":\"Fundaci\u00f3n Sinergia Humanitaria don\u00f3 equipos e insumos cl\u00ednicos a Municipio de R\u00edo Ib\u00e1\u00f1ez\"}]},{\"@type\":\"WebSite\",\"@id\":\"https:\\\/\\\/www.sinergiahumanitaria.cl\\\/portal\\\/#website\",\"url\":\"https:\\\/\\\/www.sinergiahumanitaria.cl\\\/portal\\\/\",\"name\":\"Fundaci\u00f3n Sinergia Humanitaria\",\"description\":\"Acci\u00f3n Solidaria desde 2001\",\"publisher\":{\"@id\":\"https:\\\/\\\/www.sinergiahumanitaria.cl\\\/portal\\\/#organization\"},\"potentialAction\":[{\"@type\":\"SearchAction\",\"target\":{\"@type\":\"EntryPoint\",\"urlTemplate\":\"https:\\\/\\\/www.sinergiahumanitaria.cl\\\/portal\\\/?s={search_term_string}\"},\"query-input\":{\"@type\":\"PropertyValueSpecification\",\"valueRequired\":true,\"valueName\":\"search_term_string\"}}],\"inLanguage\":\"es-CL\"},{\"@type\":\"Organization\",\"@id\":\"https:\\\/\\\/www.sinergiahumanitaria.cl\\\/portal\\\/#organization\",\"name\":\"Fundaci\u00f3n Sinergia Humanitaria\",\"url\":\"https:\\\/\\\/www.sinergiahumanitaria.cl\\\/portal\\\/\",\"logo\":{\"@type\":\"ImageObject\",\"inLanguage\":\"es-CL\",\"@id\":\"https:\\\/\\\/www.sinergiahumanitaria.cl\\\/portal\\\/#\\\/schema\\\/logo\\\/image\\\/\",\"url\":\"https:\\\/\\\/www.sinergiahumanitaria.cl\\\/portal\\\/wp-content\\\/uploads\\\/2020\\\/07\\\/LOGO-jpg-scaled.jpg\",\"contentUrl\":\"https:\\\/\\\/www.sinergiahumanitaria.cl\\\/portal\\\/wp-content\\\/uploads\\\/2020\\\/07\\\/LOGO-jpg-scaled.jpg\",\"width\":2560,\"height\":1440,\"caption\":\"Fundaci\u00f3n Sinergia Humanitaria\"},\"image\":{\"@id\":\"https:\\\/\\\/www.sinergiahumanitaria.cl\\\/portal\\\/#\\\/schema\\\/logo\\\/image\\\/\"},\"sameAs\":[\"https:\\\/\\\/www.facebook.com\\\/sinergiahumanitaria\\\/\",\"https:\\\/\\\/x.com\\\/fsinergiah\",\"https:\\\/\\\/www.instagram.com\\\/fsinergiah\\\/\"]},{\"@type\":\"Person\",\"@id\":\"https:\\\/\\\/www.sinergiahumanitaria.cl\\\/portal\\\/#\\\/schema\\\/person\\\/e8e4653f85fbcf3e7472bfc4be4c2673\",\"name\":\"pastudillo\",\"image\":{\"@type\":\"ImageObject\",\"inLanguage\":\"es-CL\",\"@id\":\"https:\\\/\\\/secure.gravatar.com\\\/avatar\\\/24edc107527e6583e7be6e6408f8815c5b03530718f2848cb4875a5502cb9c12?s=96&d=mm&r=g\",\"url\":\"https:\\\/\\\/secure.gravatar.com\\\/avatar\\\/24edc107527e6583e7be6e6408f8815c5b03530718f2848cb4875a5502cb9c12?s=96&d=mm&r=g\",\"contentUrl\":\"https:\\\/\\\/secure.gravatar.com\\\/avatar\\\/24edc107527e6583e7be6e6408f8815c5b03530718f2848cb4875a5502cb9c12?s=96&d=mm&r=g\",\"caption\":\"pastudillo\"},\"url\":\"https:\\\/\\\/www.sinergiahumanitaria.cl\\\/portal\\\/author\\\/pastudillo\\\/\"}]}<\/script>\n<!-- \/ Yoast SEO plugin. -->","yoast_head_json":{"title":"Fundaci\u00f3n Sinergia Humanitaria don\u00f3 equipos e insumos cl\u00ednicos a Municipio de R\u00edo Ib\u00e1\u00f1ez - Fundaci\u00f3n Sinergia Humanitaria","robots":{"index":"index","follow":"follow","max-snippet":"max-snippet:-1","max-image-preview":"max-image-preview:large","max-video-preview":"max-video-preview:-1"},"canonical":"https:\/\/www.sinergiahumanitaria.cl\/portal\/2017\/06\/09\/fundacion-sinergia-humanitaria-dono-equipos-e-insumos-clinicos-a-municipio-de-rio-ibanez\/","og_locale":"es_ES","og_type":"article","og_title":"Fundaci\u00f3n Sinergia Humanitaria don\u00f3 equipos e insumos cl\u00ednicos a Municipio de R\u00edo Ib\u00e1\u00f1ez - Fundaci\u00f3n Sinergia Humanitaria","og_description":"Una importante donaci\u00f3n recibi\u00f3 la Municipalidad de R\u00edo Ib\u00e1\u00f1ez, de parte de la Fundaci\u00f3n Sinergia Humanitaria, instituci\u00f3n sin fines de lucro que funciona sobre todo como instituci\u00f3n puente entre entidades p\u00fablicas y sociales encargadas de facilitar ayuda hacia sectores como la salud, la educaci\u00f3n y los adultos mayores. Y justamente fue a principios de este [&hellip;]","og_url":"https:\/\/www.sinergiahumanitaria.cl\/portal\/2017\/06\/09\/fundacion-sinergia-humanitaria-dono-equipos-e-insumos-clinicos-a-municipio-de-rio-ibanez\/","og_site_name":"Fundaci\u00f3n Sinergia Humanitaria","article_publisher":"https:\/\/www.facebook.com\/sinergiahumanitaria\/","article_published_time":"2017-06-09T08:00:24+00:00","article_modified_time":"2025-09-05T15:30:33+00:00","og_image":[{"width":500,"height":500,"url":"https:\/\/www.sinergiahumanitaria.cl\/portal\/wp-content\/uploads\/2017\/06\/LOGOS-ED.jpg","type":"image\/jpeg"}],"author":"pastudillo","twitter_card":"summary_large_image","twitter_creator":"@fsinergiah","twitter_site":"@fsinergiah","twitter_misc":{"Escrito por":"pastudillo","Tiempo estimado de lectura":"2 minutos"},"schema":{"@context":"https:\/\/schema.org","@graph":[{"@type":"Article","@id":"https:\/\/www.sinergiahumanitaria.cl\/portal\/2017\/06\/09\/fundacion-sinergia-humanitaria-dono-equipos-e-insumos-clinicos-a-municipio-de-rio-ibanez\/#article","isPartOf":{"@id":"https:\/\/www.sinergiahumanitaria.cl\/portal\/2017\/06\/09\/fundacion-sinergia-humanitaria-dono-equipos-e-insumos-clinicos-a-municipio-de-rio-ibanez\/"},"author":{"name":"pastudillo","@id":"https:\/\/www.sinergiahumanitaria.cl\/portal\/#\/schema\/person\/e8e4653f85fbcf3e7472bfc4be4c2673"},"headline":"Fundaci\u00f3n Sinergia Humanitaria don\u00f3 equipos e insumos cl\u00ednicos a Municipio de R\u00edo Ib\u00e1\u00f1ez","datePublished":"2017-06-09T08:00:24+00:00","dateModified":"2025-09-05T15:30:33+00:00","mainEntityOfPage":{"@id":"https:\/\/www.sinergiahumanitaria.cl\/portal\/2017\/06\/09\/fundacion-sinergia-humanitaria-dono-equipos-e-insumos-clinicos-a-municipio-de-rio-ibanez\/"},"wordCount":400,"publisher":{"@id":"https:\/\/www.sinergiahumanitaria.cl\/portal\/#organization"},"image":{"@id":"https:\/\/www.sinergiahumanitaria.cl\/portal\/2017\/06\/09\/fundacion-sinergia-humanitaria-dono-equipos-e-insumos-clinicos-a-municipio-de-rio-ibanez\/#primaryimage"},"thumbnailUrl":"https:\/\/www.sinergiahumanitaria.cl\/portal\/wp-content\/uploads\/2017\/06\/LOGOS-ED.jpg","articleSection":["Noticias"],"inLanguage":"es-CL"},{"@type":"WebPage","@id":"https:\/\/www.sinergiahumanitaria.cl\/portal\/2017\/06\/09\/fundacion-sinergia-humanitaria-dono-equipos-e-insumos-clinicos-a-municipio-de-rio-ibanez\/","url":"https:\/\/www.sinergiahumanitaria.cl\/portal\/2017\/06\/09\/fundacion-sinergia-humanitaria-dono-equipos-e-insumos-clinicos-a-municipio-de-rio-ibanez\/","name":"Fundaci\u00f3n Sinergia Humanitaria don\u00f3 equipos e insumos cl\u00ednicos a Municipio de R\u00edo Ib\u00e1\u00f1ez - Fundaci\u00f3n Sinergia Humanitaria","isPartOf":{"@id":"https:\/\/www.sinergiahumanitaria.cl\/portal\/#website"},"primaryImageOfPage":{"@id":"https:\/\/www.sinergiahumanitaria.cl\/portal\/2017\/06\/09\/fundacion-sinergia-humanitaria-dono-equipos-e-insumos-clinicos-a-municipio-de-rio-ibanez\/#primaryimage"},"image":{"@id":"https:\/\/www.sinergiahumanitaria.cl\/portal\/2017\/06\/09\/fundacion-sinergia-humanitaria-dono-equipos-e-insumos-clinicos-a-municipio-de-rio-ibanez\/#primaryimage"},"thumbnailUrl":"https:\/\/www.sinergiahumanitaria.cl\/portal\/wp-content\/uploads\/2017\/06\/LOGOS-ED.jpg","datePublished":"2017-06-09T08:00:24+00:00","dateModified":"2025-09-05T15:30:33+00:00","breadcrumb":{"@id":"https:\/\/www.sinergiahumanitaria.cl\/portal\/2017\/06\/09\/fundacion-sinergia-humanitaria-dono-equipos-e-insumos-clinicos-a-municipio-de-rio-ibanez\/#breadcrumb"},"inLanguage":"es-CL","potentialAction":[{"@type":"ReadAction","target":["https:\/\/www.sinergiahumanitaria.cl\/portal\/2017\/06\/09\/fundacion-sinergia-humanitaria-dono-equipos-e-insumos-clinicos-a-municipio-de-rio-ibanez\/"]}]},{"@type":"ImageObject","inLanguage":"es-CL","@id":"https:\/\/www.sinergiahumanitaria.cl\/portal\/2017\/06\/09\/fundacion-sinergia-humanitaria-dono-equipos-e-insumos-clinicos-a-municipio-de-rio-ibanez\/#primaryimage","url":"https:\/\/www.sinergiahumanitaria.cl\/portal\/wp-content\/uploads\/2017\/06\/LOGOS-ED.jpg","contentUrl":"https:\/\/www.sinergiahumanitaria.cl\/portal\/wp-content\/uploads\/2017\/06\/LOGOS-ED.jpg","width":500,"height":500},{"@type":"BreadcrumbList","@id":"https:\/\/www.sinergiahumanitaria.cl\/portal\/2017\/06\/09\/fundacion-sinergia-humanitaria-dono-equipos-e-insumos-clinicos-a-municipio-de-rio-ibanez\/#breadcrumb","itemListElement":[{"@type":"ListItem","position":1,"name":"Portada","item":"https:\/\/www.sinergiahumanitaria.cl\/portal\/"},{"@type":"ListItem","position":2,"name":"Fundaci\u00f3n Sinergia Humanitaria don\u00f3 equipos e insumos cl\u00ednicos a Municipio de R\u00edo Ib\u00e1\u00f1ez"}]},{"@type":"WebSite","@id":"https:\/\/www.sinergiahumanitaria.cl\/portal\/#website","url":"https:\/\/www.sinergiahumanitaria.cl\/portal\/","name":"Fundaci\u00f3n Sinergia Humanitaria","description":"Acci\u00f3n Solidaria desde 2001","publisher":{"@id":"https:\/\/www.sinergiahumanitaria.cl\/portal\/#organization"},"potentialAction":[{"@type":"SearchAction","target":{"@type":"EntryPoint","urlTemplate":"https:\/\/www.sinergiahumanitaria.cl\/portal\/?s={search_term_string}"},"query-input":{"@type":"PropertyValueSpecification","valueRequired":true,"valueName":"search_term_string"}}],"inLanguage":"es-CL"},{"@type":"Organization","@id":"https:\/\/www.sinergiahumanitaria.cl\/portal\/#organization","name":"Fundaci\u00f3n Sinergia Humanitaria","url":"https:\/\/www.sinergiahumanitaria.cl\/portal\/","logo":{"@type":"ImageObject","inLanguage":"es-CL","@id":"https:\/\/www.sinergiahumanitaria.cl\/portal\/#\/schema\/logo\/image\/","url":"https:\/\/www.sinergiahumanitaria.cl\/portal\/wp-content\/uploads\/2020\/07\/LOGO-jpg-scaled.jpg","contentUrl":"https:\/\/www.sinergiahumanitaria.cl\/portal\/wp-content\/uploads\/2020\/07\/LOGO-jpg-scaled.jpg","width":2560,"height":1440,"caption":"Fundaci\u00f3n Sinergia Humanitaria"},"image":{"@id":"https:\/\/www.sinergiahumanitaria.cl\/portal\/#\/schema\/logo\/image\/"},"sameAs":["https:\/\/www.facebook.com\/sinergiahumanitaria\/","https:\/\/x.com\/fsinergiah","https:\/\/www.instagram.com\/fsinergiah\/"]},{"@type":"Person","@id":"https:\/\/www.sinergiahumanitaria.cl\/portal\/#\/schema\/person\/e8e4653f85fbcf3e7472bfc4be4c2673","name":"pastudillo","image":{"@type":"ImageObject","inLanguage":"es-CL","@id":"https:\/\/secure.gravatar.com\/avatar\/24edc107527e6583e7be6e6408f8815c5b03530718f2848cb4875a5502cb9c12?s=96&d=mm&r=g","url":"https:\/\/secure.gravatar.com\/avatar\/24edc107527e6583e7be6e6408f8815c5b03530718f2848cb4875a5502cb9c12?s=96&d=mm&r=g","contentUrl":"https:\/\/secure.gravatar.com\/avatar\/24edc107527e6583e7be6e6408f8815c5b03530718f2848cb4875a5502cb9c12?s=96&d=mm&r=g","caption":"pastudillo"},"url":"https:\/\/www.sinergiahumanitaria.cl\/portal\/author\/pastudillo\/"}]}},"_links":{"self":[{"href":"https:\/\/www.sinergiahumanitaria.cl\/portal\/wp-json\/wp\/v2\/posts\/787","targetHints":{"allow":["GET"]}}],"collection":[{"href":"https:\/\/www.sinergiahumanitaria.cl\/portal\/wp-json\/wp\/v2\/posts"}],"about":[{"href":"https:\/\/www.sinergiahumanitaria.cl\/portal\/wp-json\/wp\/v2\/types\/post"}],"author":[{"embeddable":true,"href":"https:\/\/www.sinergiahumanitaria.cl\/portal\/wp-json\/wp\/v2\/users\/1"}],"replies":[{"embeddable":true,"href":"https:\/\/www.sinergiahumanitaria.cl\/portal\/wp-json\/wp\/v2\/comments?post=787"}],"version-history":[{"count":1,"href":"https:\/\/www.sinergiahumanitaria.cl\/portal\/wp-json\/wp\/v2\/posts\/787\/revisions"}],"predecessor-version":[{"id":949,"href":"https:\/\/www.sinergiahumanitaria.cl\/portal\/wp-json\/wp\/v2\/posts\/787\/revisions\/949"}],"wp:featuredmedia":[{"embeddable":true,"href":"https:\/\/www.sinergiahumanitaria.cl\/portal\/wp-json\/wp\/v2\/media\/948"}],"wp:attachment":[{"href":"https:\/\/www.sinergiahumanitaria.cl\/portal\/wp-json\/wp\/v2\/media?parent=787"}],"wp:term":[{"taxonomy":"category","embeddable":true,"href":"https:\/\/www.sinergiahumanitaria.cl\/portal\/wp-json\/wp\/v2\/categories?post=787"},{"taxonomy":"post_tag","embeddable":true,"href":"https:\/\/www.sinergiahumanitaria.cl\/portal\/wp-json\/wp\/v2\/tags?post=787"}],"curies":[{"name":"wp","href":"https:\/\/api.w.org\/{rel}","templated":true}]}}