{"id":7907,"date":"2025-07-02T18:05:29","date_gmt":"2025-07-02T22:05:29","guid":{"rendered":"https:\/\/www.sinergiahumanitaria.cl\/portal\/?p=7907"},"modified":"2025-07-02T18:05:29","modified_gmt":"2025-07-02T22:05:29","slug":"entrega-de-ayudas-tecnicas-en-san-vicente-de-tagua-tagua","status":"publish","type":"post","link":"https:\/\/www.sinergiahumanitaria.cl\/portal\/2025\/07\/02\/entrega-de-ayudas-tecnicas-en-san-vicente-de-tagua-tagua\/","title":{"rendered":"Entrega de ayudas t\u00e9cnicas en San Vicente de Tagua Tagua"},"content":{"rendered":"<p>Este martes 24 lleg\u00f3 desde Suiza un contenedor con ayudas t\u00e9cnicas, gestionado junto a la Orden de Malta y nuestra Fundaci\u00f3n Sinergia Humanitaria. Ya fue instalado en el gimnasio municipal en San Vicente de Tagua Tagua para iniciar pronto su distribuci\u00f3n \ud83d\ude4c<\/p>\n<p>\ud83d\ude9b La donaci\u00f3n incluye 33 catres cl\u00ednicos el\u00e9ctricos y otros insumos de apoyo, que ir\u00e1n en directo beneficio de personas con dependencia severa de la comuna.<\/p>\n<p><iframe title=\"Entrega de ayudas t\u00e9cnicas en San Vicente de Tagua Tagua\" width=\"1300\" height=\"731\" src=\"https:\/\/www.youtube.com\/embed\/2bBl-I5ycos?feature=oembed\" frameborder=\"0\" allow=\"accelerometer; autoplay; clipboard-write; encrypted-media; gyroscope; picture-in-picture; web-share\" referrerpolicy=\"strict-origin-when-cross-origin\" allowfullscreen><\/iframe><\/p>\n","protected":false},"excerpt":{"rendered":"<p>Este martes 24 lleg\u00f3 desde Suiza un contenedor con ayudas t\u00e9cnicas, gestionado junto a la Orden de Malta y nuestra Fundaci\u00f3n Sinergia Humanitaria. Ya fue instalado en el gimnasio municipal en San Vicente de Tagua Tagua para iniciar pronto su distribuci\u00f3n \ud83d\ude4c \ud83d\ude9b La donaci\u00f3n incluye 33 catres cl\u00ednicos el\u00e9ctricos y otros insumos de apoyo, [&hellip;]<\/p>\n","protected":false},"author":6,"featured_media":7908,"comment_status":"closed","ping_status":"open","sticky":false,"template":"","format":"standard","meta":{"footnotes":""},"categories":[84],"tags":[],"class_list":["post-7907","post","type-post","status-publish","format-standard","has-post-thumbnail","hentry","category-san-vicente-de-tagua-tagua"],"yoast_head":"<!-- This site is optimized with the Yoast SEO plugin v27.5 - https:\/\/yoast.com\/product\/yoast-seo-wordpress\/ -->\n<title>Entrega de ayudas t\u00e9cnicas en San Vicente de Tagua Tagua - Fundaci\u00f3n Sinergia Humanitaria<\/title>\n<meta name=\"robots\" content=\"index, follow, max-snippet:-1, max-image-preview:large, max-video-preview:-1\" \/>\n<link rel=\"canonical\" href=\"https:\/\/www.sinergiahumanitaria.cl\/portal\/2025\/07\/02\/entrega-de-ayudas-tecnicas-en-san-vicente-de-tagua-tagua\/\" \/>\n<meta property=\"og:locale\" content=\"es_ES\" \/>\n<meta property=\"og:type\" content=\"article\" \/>\n<meta property=\"og:title\" content=\"Entrega de ayudas t\u00e9cnicas en San Vicente de Tagua Tagua - Fundaci\u00f3n Sinergia Humanitaria\" \/>\n<meta property=\"og:description\" content=\"Este martes 24 lleg\u00f3 desde Suiza un contenedor con ayudas t\u00e9cnicas, gestionado junto a la Orden de Malta y nuestra Fundaci\u00f3n Sinergia Humanitaria. Ya fue instalado en el gimnasio municipal en San Vicente de Tagua Tagua para iniciar pronto su distribuci\u00f3n \ud83d\ude4c \ud83d\ude9b La donaci\u00f3n incluye 33 catres cl\u00ednicos el\u00e9ctricos y otros insumos de apoyo, [&hellip;]\" \/>\n<meta property=\"og:url\" content=\"https:\/\/www.sinergiahumanitaria.cl\/portal\/2025\/07\/02\/entrega-de-ayudas-tecnicas-en-san-vicente-de-tagua-tagua\/\" \/>\n<meta property=\"og:site_name\" content=\"Fundaci\u00f3n Sinergia Humanitaria\" \/>\n<meta property=\"article:publisher\" content=\"https:\/\/www.facebook.com\/sinergiahumanitaria\/\" \/>\n<meta property=\"article:published_time\" content=\"2025-07-02T22:05:29+00:00\" \/>\n<meta property=\"og:image\" content=\"https:\/\/www.sinergiahumanitaria.cl\/portal\/wp-content\/uploads\/2025\/07\/sanvicente.jpeg\" \/>\n\t<meta property=\"og:image:width\" content=\"960\" \/>\n\t<meta property=\"og:image:height\" content=\"1280\" \/>\n\t<meta property=\"og:image:type\" content=\"image\/jpeg\" \/>\n<meta name=\"author\" content=\"pzavala\" \/>\n<meta name=\"twitter:card\" content=\"summary_large_image\" \/>\n<meta name=\"twitter:creator\" content=\"@fsinergiah\" \/>\n<meta name=\"twitter:site\" content=\"@fsinergiah\" \/>\n<meta name=\"twitter:label1\" content=\"Escrito por\" \/>\n\t<meta name=\"twitter:data1\" content=\"pzavala\" \/>\n\t<meta name=\"twitter:label2\" content=\"Tiempo estimado de lectura\" \/>\n\t<meta name=\"twitter:data2\" content=\"1 minuto\" \/>\n<script type=\"application\/ld+json\" class=\"yoast-schema-graph\">{\"@context\":\"https:\\\/\\\/schema.org\",\"@graph\":[{\"@type\":\"Article\",\"@id\":\"https:\\\/\\\/www.sinergiahumanitaria.cl\\\/portal\\\/2025\\\/07\\\/02\\\/entrega-de-ayudas-tecnicas-en-san-vicente-de-tagua-tagua\\\/#article\",\"isPartOf\":{\"@id\":\"https:\\\/\\\/www.sinergiahumanitaria.cl\\\/portal\\\/2025\\\/07\\\/02\\\/entrega-de-ayudas-tecnicas-en-san-vicente-de-tagua-tagua\\\/\"},\"author\":{\"name\":\"pzavala\",\"@id\":\"https:\\\/\\\/www.sinergiahumanitaria.cl\\\/portal\\\/#\\\/schema\\\/person\\\/6c21471c8460d29d6013c6d5196156ed\"},\"headline\":\"Entrega de ayudas t\u00e9cnicas en San Vicente de Tagua Tagua\",\"datePublished\":\"2025-07-02T22:05:29+00:00\",\"mainEntityOfPage\":{\"@id\":\"https:\\\/\\\/www.sinergiahumanitaria.cl\\\/portal\\\/2025\\\/07\\\/02\\\/entrega-de-ayudas-tecnicas-en-san-vicente-de-tagua-tagua\\\/\"},\"wordCount\":88,\"publisher\":{\"@id\":\"https:\\\/\\\/www.sinergiahumanitaria.cl\\\/portal\\\/#organization\"},\"image\":{\"@id\":\"https:\\\/\\\/www.sinergiahumanitaria.cl\\\/portal\\\/2025\\\/07\\\/02\\\/entrega-de-ayudas-tecnicas-en-san-vicente-de-tagua-tagua\\\/#primaryimage\"},\"thumbnailUrl\":\"https:\\\/\\\/www.sinergiahumanitaria.cl\\\/portal\\\/wp-content\\\/uploads\\\/2025\\\/07\\\/sanvicente.jpeg\",\"articleSection\":[\"San Vicente de Tagua Tagua\"],\"inLanguage\":\"es-CL\"},{\"@type\":\"WebPage\",\"@id\":\"https:\\\/\\\/www.sinergiahumanitaria.cl\\\/portal\\\/2025\\\/07\\\/02\\\/entrega-de-ayudas-tecnicas-en-san-vicente-de-tagua-tagua\\\/\",\"url\":\"https:\\\/\\\/www.sinergiahumanitaria.cl\\\/portal\\\/2025\\\/07\\\/02\\\/entrega-de-ayudas-tecnicas-en-san-vicente-de-tagua-tagua\\\/\",\"name\":\"Entrega de ayudas t\u00e9cnicas en San Vicente de Tagua Tagua - Fundaci\u00f3n Sinergia Humanitaria\",\"isPartOf\":{\"@id\":\"https:\\\/\\\/www.sinergiahumanitaria.cl\\\/portal\\\/#website\"},\"primaryImageOfPage\":{\"@id\":\"https:\\\/\\\/www.sinergiahumanitaria.cl\\\/portal\\\/2025\\\/07\\\/02\\\/entrega-de-ayudas-tecnicas-en-san-vicente-de-tagua-tagua\\\/#primaryimage\"},\"image\":{\"@id\":\"https:\\\/\\\/www.sinergiahumanitaria.cl\\\/portal\\\/2025\\\/07\\\/02\\\/entrega-de-ayudas-tecnicas-en-san-vicente-de-tagua-tagua\\\/#primaryimage\"},\"thumbnailUrl\":\"https:\\\/\\\/www.sinergiahumanitaria.cl\\\/portal\\\/wp-content\\\/uploads\\\/2025\\\/07\\\/sanvicente.jpeg\",\"datePublished\":\"2025-07-02T22:05:29+00:00\",\"breadcrumb\":{\"@id\":\"https:\\\/\\\/www.sinergiahumanitaria.cl\\\/portal\\\/2025\\\/07\\\/02\\\/entrega-de-ayudas-tecnicas-en-san-vicente-de-tagua-tagua\\\/#breadcrumb\"},\"inLanguage\":\"es-CL\",\"potentialAction\":[{\"@type\":\"ReadAction\",\"target\":[\"https:\\\/\\\/www.sinergiahumanitaria.cl\\\/portal\\\/2025\\\/07\\\/02\\\/entrega-de-ayudas-tecnicas-en-san-vicente-de-tagua-tagua\\\/\"]}]},{\"@type\":\"ImageObject\",\"inLanguage\":\"es-CL\",\"@id\":\"https:\\\/\\\/www.sinergiahumanitaria.cl\\\/portal\\\/2025\\\/07\\\/02\\\/entrega-de-ayudas-tecnicas-en-san-vicente-de-tagua-tagua\\\/#primaryimage\",\"url\":\"https:\\\/\\\/www.sinergiahumanitaria.cl\\\/portal\\\/wp-content\\\/uploads\\\/2025\\\/07\\\/sanvicente.jpeg\",\"contentUrl\":\"https:\\\/\\\/www.sinergiahumanitaria.cl\\\/portal\\\/wp-content\\\/uploads\\\/2025\\\/07\\\/sanvicente.jpeg\",\"width\":960,\"height\":1280},{\"@type\":\"BreadcrumbList\",\"@id\":\"https:\\\/\\\/www.sinergiahumanitaria.cl\\\/portal\\\/2025\\\/07\\\/02\\\/entrega-de-ayudas-tecnicas-en-san-vicente-de-tagua-tagua\\\/#breadcrumb\",\"itemListElement\":[{\"@type\":\"ListItem\",\"position\":1,\"name\":\"Portada\",\"item\":\"https:\\\/\\\/www.sinergiahumanitaria.cl\\\/portal\\\/\"},{\"@type\":\"ListItem\",\"position\":2,\"name\":\"Entrega de ayudas t\u00e9cnicas en San Vicente de Tagua Tagua\"}]},{\"@type\":\"WebSite\",\"@id\":\"https:\\\/\\\/www.sinergiahumanitaria.cl\\\/portal\\\/#website\",\"url\":\"https:\\\/\\\/www.sinergiahumanitaria.cl\\\/portal\\\/\",\"name\":\"Fundaci\u00f3n Sinergia Humanitaria\",\"description\":\"Acci\u00f3n Solidaria desde 2001\",\"publisher\":{\"@id\":\"https:\\\/\\\/www.sinergiahumanitaria.cl\\\/portal\\\/#organization\"},\"potentialAction\":[{\"@type\":\"SearchAction\",\"target\":{\"@type\":\"EntryPoint\",\"urlTemplate\":\"https:\\\/\\\/www.sinergiahumanitaria.cl\\\/portal\\\/?s={search_term_string}\"},\"query-input\":{\"@type\":\"PropertyValueSpecification\",\"valueRequired\":true,\"valueName\":\"search_term_string\"}}],\"inLanguage\":\"es-CL\"},{\"@type\":\"Organization\",\"@id\":\"https:\\\/\\\/www.sinergiahumanitaria.cl\\\/portal\\\/#organization\",\"name\":\"Fundaci\u00f3n Sinergia Humanitaria\",\"url\":\"https:\\\/\\\/www.sinergiahumanitaria.cl\\\/portal\\\/\",\"logo\":{\"@type\":\"ImageObject\",\"inLanguage\":\"es-CL\",\"@id\":\"https:\\\/\\\/www.sinergiahumanitaria.cl\\\/portal\\\/#\\\/schema\\\/logo\\\/image\\\/\",\"url\":\"https:\\\/\\\/www.sinergiahumanitaria.cl\\\/portal\\\/wp-content\\\/uploads\\\/2020\\\/07\\\/LOGO-jpg-scaled.jpg\",\"contentUrl\":\"https:\\\/\\\/www.sinergiahumanitaria.cl\\\/portal\\\/wp-content\\\/uploads\\\/2020\\\/07\\\/LOGO-jpg-scaled.jpg\",\"width\":2560,\"height\":1440,\"caption\":\"Fundaci\u00f3n Sinergia Humanitaria\"},\"image\":{\"@id\":\"https:\\\/\\\/www.sinergiahumanitaria.cl\\\/portal\\\/#\\\/schema\\\/logo\\\/image\\\/\"},\"sameAs\":[\"https:\\\/\\\/www.facebook.com\\\/sinergiahumanitaria\\\/\",\"https:\\\/\\\/x.com\\\/fsinergiah\",\"https:\\\/\\\/www.instagram.com\\\/fsinergiah\\\/\"]},{\"@type\":\"Person\",\"@id\":\"https:\\\/\\\/www.sinergiahumanitaria.cl\\\/portal\\\/#\\\/schema\\\/person\\\/6c21471c8460d29d6013c6d5196156ed\",\"name\":\"pzavala\",\"image\":{\"@type\":\"ImageObject\",\"inLanguage\":\"es-CL\",\"@id\":\"https:\\\/\\\/secure.gravatar.com\\\/avatar\\\/3fca3b3977ef43d2b34e0b5d0849b0dc28d3e805e72577c02e835f10a9f05214?s=96&d=mm&r=g\",\"url\":\"https:\\\/\\\/secure.gravatar.com\\\/avatar\\\/3fca3b3977ef43d2b34e0b5d0849b0dc28d3e805e72577c02e835f10a9f05214?s=96&d=mm&r=g\",\"contentUrl\":\"https:\\\/\\\/secure.gravatar.com\\\/avatar\\\/3fca3b3977ef43d2b34e0b5d0849b0dc28d3e805e72577c02e835f10a9f05214?s=96&d=mm&r=g\",\"caption\":\"pzavala\"},\"url\":\"https:\\\/\\\/www.sinergiahumanitaria.cl\\\/portal\\\/author\\\/pzavala\\\/\"}]}<\/script>\n<!-- \/ Yoast SEO plugin. -->","yoast_head_json":{"title":"Entrega de ayudas t\u00e9cnicas en San Vicente de Tagua Tagua - Fundaci\u00f3n Sinergia Humanitaria","robots":{"index":"index","follow":"follow","max-snippet":"max-snippet:-1","max-image-preview":"max-image-preview:large","max-video-preview":"max-video-preview:-1"},"canonical":"https:\/\/www.sinergiahumanitaria.cl\/portal\/2025\/07\/02\/entrega-de-ayudas-tecnicas-en-san-vicente-de-tagua-tagua\/","og_locale":"es_ES","og_type":"article","og_title":"Entrega de ayudas t\u00e9cnicas en San Vicente de Tagua Tagua - Fundaci\u00f3n Sinergia Humanitaria","og_description":"Este martes 24 lleg\u00f3 desde Suiza un contenedor con ayudas t\u00e9cnicas, gestionado junto a la Orden de Malta y nuestra Fundaci\u00f3n Sinergia Humanitaria. Ya fue instalado en el gimnasio municipal en San Vicente de Tagua Tagua para iniciar pronto su distribuci\u00f3n \ud83d\ude4c \ud83d\ude9b La donaci\u00f3n incluye 33 catres cl\u00ednicos el\u00e9ctricos y otros insumos de apoyo, [&hellip;]","og_url":"https:\/\/www.sinergiahumanitaria.cl\/portal\/2025\/07\/02\/entrega-de-ayudas-tecnicas-en-san-vicente-de-tagua-tagua\/","og_site_name":"Fundaci\u00f3n Sinergia Humanitaria","article_publisher":"https:\/\/www.facebook.com\/sinergiahumanitaria\/","article_published_time":"2025-07-02T22:05:29+00:00","og_image":[{"width":960,"height":1280,"url":"https:\/\/www.sinergiahumanitaria.cl\/portal\/wp-content\/uploads\/2025\/07\/sanvicente.jpeg","type":"image\/jpeg"}],"author":"pzavala","twitter_card":"summary_large_image","twitter_creator":"@fsinergiah","twitter_site":"@fsinergiah","twitter_misc":{"Escrito por":"pzavala","Tiempo estimado de lectura":"1 minuto"},"schema":{"@context":"https:\/\/schema.org","@graph":[{"@type":"Article","@id":"https:\/\/www.sinergiahumanitaria.cl\/portal\/2025\/07\/02\/entrega-de-ayudas-tecnicas-en-san-vicente-de-tagua-tagua\/#article","isPartOf":{"@id":"https:\/\/www.sinergiahumanitaria.cl\/portal\/2025\/07\/02\/entrega-de-ayudas-tecnicas-en-san-vicente-de-tagua-tagua\/"},"author":{"name":"pzavala","@id":"https:\/\/www.sinergiahumanitaria.cl\/portal\/#\/schema\/person\/6c21471c8460d29d6013c6d5196156ed"},"headline":"Entrega de ayudas t\u00e9cnicas en San Vicente de Tagua Tagua","datePublished":"2025-07-02T22:05:29+00:00","mainEntityOfPage":{"@id":"https:\/\/www.sinergiahumanitaria.cl\/portal\/2025\/07\/02\/entrega-de-ayudas-tecnicas-en-san-vicente-de-tagua-tagua\/"},"wordCount":88,"publisher":{"@id":"https:\/\/www.sinergiahumanitaria.cl\/portal\/#organization"},"image":{"@id":"https:\/\/www.sinergiahumanitaria.cl\/portal\/2025\/07\/02\/entrega-de-ayudas-tecnicas-en-san-vicente-de-tagua-tagua\/#primaryimage"},"thumbnailUrl":"https:\/\/www.sinergiahumanitaria.cl\/portal\/wp-content\/uploads\/2025\/07\/sanvicente.jpeg","articleSection":["San Vicente de Tagua Tagua"],"inLanguage":"es-CL"},{"@type":"WebPage","@id":"https:\/\/www.sinergiahumanitaria.cl\/portal\/2025\/07\/02\/entrega-de-ayudas-tecnicas-en-san-vicente-de-tagua-tagua\/","url":"https:\/\/www.sinergiahumanitaria.cl\/portal\/2025\/07\/02\/entrega-de-ayudas-tecnicas-en-san-vicente-de-tagua-tagua\/","name":"Entrega de ayudas t\u00e9cnicas en San Vicente de Tagua Tagua - Fundaci\u00f3n Sinergia Humanitaria","isPartOf":{"@id":"https:\/\/www.sinergiahumanitaria.cl\/portal\/#website"},"primaryImageOfPage":{"@id":"https:\/\/www.sinergiahumanitaria.cl\/portal\/2025\/07\/02\/entrega-de-ayudas-tecnicas-en-san-vicente-de-tagua-tagua\/#primaryimage"},"image":{"@id":"https:\/\/www.sinergiahumanitaria.cl\/portal\/2025\/07\/02\/entrega-de-ayudas-tecnicas-en-san-vicente-de-tagua-tagua\/#primaryimage"},"thumbnailUrl":"https:\/\/www.sinergiahumanitaria.cl\/portal\/wp-content\/uploads\/2025\/07\/sanvicente.jpeg","datePublished":"2025-07-02T22:05:29+00:00","breadcrumb":{"@id":"https:\/\/www.sinergiahumanitaria.cl\/portal\/2025\/07\/02\/entrega-de-ayudas-tecnicas-en-san-vicente-de-tagua-tagua\/#breadcrumb"},"inLanguage":"es-CL","potentialAction":[{"@type":"ReadAction","target":["https:\/\/www.sinergiahumanitaria.cl\/portal\/2025\/07\/02\/entrega-de-ayudas-tecnicas-en-san-vicente-de-tagua-tagua\/"]}]},{"@type":"ImageObject","inLanguage":"es-CL","@id":"https:\/\/www.sinergiahumanitaria.cl\/portal\/2025\/07\/02\/entrega-de-ayudas-tecnicas-en-san-vicente-de-tagua-tagua\/#primaryimage","url":"https:\/\/www.sinergiahumanitaria.cl\/portal\/wp-content\/uploads\/2025\/07\/sanvicente.jpeg","contentUrl":"https:\/\/www.sinergiahumanitaria.cl\/portal\/wp-content\/uploads\/2025\/07\/sanvicente.jpeg","width":960,"height":1280},{"@type":"BreadcrumbList","@id":"https:\/\/www.sinergiahumanitaria.cl\/portal\/2025\/07\/02\/entrega-de-ayudas-tecnicas-en-san-vicente-de-tagua-tagua\/#breadcrumb","itemListElement":[{"@type":"ListItem","position":1,"name":"Portada","item":"https:\/\/www.sinergiahumanitaria.cl\/portal\/"},{"@type":"ListItem","position":2,"name":"Entrega de ayudas t\u00e9cnicas en San Vicente de Tagua Tagua"}]},{"@type":"WebSite","@id":"https:\/\/www.sinergiahumanitaria.cl\/portal\/#website","url":"https:\/\/www.sinergiahumanitaria.cl\/portal\/","name":"Fundaci\u00f3n Sinergia Humanitaria","description":"Acci\u00f3n Solidaria desde 2001","publisher":{"@id":"https:\/\/www.sinergiahumanitaria.cl\/portal\/#organization"},"potentialAction":[{"@type":"SearchAction","target":{"@type":"EntryPoint","urlTemplate":"https:\/\/www.sinergiahumanitaria.cl\/portal\/?s={search_term_string}"},"query-input":{"@type":"PropertyValueSpecification","valueRequired":true,"valueName":"search_term_string"}}],"inLanguage":"es-CL"},{"@type":"Organization","@id":"https:\/\/www.sinergiahumanitaria.cl\/portal\/#organization","name":"Fundaci\u00f3n Sinergia Humanitaria","url":"https:\/\/www.sinergiahumanitaria.cl\/portal\/","logo":{"@type":"ImageObject","inLanguage":"es-CL","@id":"https:\/\/www.sinergiahumanitaria.cl\/portal\/#\/schema\/logo\/image\/","url":"https:\/\/www.sinergiahumanitaria.cl\/portal\/wp-content\/uploads\/2020\/07\/LOGO-jpg-scaled.jpg","contentUrl":"https:\/\/www.sinergiahumanitaria.cl\/portal\/wp-content\/uploads\/2020\/07\/LOGO-jpg-scaled.jpg","width":2560,"height":1440,"caption":"Fundaci\u00f3n Sinergia Humanitaria"},"image":{"@id":"https:\/\/www.sinergiahumanitaria.cl\/portal\/#\/schema\/logo\/image\/"},"sameAs":["https:\/\/www.facebook.com\/sinergiahumanitaria\/","https:\/\/x.com\/fsinergiah","https:\/\/www.instagram.com\/fsinergiah\/"]},{"@type":"Person","@id":"https:\/\/www.sinergiahumanitaria.cl\/portal\/#\/schema\/person\/6c21471c8460d29d6013c6d5196156ed","name":"pzavala","image":{"@type":"ImageObject","inLanguage":"es-CL","@id":"https:\/\/secure.gravatar.com\/avatar\/3fca3b3977ef43d2b34e0b5d0849b0dc28d3e805e72577c02e835f10a9f05214?s=96&d=mm&r=g","url":"https:\/\/secure.gravatar.com\/avatar\/3fca3b3977ef43d2b34e0b5d0849b0dc28d3e805e72577c02e835f10a9f05214?s=96&d=mm&r=g","contentUrl":"https:\/\/secure.gravatar.com\/avatar\/3fca3b3977ef43d2b34e0b5d0849b0dc28d3e805e72577c02e835f10a9f05214?s=96&d=mm&r=g","caption":"pzavala"},"url":"https:\/\/www.sinergiahumanitaria.cl\/portal\/author\/pzavala\/"}]}},"_links":{"self":[{"href":"https:\/\/www.sinergiahumanitaria.cl\/portal\/wp-json\/wp\/v2\/posts\/7907","targetHints":{"allow":["GET"]}}],"collection":[{"href":"https:\/\/www.sinergiahumanitaria.cl\/portal\/wp-json\/wp\/v2\/posts"}],"about":[{"href":"https:\/\/www.sinergiahumanitaria.cl\/portal\/wp-json\/wp\/v2\/types\/post"}],"author":[{"embeddable":true,"href":"https:\/\/www.sinergiahumanitaria.cl\/portal\/wp-json\/wp\/v2\/users\/6"}],"replies":[{"embeddable":true,"href":"https:\/\/www.sinergiahumanitaria.cl\/portal\/wp-json\/wp\/v2\/comments?post=7907"}],"version-history":[{"count":1,"href":"https:\/\/www.sinergiahumanitaria.cl\/portal\/wp-json\/wp\/v2\/posts\/7907\/revisions"}],"predecessor-version":[{"id":7909,"href":"https:\/\/www.sinergiahumanitaria.cl\/portal\/wp-json\/wp\/v2\/posts\/7907\/revisions\/7909"}],"wp:featuredmedia":[{"embeddable":true,"href":"https:\/\/www.sinergiahumanitaria.cl\/portal\/wp-json\/wp\/v2\/media\/7908"}],"wp:attachment":[{"href":"https:\/\/www.sinergiahumanitaria.cl\/portal\/wp-json\/wp\/v2\/media?parent=7907"}],"wp:term":[{"taxonomy":"category","embeddable":true,"href":"https:\/\/www.sinergiahumanitaria.cl\/portal\/wp-json\/wp\/v2\/categories?post=7907"},{"taxonomy":"post_tag","embeddable":true,"href":"https:\/\/www.sinergiahumanitaria.cl\/portal\/wp-json\/wp\/v2\/tags?post=7907"}],"curies":[{"name":"wp","href":"https:\/\/api.w.org\/{rel}","templated":true}]}}