{"id":7912,"date":"2025-07-11T21:05:24","date_gmt":"2025-07-12T01:05:24","guid":{"rendered":"https:\/\/www.sinergiahumanitaria.cl\/portal\/?p=7912"},"modified":"2025-07-11T21:05:24","modified_gmt":"2025-07-12T01:05:24","slug":"ceremonia-de-entrega-de-ayudas-tecnicas-en-laja","status":"publish","type":"post","link":"https:\/\/www.sinergiahumanitaria.cl\/portal\/2025\/07\/11\/ceremonia-de-entrega-de-ayudas-tecnicas-en-laja\/","title":{"rendered":"Ceremonia de entrega de ayudas t\u00e9cnicas en Laja"},"content":{"rendered":"<p>Desde la Fundaci\u00f3n Sinergia Humanitaria celebramos la entrega de ayudas t\u00e9cnicas en la comuna de Laja, una acci\u00f3n concreta que mejora la calidad de vida de personas con movilidad reducida, adultos mayores y vecinos que requieren atenci\u00f3n especial. \ud83e\uddbd\u2764\ufe0f<\/p>\n<p>Gracias a la colaboraci\u00f3n con la Municipalidad de Laja y el compromiso del alcalde Vladimir Fica Toledo, este importante apoyo lleg\u00f3 a destino. \u00a1Porque cuando trabajamos en conjunto, transformamos realidades! \ud83d\udcaa\ud83c\udffd\ud83e\udd1d<\/p>\n\n\t\t<style type=\"text\/css\">\n\t\t\t#gallery-1 {\n\t\t\t\tmargin: auto;\n\t\t\t}\n\t\t\t#gallery-1 .gallery-item {\n\t\t\t\tfloat: left;\n\t\t\t\tmargin-top: 10px;\n\t\t\t\ttext-align: center;\n\t\t\t\twidth: 33%;\n\t\t\t}\n\t\t\t#gallery-1 img {\n\t\t\t\tborder: 2px solid #cfcfcf;\n\t\t\t}\n\t\t\t#gallery-1 .gallery-caption {\n\t\t\t\tmargin-left: 0;\n\t\t\t}\n\t\t\t\/* see gallery_shortcode() in wp-includes\/media.php *\/\n\t\t<\/style>\n\t\t<div id='gallery-1' class='gallery galleryid-7912 gallery-columns-3 gallery-size-thumbnail'><dl class='gallery-item'>\n\t\t\t<dt class='gallery-icon landscape'>\n\t\t\t\t<a href='https:\/\/www.sinergiahumanitaria.cl\/portal\/wp-content\/uploads\/2025\/07\/DSC00335-scaled.jpg'><img decoding=\"async\" width=\"150\" height=\"150\" src=\"https:\/\/www.sinergiahumanitaria.cl\/portal\/wp-content\/uploads\/2025\/07\/DSC00335-150x150.jpg\" class=\"attachment-thumbnail size-thumbnail\" alt=\"\" srcset=\"https:\/\/www.sinergiahumanitaria.cl\/portal\/wp-content\/uploads\/2025\/07\/DSC00335-150x150.jpg 150w, https:\/\/www.sinergiahumanitaria.cl\/portal\/wp-content\/uploads\/2025\/07\/DSC00335-650x650.jpg 650w, https:\/\/www.sinergiahumanitaria.cl\/portal\/wp-content\/uploads\/2025\/07\/DSC00335-1300x1300.jpg 1300w\" sizes=\"(max-width: 150px) 100vw, 150px\" \/><\/a>\n\t\t\t<\/dt><\/dl><dl class='gallery-item'>\n\t\t\t<dt class='gallery-icon landscape'>\n\t\t\t\t<a href='https:\/\/www.sinergiahumanitaria.cl\/portal\/wp-content\/uploads\/2025\/07\/DSC00324-scaled.jpg'><img decoding=\"async\" width=\"150\" height=\"150\" src=\"https:\/\/www.sinergiahumanitaria.cl\/portal\/wp-content\/uploads\/2025\/07\/DSC00324-150x150.jpg\" class=\"attachment-thumbnail size-thumbnail\" alt=\"\" srcset=\"https:\/\/www.sinergiahumanitaria.cl\/portal\/wp-content\/uploads\/2025\/07\/DSC00324-150x150.jpg 150w, https:\/\/www.sinergiahumanitaria.cl\/portal\/wp-content\/uploads\/2025\/07\/DSC00324-650x650.jpg 650w, https:\/\/www.sinergiahumanitaria.cl\/portal\/wp-content\/uploads\/2025\/07\/DSC00324-1300x1300.jpg 1300w\" sizes=\"(max-width: 150px) 100vw, 150px\" \/><\/a>\n\t\t\t<\/dt><\/dl><dl class='gallery-item'>\n\t\t\t<dt class='gallery-icon landscape'>\n\t\t\t\t<a href='https:\/\/www.sinergiahumanitaria.cl\/portal\/wp-content\/uploads\/2025\/07\/DSC00345-scaled.jpg'><img decoding=\"async\" width=\"150\" height=\"150\" src=\"https:\/\/www.sinergiahumanitaria.cl\/portal\/wp-content\/uploads\/2025\/07\/DSC00345-150x150.jpg\" class=\"attachment-thumbnail size-thumbnail\" alt=\"\" srcset=\"https:\/\/www.sinergiahumanitaria.cl\/portal\/wp-content\/uploads\/2025\/07\/DSC00345-150x150.jpg 150w, https:\/\/www.sinergiahumanitaria.cl\/portal\/wp-content\/uploads\/2025\/07\/DSC00345-650x650.jpg 650w, https:\/\/www.sinergiahumanitaria.cl\/portal\/wp-content\/uploads\/2025\/07\/DSC00345-1300x1300.jpg 1300w\" sizes=\"(max-width: 150px) 100vw, 150px\" \/><\/a>\n\t\t\t<\/dt><\/dl><br style=\"clear: both\" \/><dl class='gallery-item'>\n\t\t\t<dt class='gallery-icon landscape'>\n\t\t\t\t<a href='https:\/\/www.sinergiahumanitaria.cl\/portal\/wp-content\/uploads\/2025\/07\/DSC00354-scaled.jpg'><img loading=\"lazy\" decoding=\"async\" width=\"150\" height=\"150\" src=\"https:\/\/www.sinergiahumanitaria.cl\/portal\/wp-content\/uploads\/2025\/07\/DSC00354-150x150.jpg\" class=\"attachment-thumbnail size-thumbnail\" alt=\"\" srcset=\"https:\/\/www.sinergiahumanitaria.cl\/portal\/wp-content\/uploads\/2025\/07\/DSC00354-150x150.jpg 150w, https:\/\/www.sinergiahumanitaria.cl\/portal\/wp-content\/uploads\/2025\/07\/DSC00354-650x650.jpg 650w, https:\/\/www.sinergiahumanitaria.cl\/portal\/wp-content\/uploads\/2025\/07\/DSC00354-1300x1300.jpg 1300w\" sizes=\"(max-width: 150px) 100vw, 150px\" \/><\/a>\n\t\t\t<\/dt><\/dl><dl class='gallery-item'>\n\t\t\t<dt class='gallery-icon landscape'>\n\t\t\t\t<a href='https:\/\/www.sinergiahumanitaria.cl\/portal\/wp-content\/uploads\/2025\/07\/DSC00373-scaled.jpg'><img loading=\"lazy\" decoding=\"async\" width=\"150\" height=\"150\" src=\"https:\/\/www.sinergiahumanitaria.cl\/portal\/wp-content\/uploads\/2025\/07\/DSC00373-150x150.jpg\" class=\"attachment-thumbnail size-thumbnail\" alt=\"\" srcset=\"https:\/\/www.sinergiahumanitaria.cl\/portal\/wp-content\/uploads\/2025\/07\/DSC00373-150x150.jpg 150w, https:\/\/www.sinergiahumanitaria.cl\/portal\/wp-content\/uploads\/2025\/07\/DSC00373-650x650.jpg 650w, https:\/\/www.sinergiahumanitaria.cl\/portal\/wp-content\/uploads\/2025\/07\/DSC00373-1300x1300.jpg 1300w\" sizes=\"(max-width: 150px) 100vw, 150px\" \/><\/a>\n\t\t\t<\/dt><\/dl><dl class='gallery-item'>\n\t\t\t<dt class='gallery-icon landscape'>\n\t\t\t\t<a href='https:\/\/www.sinergiahumanitaria.cl\/portal\/wp-content\/uploads\/2025\/07\/DSC00380-scaled.jpg'><img loading=\"lazy\" decoding=\"async\" width=\"150\" height=\"150\" src=\"https:\/\/www.sinergiahumanitaria.cl\/portal\/wp-content\/uploads\/2025\/07\/DSC00380-150x150.jpg\" class=\"attachment-thumbnail size-thumbnail\" alt=\"\" srcset=\"https:\/\/www.sinergiahumanitaria.cl\/portal\/wp-content\/uploads\/2025\/07\/DSC00380-150x150.jpg 150w, https:\/\/www.sinergiahumanitaria.cl\/portal\/wp-content\/uploads\/2025\/07\/DSC00380-650x650.jpg 650w, https:\/\/www.sinergiahumanitaria.cl\/portal\/wp-content\/uploads\/2025\/07\/DSC00380-1300x1300.jpg 1300w\" sizes=\"(max-width: 150px) 100vw, 150px\" \/><\/a>\n\t\t\t<\/dt><\/dl><br style=\"clear: both\" \/><dl class='gallery-item'>\n\t\t\t<dt class='gallery-icon landscape'>\n\t\t\t\t<a href='https:\/\/www.sinergiahumanitaria.cl\/portal\/wp-content\/uploads\/2025\/07\/DSC00393-scaled.jpg'><img loading=\"lazy\" decoding=\"async\" width=\"150\" height=\"150\" src=\"https:\/\/www.sinergiahumanitaria.cl\/portal\/wp-content\/uploads\/2025\/07\/DSC00393-150x150.jpg\" class=\"attachment-thumbnail size-thumbnail\" alt=\"\" srcset=\"https:\/\/www.sinergiahumanitaria.cl\/portal\/wp-content\/uploads\/2025\/07\/DSC00393-150x150.jpg 150w, https:\/\/www.sinergiahumanitaria.cl\/portal\/wp-content\/uploads\/2025\/07\/DSC00393-650x650.jpg 650w, https:\/\/www.sinergiahumanitaria.cl\/portal\/wp-content\/uploads\/2025\/07\/DSC00393-1300x1300.jpg 1300w\" sizes=\"(max-width: 150px) 100vw, 150px\" \/><\/a>\n\t\t\t<\/dt><\/dl><dl class='gallery-item'>\n\t\t\t<dt class='gallery-icon landscape'>\n\t\t\t\t<a href='https:\/\/www.sinergiahumanitaria.cl\/portal\/wp-content\/uploads\/2025\/07\/DSC00397-scaled.jpg'><img loading=\"lazy\" decoding=\"async\" width=\"150\" height=\"150\" src=\"https:\/\/www.sinergiahumanitaria.cl\/portal\/wp-content\/uploads\/2025\/07\/DSC00397-150x150.jpg\" class=\"attachment-thumbnail size-thumbnail\" alt=\"\" srcset=\"https:\/\/www.sinergiahumanitaria.cl\/portal\/wp-content\/uploads\/2025\/07\/DSC00397-150x150.jpg 150w, https:\/\/www.sinergiahumanitaria.cl\/portal\/wp-content\/uploads\/2025\/07\/DSC00397-650x650.jpg 650w, https:\/\/www.sinergiahumanitaria.cl\/portal\/wp-content\/uploads\/2025\/07\/DSC00397-1300x1300.jpg 1300w\" sizes=\"(max-width: 150px) 100vw, 150px\" \/><\/a>\n\t\t\t<\/dt><\/dl><dl class='gallery-item'>\n\t\t\t<dt class='gallery-icon landscape'>\n\t\t\t\t<a href='https:\/\/www.sinergiahumanitaria.cl\/portal\/wp-content\/uploads\/2025\/07\/DSC00448-scaled.jpg'><img loading=\"lazy\" decoding=\"async\" width=\"150\" height=\"150\" src=\"https:\/\/www.sinergiahumanitaria.cl\/portal\/wp-content\/uploads\/2025\/07\/DSC00448-150x150.jpg\" class=\"attachment-thumbnail size-thumbnail\" alt=\"\" srcset=\"https:\/\/www.sinergiahumanitaria.cl\/portal\/wp-content\/uploads\/2025\/07\/DSC00448-150x150.jpg 150w, https:\/\/www.sinergiahumanitaria.cl\/portal\/wp-content\/uploads\/2025\/07\/DSC00448-650x650.jpg 650w, https:\/\/www.sinergiahumanitaria.cl\/portal\/wp-content\/uploads\/2025\/07\/DSC00448-1300x1300.jpg 1300w\" sizes=\"(max-width: 150px) 100vw, 150px\" \/><\/a>\n\t\t\t<\/dt><\/dl><br style=\"clear: both\" \/><dl class='gallery-item'>\n\t\t\t<dt class='gallery-icon landscape'>\n\t\t\t\t<a href='https:\/\/www.sinergiahumanitaria.cl\/portal\/wp-content\/uploads\/2025\/07\/DSC00459-scaled.jpg'><img loading=\"lazy\" decoding=\"async\" width=\"150\" height=\"150\" src=\"https:\/\/www.sinergiahumanitaria.cl\/portal\/wp-content\/uploads\/2025\/07\/DSC00459-150x150.jpg\" class=\"attachment-thumbnail size-thumbnail\" alt=\"\" srcset=\"https:\/\/www.sinergiahumanitaria.cl\/portal\/wp-content\/uploads\/2025\/07\/DSC00459-150x150.jpg 150w, https:\/\/www.sinergiahumanitaria.cl\/portal\/wp-content\/uploads\/2025\/07\/DSC00459-650x650.jpg 650w, https:\/\/www.sinergiahumanitaria.cl\/portal\/wp-content\/uploads\/2025\/07\/DSC00459-1300x1300.jpg 1300w\" sizes=\"(max-width: 150px) 100vw, 150px\" \/><\/a>\n\t\t\t<\/dt><\/dl><dl class='gallery-item'>\n\t\t\t<dt class='gallery-icon landscape'>\n\t\t\t\t<a href='https:\/\/www.sinergiahumanitaria.cl\/portal\/wp-content\/uploads\/2025\/07\/laja1.jpg'><img loading=\"lazy\" decoding=\"async\" width=\"150\" height=\"150\" src=\"https:\/\/www.sinergiahumanitaria.cl\/portal\/wp-content\/uploads\/2025\/07\/laja1-150x150.jpg\" class=\"attachment-thumbnail size-thumbnail\" alt=\"\" srcset=\"https:\/\/www.sinergiahumanitaria.cl\/portal\/wp-content\/uploads\/2025\/07\/laja1-150x150.jpg 150w, https:\/\/www.sinergiahumanitaria.cl\/portal\/wp-content\/uploads\/2025\/07\/laja1-650x650.jpg 650w\" sizes=\"(max-width: 150px) 100vw, 150px\" \/><\/a>\n\t\t\t<\/dt><\/dl><dl class='gallery-item'>\n\t\t\t<dt class='gallery-icon landscape'>\n\t\t\t\t<a href='https:\/\/www.sinergiahumanitaria.cl\/portal\/wp-content\/uploads\/2025\/07\/laja2.jpg'><img loading=\"lazy\" decoding=\"async\" width=\"150\" height=\"150\" src=\"https:\/\/www.sinergiahumanitaria.cl\/portal\/wp-content\/uploads\/2025\/07\/laja2-150x150.jpg\" class=\"attachment-thumbnail size-thumbnail\" alt=\"\" srcset=\"https:\/\/www.sinergiahumanitaria.cl\/portal\/wp-content\/uploads\/2025\/07\/laja2-150x150.jpg 150w, https:\/\/www.sinergiahumanitaria.cl\/portal\/wp-content\/uploads\/2025\/07\/laja2-650x650.jpg 650w\" sizes=\"(max-width: 150px) 100vw, 150px\" \/><\/a>\n\t\t\t<\/dt><\/dl><br style=\"clear: both\" \/><dl class='gallery-item'>\n\t\t\t<dt class='gallery-icon landscape'>\n\t\t\t\t<a href='https:\/\/www.sinergiahumanitaria.cl\/portal\/wp-content\/uploads\/2025\/07\/laja3.jpg'><img loading=\"lazy\" decoding=\"async\" width=\"150\" height=\"150\" src=\"https:\/\/www.sinergiahumanitaria.cl\/portal\/wp-content\/uploads\/2025\/07\/laja3-150x150.jpg\" class=\"attachment-thumbnail size-thumbnail\" alt=\"\" srcset=\"https:\/\/www.sinergiahumanitaria.cl\/portal\/wp-content\/uploads\/2025\/07\/laja3-150x150.jpg 150w, https:\/\/www.sinergiahumanitaria.cl\/portal\/wp-content\/uploads\/2025\/07\/laja3-650x650.jpg 650w\" sizes=\"(max-width: 150px) 100vw, 150px\" \/><\/a>\n\t\t\t<\/dt><\/dl><dl class='gallery-item'>\n\t\t\t<dt class='gallery-icon landscape'>\n\t\t\t\t<a href='https:\/\/www.sinergiahumanitaria.cl\/portal\/wp-content\/uploads\/2025\/07\/laja4.jpg'><img loading=\"lazy\" decoding=\"async\" width=\"150\" height=\"150\" src=\"https:\/\/www.sinergiahumanitaria.cl\/portal\/wp-content\/uploads\/2025\/07\/laja4-150x150.jpg\" class=\"attachment-thumbnail size-thumbnail\" alt=\"\" srcset=\"https:\/\/www.sinergiahumanitaria.cl\/portal\/wp-content\/uploads\/2025\/07\/laja4-150x150.jpg 150w, https:\/\/www.sinergiahumanitaria.cl\/portal\/wp-content\/uploads\/2025\/07\/laja4-650x650.jpg 650w\" sizes=\"(max-width: 150px) 100vw, 150px\" \/><\/a>\n\t\t\t<\/dt><\/dl>\n\t\t\t<br style='clear: both' \/>\n\t\t<\/div>\n\n","protected":false},"excerpt":{"rendered":"<p>Desde la Fundaci\u00f3n Sinergia Humanitaria celebramos la entrega de ayudas t\u00e9cnicas en la comuna de Laja, una acci\u00f3n concreta que mejora la calidad de vida de personas con movilidad reducida, adultos mayores y vecinos que requieren atenci\u00f3n especial. \ud83e\uddbd\u2764\ufe0f Gracias a la colaboraci\u00f3n con la Municipalidad de Laja y el compromiso del alcalde Vladimir Fica [&hellip;]<\/p>\n","protected":false},"author":6,"featured_media":7914,"comment_status":"closed","ping_status":"open","sticky":false,"template":"","format":"standard","meta":{"footnotes":""},"categories":[83],"tags":[],"class_list":["post-7912","post","type-post","status-publish","format-standard","has-post-thumbnail","hentry","category-laja"],"yoast_head":"<!-- This site is optimized with the Yoast SEO plugin v27.5 - https:\/\/yoast.com\/product\/yoast-seo-wordpress\/ -->\n<title>Ceremonia de entrega de ayudas t\u00e9cnicas en Laja - Fundaci\u00f3n Sinergia Humanitaria<\/title>\n<meta name=\"robots\" content=\"index, follow, max-snippet:-1, max-image-preview:large, max-video-preview:-1\" \/>\n<link rel=\"canonical\" href=\"https:\/\/www.sinergiahumanitaria.cl\/portal\/2025\/07\/11\/ceremonia-de-entrega-de-ayudas-tecnicas-en-laja\/\" \/>\n<meta property=\"og:locale\" content=\"es_ES\" \/>\n<meta property=\"og:type\" content=\"article\" \/>\n<meta property=\"og:title\" content=\"Ceremonia de entrega de ayudas t\u00e9cnicas en Laja - Fundaci\u00f3n Sinergia Humanitaria\" \/>\n<meta property=\"og:description\" content=\"Desde la Fundaci\u00f3n Sinergia Humanitaria celebramos la entrega de ayudas t\u00e9cnicas en la comuna de Laja, una acci\u00f3n concreta que mejora la calidad de vida de personas con movilidad reducida, adultos mayores y vecinos que requieren atenci\u00f3n especial. \ud83e\uddbd\u2764\ufe0f Gracias a la colaboraci\u00f3n con la Municipalidad de Laja y el compromiso del alcalde Vladimir Fica [&hellip;]\" \/>\n<meta property=\"og:url\" content=\"https:\/\/www.sinergiahumanitaria.cl\/portal\/2025\/07\/11\/ceremonia-de-entrega-de-ayudas-tecnicas-en-laja\/\" \/>\n<meta property=\"og:site_name\" content=\"Fundaci\u00f3n Sinergia Humanitaria\" \/>\n<meta property=\"article:publisher\" content=\"https:\/\/www.facebook.com\/sinergiahumanitaria\/\" \/>\n<meta property=\"article:published_time\" content=\"2025-07-12T01:05:24+00:00\" \/>\n<meta property=\"og:image\" content=\"https:\/\/www.sinergiahumanitaria.cl\/portal\/wp-content\/uploads\/2025\/07\/DSC00335-scaled.jpg\" \/>\n\t<meta property=\"og:image:width\" content=\"2560\" \/>\n\t<meta property=\"og:image:height\" content=\"1922\" \/>\n\t<meta property=\"og:image:type\" content=\"image\/jpeg\" \/>\n<meta name=\"author\" content=\"pzavala\" \/>\n<meta name=\"twitter:card\" content=\"summary_large_image\" \/>\n<meta name=\"twitter:creator\" content=\"@fsinergiah\" \/>\n<meta name=\"twitter:site\" content=\"@fsinergiah\" \/>\n<meta name=\"twitter:label1\" content=\"Escrito por\" \/>\n\t<meta name=\"twitter:data1\" content=\"pzavala\" \/>\n\t<meta name=\"twitter:label2\" content=\"Tiempo estimado de lectura\" \/>\n\t<meta name=\"twitter:data2\" content=\"1 minuto\" \/>\n<script type=\"application\/ld+json\" class=\"yoast-schema-graph\">{\"@context\":\"https:\\\/\\\/schema.org\",\"@graph\":[{\"@type\":\"Article\",\"@id\":\"https:\\\/\\\/www.sinergiahumanitaria.cl\\\/portal\\\/2025\\\/07\\\/11\\\/ceremonia-de-entrega-de-ayudas-tecnicas-en-laja\\\/#article\",\"isPartOf\":{\"@id\":\"https:\\\/\\\/www.sinergiahumanitaria.cl\\\/portal\\\/2025\\\/07\\\/11\\\/ceremonia-de-entrega-de-ayudas-tecnicas-en-laja\\\/\"},\"author\":{\"name\":\"pzavala\",\"@id\":\"https:\\\/\\\/www.sinergiahumanitaria.cl\\\/portal\\\/#\\\/schema\\\/person\\\/6c21471c8460d29d6013c6d5196156ed\"},\"headline\":\"Ceremonia de entrega de ayudas t\u00e9cnicas en Laja\",\"datePublished\":\"2025-07-12T01:05:24+00:00\",\"mainEntityOfPage\":{\"@id\":\"https:\\\/\\\/www.sinergiahumanitaria.cl\\\/portal\\\/2025\\\/07\\\/11\\\/ceremonia-de-entrega-de-ayudas-tecnicas-en-laja\\\/\"},\"wordCount\":86,\"publisher\":{\"@id\":\"https:\\\/\\\/www.sinergiahumanitaria.cl\\\/portal\\\/#organization\"},\"image\":{\"@id\":\"https:\\\/\\\/www.sinergiahumanitaria.cl\\\/portal\\\/2025\\\/07\\\/11\\\/ceremonia-de-entrega-de-ayudas-tecnicas-en-laja\\\/#primaryimage\"},\"thumbnailUrl\":\"https:\\\/\\\/www.sinergiahumanitaria.cl\\\/portal\\\/wp-content\\\/uploads\\\/2025\\\/07\\\/DSC00335-scaled.jpg\",\"articleSection\":[\"Laja\"],\"inLanguage\":\"es-CL\"},{\"@type\":\"WebPage\",\"@id\":\"https:\\\/\\\/www.sinergiahumanitaria.cl\\\/portal\\\/2025\\\/07\\\/11\\\/ceremonia-de-entrega-de-ayudas-tecnicas-en-laja\\\/\",\"url\":\"https:\\\/\\\/www.sinergiahumanitaria.cl\\\/portal\\\/2025\\\/07\\\/11\\\/ceremonia-de-entrega-de-ayudas-tecnicas-en-laja\\\/\",\"name\":\"Ceremonia de entrega de ayudas t\u00e9cnicas en Laja - Fundaci\u00f3n Sinergia Humanitaria\",\"isPartOf\":{\"@id\":\"https:\\\/\\\/www.sinergiahumanitaria.cl\\\/portal\\\/#website\"},\"primaryImageOfPage\":{\"@id\":\"https:\\\/\\\/www.sinergiahumanitaria.cl\\\/portal\\\/2025\\\/07\\\/11\\\/ceremonia-de-entrega-de-ayudas-tecnicas-en-laja\\\/#primaryimage\"},\"image\":{\"@id\":\"https:\\\/\\\/www.sinergiahumanitaria.cl\\\/portal\\\/2025\\\/07\\\/11\\\/ceremonia-de-entrega-de-ayudas-tecnicas-en-laja\\\/#primaryimage\"},\"thumbnailUrl\":\"https:\\\/\\\/www.sinergiahumanitaria.cl\\\/portal\\\/wp-content\\\/uploads\\\/2025\\\/07\\\/DSC00335-scaled.jpg\",\"datePublished\":\"2025-07-12T01:05:24+00:00\",\"breadcrumb\":{\"@id\":\"https:\\\/\\\/www.sinergiahumanitaria.cl\\\/portal\\\/2025\\\/07\\\/11\\\/ceremonia-de-entrega-de-ayudas-tecnicas-en-laja\\\/#breadcrumb\"},\"inLanguage\":\"es-CL\",\"potentialAction\":[{\"@type\":\"ReadAction\",\"target\":[\"https:\\\/\\\/www.sinergiahumanitaria.cl\\\/portal\\\/2025\\\/07\\\/11\\\/ceremonia-de-entrega-de-ayudas-tecnicas-en-laja\\\/\"]}]},{\"@type\":\"ImageObject\",\"inLanguage\":\"es-CL\",\"@id\":\"https:\\\/\\\/www.sinergiahumanitaria.cl\\\/portal\\\/2025\\\/07\\\/11\\\/ceremonia-de-entrega-de-ayudas-tecnicas-en-laja\\\/#primaryimage\",\"url\":\"https:\\\/\\\/www.sinergiahumanitaria.cl\\\/portal\\\/wp-content\\\/uploads\\\/2025\\\/07\\\/DSC00335-scaled.jpg\",\"contentUrl\":\"https:\\\/\\\/www.sinergiahumanitaria.cl\\\/portal\\\/wp-content\\\/uploads\\\/2025\\\/07\\\/DSC00335-scaled.jpg\",\"width\":2560,\"height\":1922},{\"@type\":\"BreadcrumbList\",\"@id\":\"https:\\\/\\\/www.sinergiahumanitaria.cl\\\/portal\\\/2025\\\/07\\\/11\\\/ceremonia-de-entrega-de-ayudas-tecnicas-en-laja\\\/#breadcrumb\",\"itemListElement\":[{\"@type\":\"ListItem\",\"position\":1,\"name\":\"Portada\",\"item\":\"https:\\\/\\\/www.sinergiahumanitaria.cl\\\/portal\\\/\"},{\"@type\":\"ListItem\",\"position\":2,\"name\":\"Ceremonia de entrega de ayudas t\u00e9cnicas en Laja\"}]},{\"@type\":\"WebSite\",\"@id\":\"https:\\\/\\\/www.sinergiahumanitaria.cl\\\/portal\\\/#website\",\"url\":\"https:\\\/\\\/www.sinergiahumanitaria.cl\\\/portal\\\/\",\"name\":\"Fundaci\u00f3n Sinergia Humanitaria\",\"description\":\"Acci\u00f3n Solidaria desde 2001\",\"publisher\":{\"@id\":\"https:\\\/\\\/www.sinergiahumanitaria.cl\\\/portal\\\/#organization\"},\"potentialAction\":[{\"@type\":\"SearchAction\",\"target\":{\"@type\":\"EntryPoint\",\"urlTemplate\":\"https:\\\/\\\/www.sinergiahumanitaria.cl\\\/portal\\\/?s={search_term_string}\"},\"query-input\":{\"@type\":\"PropertyValueSpecification\",\"valueRequired\":true,\"valueName\":\"search_term_string\"}}],\"inLanguage\":\"es-CL\"},{\"@type\":\"Organization\",\"@id\":\"https:\\\/\\\/www.sinergiahumanitaria.cl\\\/portal\\\/#organization\",\"name\":\"Fundaci\u00f3n Sinergia Humanitaria\",\"url\":\"https:\\\/\\\/www.sinergiahumanitaria.cl\\\/portal\\\/\",\"logo\":{\"@type\":\"ImageObject\",\"inLanguage\":\"es-CL\",\"@id\":\"https:\\\/\\\/www.sinergiahumanitaria.cl\\\/portal\\\/#\\\/schema\\\/logo\\\/image\\\/\",\"url\":\"https:\\\/\\\/www.sinergiahumanitaria.cl\\\/portal\\\/wp-content\\\/uploads\\\/2020\\\/07\\\/LOGO-jpg-scaled.jpg\",\"contentUrl\":\"https:\\\/\\\/www.sinergiahumanitaria.cl\\\/portal\\\/wp-content\\\/uploads\\\/2020\\\/07\\\/LOGO-jpg-scaled.jpg\",\"width\":2560,\"height\":1440,\"caption\":\"Fundaci\u00f3n Sinergia Humanitaria\"},\"image\":{\"@id\":\"https:\\\/\\\/www.sinergiahumanitaria.cl\\\/portal\\\/#\\\/schema\\\/logo\\\/image\\\/\"},\"sameAs\":[\"https:\\\/\\\/www.facebook.com\\\/sinergiahumanitaria\\\/\",\"https:\\\/\\\/x.com\\\/fsinergiah\",\"https:\\\/\\\/www.instagram.com\\\/fsinergiah\\\/\"]},{\"@type\":\"Person\",\"@id\":\"https:\\\/\\\/www.sinergiahumanitaria.cl\\\/portal\\\/#\\\/schema\\\/person\\\/6c21471c8460d29d6013c6d5196156ed\",\"name\":\"pzavala\",\"image\":{\"@type\":\"ImageObject\",\"inLanguage\":\"es-CL\",\"@id\":\"https:\\\/\\\/secure.gravatar.com\\\/avatar\\\/3fca3b3977ef43d2b34e0b5d0849b0dc28d3e805e72577c02e835f10a9f05214?s=96&d=mm&r=g\",\"url\":\"https:\\\/\\\/secure.gravatar.com\\\/avatar\\\/3fca3b3977ef43d2b34e0b5d0849b0dc28d3e805e72577c02e835f10a9f05214?s=96&d=mm&r=g\",\"contentUrl\":\"https:\\\/\\\/secure.gravatar.com\\\/avatar\\\/3fca3b3977ef43d2b34e0b5d0849b0dc28d3e805e72577c02e835f10a9f05214?s=96&d=mm&r=g\",\"caption\":\"pzavala\"},\"url\":\"https:\\\/\\\/www.sinergiahumanitaria.cl\\\/portal\\\/author\\\/pzavala\\\/\"}]}<\/script>\n<!-- \/ Yoast SEO plugin. -->","yoast_head_json":{"title":"Ceremonia de entrega de ayudas t\u00e9cnicas en Laja - Fundaci\u00f3n Sinergia Humanitaria","robots":{"index":"index","follow":"follow","max-snippet":"max-snippet:-1","max-image-preview":"max-image-preview:large","max-video-preview":"max-video-preview:-1"},"canonical":"https:\/\/www.sinergiahumanitaria.cl\/portal\/2025\/07\/11\/ceremonia-de-entrega-de-ayudas-tecnicas-en-laja\/","og_locale":"es_ES","og_type":"article","og_title":"Ceremonia de entrega de ayudas t\u00e9cnicas en Laja - Fundaci\u00f3n Sinergia Humanitaria","og_description":"Desde la Fundaci\u00f3n Sinergia Humanitaria celebramos la entrega de ayudas t\u00e9cnicas en la comuna de Laja, una acci\u00f3n concreta que mejora la calidad de vida de personas con movilidad reducida, adultos mayores y vecinos que requieren atenci\u00f3n especial. \ud83e\uddbd\u2764\ufe0f Gracias a la colaboraci\u00f3n con la Municipalidad de Laja y el compromiso del alcalde Vladimir Fica [&hellip;]","og_url":"https:\/\/www.sinergiahumanitaria.cl\/portal\/2025\/07\/11\/ceremonia-de-entrega-de-ayudas-tecnicas-en-laja\/","og_site_name":"Fundaci\u00f3n Sinergia Humanitaria","article_publisher":"https:\/\/www.facebook.com\/sinergiahumanitaria\/","article_published_time":"2025-07-12T01:05:24+00:00","og_image":[{"width":2560,"height":1922,"url":"https:\/\/www.sinergiahumanitaria.cl\/portal\/wp-content\/uploads\/2025\/07\/DSC00335-scaled.jpg","type":"image\/jpeg"}],"author":"pzavala","twitter_card":"summary_large_image","twitter_creator":"@fsinergiah","twitter_site":"@fsinergiah","twitter_misc":{"Escrito por":"pzavala","Tiempo estimado de lectura":"1 minuto"},"schema":{"@context":"https:\/\/schema.org","@graph":[{"@type":"Article","@id":"https:\/\/www.sinergiahumanitaria.cl\/portal\/2025\/07\/11\/ceremonia-de-entrega-de-ayudas-tecnicas-en-laja\/#article","isPartOf":{"@id":"https:\/\/www.sinergiahumanitaria.cl\/portal\/2025\/07\/11\/ceremonia-de-entrega-de-ayudas-tecnicas-en-laja\/"},"author":{"name":"pzavala","@id":"https:\/\/www.sinergiahumanitaria.cl\/portal\/#\/schema\/person\/6c21471c8460d29d6013c6d5196156ed"},"headline":"Ceremonia de entrega de ayudas t\u00e9cnicas en Laja","datePublished":"2025-07-12T01:05:24+00:00","mainEntityOfPage":{"@id":"https:\/\/www.sinergiahumanitaria.cl\/portal\/2025\/07\/11\/ceremonia-de-entrega-de-ayudas-tecnicas-en-laja\/"},"wordCount":86,"publisher":{"@id":"https:\/\/www.sinergiahumanitaria.cl\/portal\/#organization"},"image":{"@id":"https:\/\/www.sinergiahumanitaria.cl\/portal\/2025\/07\/11\/ceremonia-de-entrega-de-ayudas-tecnicas-en-laja\/#primaryimage"},"thumbnailUrl":"https:\/\/www.sinergiahumanitaria.cl\/portal\/wp-content\/uploads\/2025\/07\/DSC00335-scaled.jpg","articleSection":["Laja"],"inLanguage":"es-CL"},{"@type":"WebPage","@id":"https:\/\/www.sinergiahumanitaria.cl\/portal\/2025\/07\/11\/ceremonia-de-entrega-de-ayudas-tecnicas-en-laja\/","url":"https:\/\/www.sinergiahumanitaria.cl\/portal\/2025\/07\/11\/ceremonia-de-entrega-de-ayudas-tecnicas-en-laja\/","name":"Ceremonia de entrega de ayudas t\u00e9cnicas en Laja - Fundaci\u00f3n Sinergia Humanitaria","isPartOf":{"@id":"https:\/\/www.sinergiahumanitaria.cl\/portal\/#website"},"primaryImageOfPage":{"@id":"https:\/\/www.sinergiahumanitaria.cl\/portal\/2025\/07\/11\/ceremonia-de-entrega-de-ayudas-tecnicas-en-laja\/#primaryimage"},"image":{"@id":"https:\/\/www.sinergiahumanitaria.cl\/portal\/2025\/07\/11\/ceremonia-de-entrega-de-ayudas-tecnicas-en-laja\/#primaryimage"},"thumbnailUrl":"https:\/\/www.sinergiahumanitaria.cl\/portal\/wp-content\/uploads\/2025\/07\/DSC00335-scaled.jpg","datePublished":"2025-07-12T01:05:24+00:00","breadcrumb":{"@id":"https:\/\/www.sinergiahumanitaria.cl\/portal\/2025\/07\/11\/ceremonia-de-entrega-de-ayudas-tecnicas-en-laja\/#breadcrumb"},"inLanguage":"es-CL","potentialAction":[{"@type":"ReadAction","target":["https:\/\/www.sinergiahumanitaria.cl\/portal\/2025\/07\/11\/ceremonia-de-entrega-de-ayudas-tecnicas-en-laja\/"]}]},{"@type":"ImageObject","inLanguage":"es-CL","@id":"https:\/\/www.sinergiahumanitaria.cl\/portal\/2025\/07\/11\/ceremonia-de-entrega-de-ayudas-tecnicas-en-laja\/#primaryimage","url":"https:\/\/www.sinergiahumanitaria.cl\/portal\/wp-content\/uploads\/2025\/07\/DSC00335-scaled.jpg","contentUrl":"https:\/\/www.sinergiahumanitaria.cl\/portal\/wp-content\/uploads\/2025\/07\/DSC00335-scaled.jpg","width":2560,"height":1922},{"@type":"BreadcrumbList","@id":"https:\/\/www.sinergiahumanitaria.cl\/portal\/2025\/07\/11\/ceremonia-de-entrega-de-ayudas-tecnicas-en-laja\/#breadcrumb","itemListElement":[{"@type":"ListItem","position":1,"name":"Portada","item":"https:\/\/www.sinergiahumanitaria.cl\/portal\/"},{"@type":"ListItem","position":2,"name":"Ceremonia de entrega de ayudas t\u00e9cnicas en Laja"}]},{"@type":"WebSite","@id":"https:\/\/www.sinergiahumanitaria.cl\/portal\/#website","url":"https:\/\/www.sinergiahumanitaria.cl\/portal\/","name":"Fundaci\u00f3n Sinergia Humanitaria","description":"Acci\u00f3n Solidaria desde 2001","publisher":{"@id":"https:\/\/www.sinergiahumanitaria.cl\/portal\/#organization"},"potentialAction":[{"@type":"SearchAction","target":{"@type":"EntryPoint","urlTemplate":"https:\/\/www.sinergiahumanitaria.cl\/portal\/?s={search_term_string}"},"query-input":{"@type":"PropertyValueSpecification","valueRequired":true,"valueName":"search_term_string"}}],"inLanguage":"es-CL"},{"@type":"Organization","@id":"https:\/\/www.sinergiahumanitaria.cl\/portal\/#organization","name":"Fundaci\u00f3n Sinergia Humanitaria","url":"https:\/\/www.sinergiahumanitaria.cl\/portal\/","logo":{"@type":"ImageObject","inLanguage":"es-CL","@id":"https:\/\/www.sinergiahumanitaria.cl\/portal\/#\/schema\/logo\/image\/","url":"https:\/\/www.sinergiahumanitaria.cl\/portal\/wp-content\/uploads\/2020\/07\/LOGO-jpg-scaled.jpg","contentUrl":"https:\/\/www.sinergiahumanitaria.cl\/portal\/wp-content\/uploads\/2020\/07\/LOGO-jpg-scaled.jpg","width":2560,"height":1440,"caption":"Fundaci\u00f3n Sinergia Humanitaria"},"image":{"@id":"https:\/\/www.sinergiahumanitaria.cl\/portal\/#\/schema\/logo\/image\/"},"sameAs":["https:\/\/www.facebook.com\/sinergiahumanitaria\/","https:\/\/x.com\/fsinergiah","https:\/\/www.instagram.com\/fsinergiah\/"]},{"@type":"Person","@id":"https:\/\/www.sinergiahumanitaria.cl\/portal\/#\/schema\/person\/6c21471c8460d29d6013c6d5196156ed","name":"pzavala","image":{"@type":"ImageObject","inLanguage":"es-CL","@id":"https:\/\/secure.gravatar.com\/avatar\/3fca3b3977ef43d2b34e0b5d0849b0dc28d3e805e72577c02e835f10a9f05214?s=96&d=mm&r=g","url":"https:\/\/secure.gravatar.com\/avatar\/3fca3b3977ef43d2b34e0b5d0849b0dc28d3e805e72577c02e835f10a9f05214?s=96&d=mm&r=g","contentUrl":"https:\/\/secure.gravatar.com\/avatar\/3fca3b3977ef43d2b34e0b5d0849b0dc28d3e805e72577c02e835f10a9f05214?s=96&d=mm&r=g","caption":"pzavala"},"url":"https:\/\/www.sinergiahumanitaria.cl\/portal\/author\/pzavala\/"}]}},"_links":{"self":[{"href":"https:\/\/www.sinergiahumanitaria.cl\/portal\/wp-json\/wp\/v2\/posts\/7912","targetHints":{"allow":["GET"]}}],"collection":[{"href":"https:\/\/www.sinergiahumanitaria.cl\/portal\/wp-json\/wp\/v2\/posts"}],"about":[{"href":"https:\/\/www.sinergiahumanitaria.cl\/portal\/wp-json\/wp\/v2\/types\/post"}],"author":[{"embeddable":true,"href":"https:\/\/www.sinergiahumanitaria.cl\/portal\/wp-json\/wp\/v2\/users\/6"}],"replies":[{"embeddable":true,"href":"https:\/\/www.sinergiahumanitaria.cl\/portal\/wp-json\/wp\/v2\/comments?post=7912"}],"version-history":[{"count":1,"href":"https:\/\/www.sinergiahumanitaria.cl\/portal\/wp-json\/wp\/v2\/posts\/7912\/revisions"}],"predecessor-version":[{"id":7928,"href":"https:\/\/www.sinergiahumanitaria.cl\/portal\/wp-json\/wp\/v2\/posts\/7912\/revisions\/7928"}],"wp:featuredmedia":[{"embeddable":true,"href":"https:\/\/www.sinergiahumanitaria.cl\/portal\/wp-json\/wp\/v2\/media\/7914"}],"wp:attachment":[{"href":"https:\/\/www.sinergiahumanitaria.cl\/portal\/wp-json\/wp\/v2\/media?parent=7912"}],"wp:term":[{"taxonomy":"category","embeddable":true,"href":"https:\/\/www.sinergiahumanitaria.cl\/portal\/wp-json\/wp\/v2\/categories?post=7912"},{"taxonomy":"post_tag","embeddable":true,"href":"https:\/\/www.sinergiahumanitaria.cl\/portal\/wp-json\/wp\/v2\/tags?post=7912"}],"curies":[{"name":"wp","href":"https:\/\/api.w.org\/{rel}","templated":true}]}}