{"id":8041,"date":"2025-10-17T17:17:34","date_gmt":"2025-10-17T20:17:34","guid":{"rendered":"https:\/\/www.sinergiahumanitaria.cl\/portal\/?p=8041"},"modified":"2025-10-17T17:17:34","modified_gmt":"2025-10-17T20:17:34","slug":"fundacion-sinergia-humanitaria-firma-convenio-de-colaboracion-con-la-corporacion-municipal-de-dalcahue","status":"publish","type":"post","link":"https:\/\/www.sinergiahumanitaria.cl\/portal\/2025\/10\/17\/fundacion-sinergia-humanitaria-firma-convenio-de-colaboracion-con-la-corporacion-municipal-de-dalcahue\/","title":{"rendered":"Fundaci\u00f3n Sinergia Humanitaria firma convenio de colaboraci\u00f3n con la Corporaci\u00f3n Municipal de Dalcahue"},"content":{"rendered":"<p data-start=\"360\" data-end=\"722\">En <strong data-start=\"363\" data-end=\"397\">Fundaci\u00f3n Sinergia Humanitaria<\/strong> reafirmamos nuestro compromiso con el desarrollo social y comunitario del pa\u00eds.<br data-start=\"477\" data-end=\"480\" \/>Nuestro Presidente, <strong data-start=\"500\" data-end=\"523\">Jos\u00e9 Luis Balmaceda <\/strong>y nuestra Directora, <strong>Ana Eugenia Garc\u00eda<\/strong> visitaron la comuna de <strong data-start=\"545\" data-end=\"557\">Dalcahue<\/strong> para concretar la <strong data-start=\"576\" data-end=\"616\">firma de un convenio de colaboraci\u00f3n<\/strong> con la <strong data-start=\"624\" data-end=\"661\">Corporaci\u00f3n Municipal de Dalcahue<\/strong>, encabezada por la alcaldesa <strong data-start=\"691\" data-end=\"719\">Mar\u00eda Alejandra Villegas<\/strong>.<\/p>\n<p data-start=\"724\" data-end=\"949\">Este acuerdo busca <strong data-start=\"743\" data-end=\"821\">fortalecer el trabajo conjunto en beneficio de los habitantes de la comuna<\/strong>, promoviendo iniciativas que contribuyan al <strong data-start=\"866\" data-end=\"927\">bienestar, la inclusi\u00f3n y la mejora de la calidad de vida<\/strong> de sus comunidades.<\/p>\n<p data-start=\"1250\" data-end=\"1399\">\ud83d\udc99 En Fundaci\u00f3n Sinergia Humanitaria creemos que la colaboraci\u00f3n y el compromiso local son el camino para construir un pa\u00eds m\u00e1s humano y solidario.<\/p>\n<p data-start=\"1250\" data-end=\"1399\">Video: Municipio de Dalcahue.<\/p>\n<p><iframe title=\"Sinergia Humanitaria firma convenio de colaboraci\u00f3n con la Corporaci\u00f3n Municipal de Dalcahue\" width=\"1300\" height=\"731\" src=\"https:\/\/www.youtube.com\/embed\/F8RCpZUWkzA?feature=oembed\" frameborder=\"0\" allow=\"accelerometer; autoplay; clipboard-write; encrypted-media; gyroscope; picture-in-picture; web-share\" referrerpolicy=\"strict-origin-when-cross-origin\" allowfullscreen><\/iframe><\/p>\n","protected":false},"excerpt":{"rendered":"<p>En Fundaci\u00f3n Sinergia Humanitaria reafirmamos nuestro compromiso con el desarrollo social y comunitario del pa\u00eds.Nuestro Presidente, Jos\u00e9 Luis Balmaceda y nuestra Directora, Ana Eugenia Garc\u00eda visitaron la comuna de Dalcahue para concretar la firma de un convenio de colaboraci\u00f3n con la Corporaci\u00f3n Municipal de Dalcahue, encabezada por la alcaldesa Mar\u00eda Alejandra Villegas. Este acuerdo busca [&hellip;]<\/p>\n","protected":false},"author":6,"featured_media":8039,"comment_status":"open","ping_status":"open","sticky":false,"template":"","format":"standard","meta":{"footnotes":""},"categories":[85,14],"tags":[],"class_list":["post-8041","post","type-post","status-publish","format-standard","has-post-thumbnail","hentry","category-dalcahue","category-noticias"],"yoast_head":"<!-- This site is optimized with the Yoast SEO plugin v27.5 - https:\/\/yoast.com\/product\/yoast-seo-wordpress\/ -->\n<title>Fundaci\u00f3n Sinergia Humanitaria firma convenio de colaboraci\u00f3n con la Corporaci\u00f3n Municipal de Dalcahue - Fundaci\u00f3n Sinergia Humanitaria<\/title>\n<meta name=\"robots\" content=\"index, follow, max-snippet:-1, max-image-preview:large, max-video-preview:-1\" \/>\n<link rel=\"canonical\" href=\"https:\/\/www.sinergiahumanitaria.cl\/portal\/2025\/10\/17\/fundacion-sinergia-humanitaria-firma-convenio-de-colaboracion-con-la-corporacion-municipal-de-dalcahue\/\" \/>\n<meta property=\"og:locale\" content=\"es_ES\" \/>\n<meta property=\"og:type\" content=\"article\" \/>\n<meta property=\"og:title\" content=\"Fundaci\u00f3n Sinergia Humanitaria firma convenio de colaboraci\u00f3n con la Corporaci\u00f3n Municipal de Dalcahue - Fundaci\u00f3n Sinergia Humanitaria\" \/>\n<meta property=\"og:description\" content=\"En Fundaci\u00f3n Sinergia Humanitaria reafirmamos nuestro compromiso con el desarrollo social y comunitario del pa\u00eds.Nuestro Presidente, Jos\u00e9 Luis Balmaceda y nuestra Directora, Ana Eugenia Garc\u00eda visitaron la comuna de Dalcahue para concretar la firma de un convenio de colaboraci\u00f3n con la Corporaci\u00f3n Municipal de Dalcahue, encabezada por la alcaldesa Mar\u00eda Alejandra Villegas. Este acuerdo busca [&hellip;]\" \/>\n<meta property=\"og:url\" content=\"https:\/\/www.sinergiahumanitaria.cl\/portal\/2025\/10\/17\/fundacion-sinergia-humanitaria-firma-convenio-de-colaboracion-con-la-corporacion-municipal-de-dalcahue\/\" \/>\n<meta property=\"og:site_name\" content=\"Fundaci\u00f3n Sinergia Humanitaria\" \/>\n<meta property=\"article:publisher\" content=\"https:\/\/www.facebook.com\/sinergiahumanitaria\/\" \/>\n<meta property=\"article:published_time\" content=\"2025-10-17T20:17:34+00:00\" \/>\n<meta property=\"og:image\" content=\"https:\/\/www.sinergiahumanitaria.cl\/portal\/wp-content\/uploads\/2025\/10\/3.jpeg\" \/>\n\t<meta property=\"og:image:width\" content=\"960\" \/>\n\t<meta property=\"og:image:height\" content=\"1280\" \/>\n\t<meta property=\"og:image:type\" content=\"image\/jpeg\" \/>\n<meta name=\"author\" content=\"pzavala\" \/>\n<meta name=\"twitter:card\" content=\"summary_large_image\" \/>\n<meta name=\"twitter:creator\" content=\"@fsinergiah\" \/>\n<meta name=\"twitter:site\" content=\"@fsinergiah\" \/>\n<meta name=\"twitter:label1\" content=\"Escrito por\" \/>\n\t<meta name=\"twitter:data1\" content=\"pzavala\" \/>\n\t<meta name=\"twitter:label2\" content=\"Tiempo estimado de lectura\" \/>\n\t<meta name=\"twitter:data2\" content=\"1 minuto\" \/>\n<script type=\"application\/ld+json\" class=\"yoast-schema-graph\">{\"@context\":\"https:\\\/\\\/schema.org\",\"@graph\":[{\"@type\":\"Article\",\"@id\":\"https:\\\/\\\/www.sinergiahumanitaria.cl\\\/portal\\\/2025\\\/10\\\/17\\\/fundacion-sinergia-humanitaria-firma-convenio-de-colaboracion-con-la-corporacion-municipal-de-dalcahue\\\/#article\",\"isPartOf\":{\"@id\":\"https:\\\/\\\/www.sinergiahumanitaria.cl\\\/portal\\\/2025\\\/10\\\/17\\\/fundacion-sinergia-humanitaria-firma-convenio-de-colaboracion-con-la-corporacion-municipal-de-dalcahue\\\/\"},\"author\":{\"name\":\"pzavala\",\"@id\":\"https:\\\/\\\/www.sinergiahumanitaria.cl\\\/portal\\\/#\\\/schema\\\/person\\\/6c21471c8460d29d6013c6d5196156ed\"},\"headline\":\"Fundaci\u00f3n Sinergia Humanitaria firma convenio de colaboraci\u00f3n con la Corporaci\u00f3n Municipal de Dalcahue\",\"datePublished\":\"2025-10-17T20:17:34+00:00\",\"mainEntityOfPage\":{\"@id\":\"https:\\\/\\\/www.sinergiahumanitaria.cl\\\/portal\\\/2025\\\/10\\\/17\\\/fundacion-sinergia-humanitaria-firma-convenio-de-colaboracion-con-la-corporacion-municipal-de-dalcahue\\\/\"},\"wordCount\":146,\"commentCount\":0,\"publisher\":{\"@id\":\"https:\\\/\\\/www.sinergiahumanitaria.cl\\\/portal\\\/#organization\"},\"image\":{\"@id\":\"https:\\\/\\\/www.sinergiahumanitaria.cl\\\/portal\\\/2025\\\/10\\\/17\\\/fundacion-sinergia-humanitaria-firma-convenio-de-colaboracion-con-la-corporacion-municipal-de-dalcahue\\\/#primaryimage\"},\"thumbnailUrl\":\"https:\\\/\\\/www.sinergiahumanitaria.cl\\\/portal\\\/wp-content\\\/uploads\\\/2025\\\/10\\\/3.jpeg\",\"articleSection\":[\"Dalcahue\",\"Noticias\"],\"inLanguage\":\"es-CL\",\"potentialAction\":[{\"@type\":\"CommentAction\",\"name\":\"Comment\",\"target\":[\"https:\\\/\\\/www.sinergiahumanitaria.cl\\\/portal\\\/2025\\\/10\\\/17\\\/fundacion-sinergia-humanitaria-firma-convenio-de-colaboracion-con-la-corporacion-municipal-de-dalcahue\\\/#respond\"]}]},{\"@type\":\"WebPage\",\"@id\":\"https:\\\/\\\/www.sinergiahumanitaria.cl\\\/portal\\\/2025\\\/10\\\/17\\\/fundacion-sinergia-humanitaria-firma-convenio-de-colaboracion-con-la-corporacion-municipal-de-dalcahue\\\/\",\"url\":\"https:\\\/\\\/www.sinergiahumanitaria.cl\\\/portal\\\/2025\\\/10\\\/17\\\/fundacion-sinergia-humanitaria-firma-convenio-de-colaboracion-con-la-corporacion-municipal-de-dalcahue\\\/\",\"name\":\"Fundaci\u00f3n Sinergia Humanitaria firma convenio de colaboraci\u00f3n con la Corporaci\u00f3n Municipal de Dalcahue - Fundaci\u00f3n Sinergia Humanitaria\",\"isPartOf\":{\"@id\":\"https:\\\/\\\/www.sinergiahumanitaria.cl\\\/portal\\\/#website\"},\"primaryImageOfPage\":{\"@id\":\"https:\\\/\\\/www.sinergiahumanitaria.cl\\\/portal\\\/2025\\\/10\\\/17\\\/fundacion-sinergia-humanitaria-firma-convenio-de-colaboracion-con-la-corporacion-municipal-de-dalcahue\\\/#primaryimage\"},\"image\":{\"@id\":\"https:\\\/\\\/www.sinergiahumanitaria.cl\\\/portal\\\/2025\\\/10\\\/17\\\/fundacion-sinergia-humanitaria-firma-convenio-de-colaboracion-con-la-corporacion-municipal-de-dalcahue\\\/#primaryimage\"},\"thumbnailUrl\":\"https:\\\/\\\/www.sinergiahumanitaria.cl\\\/portal\\\/wp-content\\\/uploads\\\/2025\\\/10\\\/3.jpeg\",\"datePublished\":\"2025-10-17T20:17:34+00:00\",\"breadcrumb\":{\"@id\":\"https:\\\/\\\/www.sinergiahumanitaria.cl\\\/portal\\\/2025\\\/10\\\/17\\\/fundacion-sinergia-humanitaria-firma-convenio-de-colaboracion-con-la-corporacion-municipal-de-dalcahue\\\/#breadcrumb\"},\"inLanguage\":\"es-CL\",\"potentialAction\":[{\"@type\":\"ReadAction\",\"target\":[\"https:\\\/\\\/www.sinergiahumanitaria.cl\\\/portal\\\/2025\\\/10\\\/17\\\/fundacion-sinergia-humanitaria-firma-convenio-de-colaboracion-con-la-corporacion-municipal-de-dalcahue\\\/\"]}]},{\"@type\":\"ImageObject\",\"inLanguage\":\"es-CL\",\"@id\":\"https:\\\/\\\/www.sinergiahumanitaria.cl\\\/portal\\\/2025\\\/10\\\/17\\\/fundacion-sinergia-humanitaria-firma-convenio-de-colaboracion-con-la-corporacion-municipal-de-dalcahue\\\/#primaryimage\",\"url\":\"https:\\\/\\\/www.sinergiahumanitaria.cl\\\/portal\\\/wp-content\\\/uploads\\\/2025\\\/10\\\/3.jpeg\",\"contentUrl\":\"https:\\\/\\\/www.sinergiahumanitaria.cl\\\/portal\\\/wp-content\\\/uploads\\\/2025\\\/10\\\/3.jpeg\",\"width\":960,\"height\":1280},{\"@type\":\"BreadcrumbList\",\"@id\":\"https:\\\/\\\/www.sinergiahumanitaria.cl\\\/portal\\\/2025\\\/10\\\/17\\\/fundacion-sinergia-humanitaria-firma-convenio-de-colaboracion-con-la-corporacion-municipal-de-dalcahue\\\/#breadcrumb\",\"itemListElement\":[{\"@type\":\"ListItem\",\"position\":1,\"name\":\"Portada\",\"item\":\"https:\\\/\\\/www.sinergiahumanitaria.cl\\\/portal\\\/\"},{\"@type\":\"ListItem\",\"position\":2,\"name\":\"Fundaci\u00f3n Sinergia Humanitaria firma convenio de colaboraci\u00f3n con la Corporaci\u00f3n Municipal de Dalcahue\"}]},{\"@type\":\"WebSite\",\"@id\":\"https:\\\/\\\/www.sinergiahumanitaria.cl\\\/portal\\\/#website\",\"url\":\"https:\\\/\\\/www.sinergiahumanitaria.cl\\\/portal\\\/\",\"name\":\"Fundaci\u00f3n Sinergia Humanitaria\",\"description\":\"Acci\u00f3n Solidaria desde 2001\",\"publisher\":{\"@id\":\"https:\\\/\\\/www.sinergiahumanitaria.cl\\\/portal\\\/#organization\"},\"potentialAction\":[{\"@type\":\"SearchAction\",\"target\":{\"@type\":\"EntryPoint\",\"urlTemplate\":\"https:\\\/\\\/www.sinergiahumanitaria.cl\\\/portal\\\/?s={search_term_string}\"},\"query-input\":{\"@type\":\"PropertyValueSpecification\",\"valueRequired\":true,\"valueName\":\"search_term_string\"}}],\"inLanguage\":\"es-CL\"},{\"@type\":\"Organization\",\"@id\":\"https:\\\/\\\/www.sinergiahumanitaria.cl\\\/portal\\\/#organization\",\"name\":\"Fundaci\u00f3n Sinergia Humanitaria\",\"url\":\"https:\\\/\\\/www.sinergiahumanitaria.cl\\\/portal\\\/\",\"logo\":{\"@type\":\"ImageObject\",\"inLanguage\":\"es-CL\",\"@id\":\"https:\\\/\\\/www.sinergiahumanitaria.cl\\\/portal\\\/#\\\/schema\\\/logo\\\/image\\\/\",\"url\":\"https:\\\/\\\/www.sinergiahumanitaria.cl\\\/portal\\\/wp-content\\\/uploads\\\/2020\\\/07\\\/LOGO-jpg-scaled.jpg\",\"contentUrl\":\"https:\\\/\\\/www.sinergiahumanitaria.cl\\\/portal\\\/wp-content\\\/uploads\\\/2020\\\/07\\\/LOGO-jpg-scaled.jpg\",\"width\":2560,\"height\":1440,\"caption\":\"Fundaci\u00f3n Sinergia Humanitaria\"},\"image\":{\"@id\":\"https:\\\/\\\/www.sinergiahumanitaria.cl\\\/portal\\\/#\\\/schema\\\/logo\\\/image\\\/\"},\"sameAs\":[\"https:\\\/\\\/www.facebook.com\\\/sinergiahumanitaria\\\/\",\"https:\\\/\\\/x.com\\\/fsinergiah\",\"https:\\\/\\\/www.instagram.com\\\/fsinergiah\\\/\"]},{\"@type\":\"Person\",\"@id\":\"https:\\\/\\\/www.sinergiahumanitaria.cl\\\/portal\\\/#\\\/schema\\\/person\\\/6c21471c8460d29d6013c6d5196156ed\",\"name\":\"pzavala\",\"image\":{\"@type\":\"ImageObject\",\"inLanguage\":\"es-CL\",\"@id\":\"https:\\\/\\\/secure.gravatar.com\\\/avatar\\\/3fca3b3977ef43d2b34e0b5d0849b0dc28d3e805e72577c02e835f10a9f05214?s=96&d=mm&r=g\",\"url\":\"https:\\\/\\\/secure.gravatar.com\\\/avatar\\\/3fca3b3977ef43d2b34e0b5d0849b0dc28d3e805e72577c02e835f10a9f05214?s=96&d=mm&r=g\",\"contentUrl\":\"https:\\\/\\\/secure.gravatar.com\\\/avatar\\\/3fca3b3977ef43d2b34e0b5d0849b0dc28d3e805e72577c02e835f10a9f05214?s=96&d=mm&r=g\",\"caption\":\"pzavala\"},\"url\":\"https:\\\/\\\/www.sinergiahumanitaria.cl\\\/portal\\\/author\\\/pzavala\\\/\"}]}<\/script>\n<!-- \/ Yoast SEO plugin. -->","yoast_head_json":{"title":"Fundaci\u00f3n Sinergia Humanitaria firma convenio de colaboraci\u00f3n con la Corporaci\u00f3n Municipal de Dalcahue - Fundaci\u00f3n Sinergia Humanitaria","robots":{"index":"index","follow":"follow","max-snippet":"max-snippet:-1","max-image-preview":"max-image-preview:large","max-video-preview":"max-video-preview:-1"},"canonical":"https:\/\/www.sinergiahumanitaria.cl\/portal\/2025\/10\/17\/fundacion-sinergia-humanitaria-firma-convenio-de-colaboracion-con-la-corporacion-municipal-de-dalcahue\/","og_locale":"es_ES","og_type":"article","og_title":"Fundaci\u00f3n Sinergia Humanitaria firma convenio de colaboraci\u00f3n con la Corporaci\u00f3n Municipal de Dalcahue - Fundaci\u00f3n Sinergia Humanitaria","og_description":"En Fundaci\u00f3n Sinergia Humanitaria reafirmamos nuestro compromiso con el desarrollo social y comunitario del pa\u00eds.Nuestro Presidente, Jos\u00e9 Luis Balmaceda y nuestra Directora, Ana Eugenia Garc\u00eda visitaron la comuna de Dalcahue para concretar la firma de un convenio de colaboraci\u00f3n con la Corporaci\u00f3n Municipal de Dalcahue, encabezada por la alcaldesa Mar\u00eda Alejandra Villegas. Este acuerdo busca [&hellip;]","og_url":"https:\/\/www.sinergiahumanitaria.cl\/portal\/2025\/10\/17\/fundacion-sinergia-humanitaria-firma-convenio-de-colaboracion-con-la-corporacion-municipal-de-dalcahue\/","og_site_name":"Fundaci\u00f3n Sinergia Humanitaria","article_publisher":"https:\/\/www.facebook.com\/sinergiahumanitaria\/","article_published_time":"2025-10-17T20:17:34+00:00","og_image":[{"width":960,"height":1280,"url":"https:\/\/www.sinergiahumanitaria.cl\/portal\/wp-content\/uploads\/2025\/10\/3.jpeg","type":"image\/jpeg"}],"author":"pzavala","twitter_card":"summary_large_image","twitter_creator":"@fsinergiah","twitter_site":"@fsinergiah","twitter_misc":{"Escrito por":"pzavala","Tiempo estimado de lectura":"1 minuto"},"schema":{"@context":"https:\/\/schema.org","@graph":[{"@type":"Article","@id":"https:\/\/www.sinergiahumanitaria.cl\/portal\/2025\/10\/17\/fundacion-sinergia-humanitaria-firma-convenio-de-colaboracion-con-la-corporacion-municipal-de-dalcahue\/#article","isPartOf":{"@id":"https:\/\/www.sinergiahumanitaria.cl\/portal\/2025\/10\/17\/fundacion-sinergia-humanitaria-firma-convenio-de-colaboracion-con-la-corporacion-municipal-de-dalcahue\/"},"author":{"name":"pzavala","@id":"https:\/\/www.sinergiahumanitaria.cl\/portal\/#\/schema\/person\/6c21471c8460d29d6013c6d5196156ed"},"headline":"Fundaci\u00f3n Sinergia Humanitaria firma convenio de colaboraci\u00f3n con la Corporaci\u00f3n Municipal de Dalcahue","datePublished":"2025-10-17T20:17:34+00:00","mainEntityOfPage":{"@id":"https:\/\/www.sinergiahumanitaria.cl\/portal\/2025\/10\/17\/fundacion-sinergia-humanitaria-firma-convenio-de-colaboracion-con-la-corporacion-municipal-de-dalcahue\/"},"wordCount":146,"commentCount":0,"publisher":{"@id":"https:\/\/www.sinergiahumanitaria.cl\/portal\/#organization"},"image":{"@id":"https:\/\/www.sinergiahumanitaria.cl\/portal\/2025\/10\/17\/fundacion-sinergia-humanitaria-firma-convenio-de-colaboracion-con-la-corporacion-municipal-de-dalcahue\/#primaryimage"},"thumbnailUrl":"https:\/\/www.sinergiahumanitaria.cl\/portal\/wp-content\/uploads\/2025\/10\/3.jpeg","articleSection":["Dalcahue","Noticias"],"inLanguage":"es-CL","potentialAction":[{"@type":"CommentAction","name":"Comment","target":["https:\/\/www.sinergiahumanitaria.cl\/portal\/2025\/10\/17\/fundacion-sinergia-humanitaria-firma-convenio-de-colaboracion-con-la-corporacion-municipal-de-dalcahue\/#respond"]}]},{"@type":"WebPage","@id":"https:\/\/www.sinergiahumanitaria.cl\/portal\/2025\/10\/17\/fundacion-sinergia-humanitaria-firma-convenio-de-colaboracion-con-la-corporacion-municipal-de-dalcahue\/","url":"https:\/\/www.sinergiahumanitaria.cl\/portal\/2025\/10\/17\/fundacion-sinergia-humanitaria-firma-convenio-de-colaboracion-con-la-corporacion-municipal-de-dalcahue\/","name":"Fundaci\u00f3n Sinergia Humanitaria firma convenio de colaboraci\u00f3n con la Corporaci\u00f3n Municipal de Dalcahue - Fundaci\u00f3n Sinergia Humanitaria","isPartOf":{"@id":"https:\/\/www.sinergiahumanitaria.cl\/portal\/#website"},"primaryImageOfPage":{"@id":"https:\/\/www.sinergiahumanitaria.cl\/portal\/2025\/10\/17\/fundacion-sinergia-humanitaria-firma-convenio-de-colaboracion-con-la-corporacion-municipal-de-dalcahue\/#primaryimage"},"image":{"@id":"https:\/\/www.sinergiahumanitaria.cl\/portal\/2025\/10\/17\/fundacion-sinergia-humanitaria-firma-convenio-de-colaboracion-con-la-corporacion-municipal-de-dalcahue\/#primaryimage"},"thumbnailUrl":"https:\/\/www.sinergiahumanitaria.cl\/portal\/wp-content\/uploads\/2025\/10\/3.jpeg","datePublished":"2025-10-17T20:17:34+00:00","breadcrumb":{"@id":"https:\/\/www.sinergiahumanitaria.cl\/portal\/2025\/10\/17\/fundacion-sinergia-humanitaria-firma-convenio-de-colaboracion-con-la-corporacion-municipal-de-dalcahue\/#breadcrumb"},"inLanguage":"es-CL","potentialAction":[{"@type":"ReadAction","target":["https:\/\/www.sinergiahumanitaria.cl\/portal\/2025\/10\/17\/fundacion-sinergia-humanitaria-firma-convenio-de-colaboracion-con-la-corporacion-municipal-de-dalcahue\/"]}]},{"@type":"ImageObject","inLanguage":"es-CL","@id":"https:\/\/www.sinergiahumanitaria.cl\/portal\/2025\/10\/17\/fundacion-sinergia-humanitaria-firma-convenio-de-colaboracion-con-la-corporacion-municipal-de-dalcahue\/#primaryimage","url":"https:\/\/www.sinergiahumanitaria.cl\/portal\/wp-content\/uploads\/2025\/10\/3.jpeg","contentUrl":"https:\/\/www.sinergiahumanitaria.cl\/portal\/wp-content\/uploads\/2025\/10\/3.jpeg","width":960,"height":1280},{"@type":"BreadcrumbList","@id":"https:\/\/www.sinergiahumanitaria.cl\/portal\/2025\/10\/17\/fundacion-sinergia-humanitaria-firma-convenio-de-colaboracion-con-la-corporacion-municipal-de-dalcahue\/#breadcrumb","itemListElement":[{"@type":"ListItem","position":1,"name":"Portada","item":"https:\/\/www.sinergiahumanitaria.cl\/portal\/"},{"@type":"ListItem","position":2,"name":"Fundaci\u00f3n Sinergia Humanitaria firma convenio de colaboraci\u00f3n con la Corporaci\u00f3n Municipal de Dalcahue"}]},{"@type":"WebSite","@id":"https:\/\/www.sinergiahumanitaria.cl\/portal\/#website","url":"https:\/\/www.sinergiahumanitaria.cl\/portal\/","name":"Fundaci\u00f3n Sinergia Humanitaria","description":"Acci\u00f3n Solidaria desde 2001","publisher":{"@id":"https:\/\/www.sinergiahumanitaria.cl\/portal\/#organization"},"potentialAction":[{"@type":"SearchAction","target":{"@type":"EntryPoint","urlTemplate":"https:\/\/www.sinergiahumanitaria.cl\/portal\/?s={search_term_string}"},"query-input":{"@type":"PropertyValueSpecification","valueRequired":true,"valueName":"search_term_string"}}],"inLanguage":"es-CL"},{"@type":"Organization","@id":"https:\/\/www.sinergiahumanitaria.cl\/portal\/#organization","name":"Fundaci\u00f3n Sinergia Humanitaria","url":"https:\/\/www.sinergiahumanitaria.cl\/portal\/","logo":{"@type":"ImageObject","inLanguage":"es-CL","@id":"https:\/\/www.sinergiahumanitaria.cl\/portal\/#\/schema\/logo\/image\/","url":"https:\/\/www.sinergiahumanitaria.cl\/portal\/wp-content\/uploads\/2020\/07\/LOGO-jpg-scaled.jpg","contentUrl":"https:\/\/www.sinergiahumanitaria.cl\/portal\/wp-content\/uploads\/2020\/07\/LOGO-jpg-scaled.jpg","width":2560,"height":1440,"caption":"Fundaci\u00f3n Sinergia Humanitaria"},"image":{"@id":"https:\/\/www.sinergiahumanitaria.cl\/portal\/#\/schema\/logo\/image\/"},"sameAs":["https:\/\/www.facebook.com\/sinergiahumanitaria\/","https:\/\/x.com\/fsinergiah","https:\/\/www.instagram.com\/fsinergiah\/"]},{"@type":"Person","@id":"https:\/\/www.sinergiahumanitaria.cl\/portal\/#\/schema\/person\/6c21471c8460d29d6013c6d5196156ed","name":"pzavala","image":{"@type":"ImageObject","inLanguage":"es-CL","@id":"https:\/\/secure.gravatar.com\/avatar\/3fca3b3977ef43d2b34e0b5d0849b0dc28d3e805e72577c02e835f10a9f05214?s=96&d=mm&r=g","url":"https:\/\/secure.gravatar.com\/avatar\/3fca3b3977ef43d2b34e0b5d0849b0dc28d3e805e72577c02e835f10a9f05214?s=96&d=mm&r=g","contentUrl":"https:\/\/secure.gravatar.com\/avatar\/3fca3b3977ef43d2b34e0b5d0849b0dc28d3e805e72577c02e835f10a9f05214?s=96&d=mm&r=g","caption":"pzavala"},"url":"https:\/\/www.sinergiahumanitaria.cl\/portal\/author\/pzavala\/"}]}},"_links":{"self":[{"href":"https:\/\/www.sinergiahumanitaria.cl\/portal\/wp-json\/wp\/v2\/posts\/8041","targetHints":{"allow":["GET"]}}],"collection":[{"href":"https:\/\/www.sinergiahumanitaria.cl\/portal\/wp-json\/wp\/v2\/posts"}],"about":[{"href":"https:\/\/www.sinergiahumanitaria.cl\/portal\/wp-json\/wp\/v2\/types\/post"}],"author":[{"embeddable":true,"href":"https:\/\/www.sinergiahumanitaria.cl\/portal\/wp-json\/wp\/v2\/users\/6"}],"replies":[{"embeddable":true,"href":"https:\/\/www.sinergiahumanitaria.cl\/portal\/wp-json\/wp\/v2\/comments?post=8041"}],"version-history":[{"count":3,"href":"https:\/\/www.sinergiahumanitaria.cl\/portal\/wp-json\/wp\/v2\/posts\/8041\/revisions"}],"predecessor-version":[{"id":8044,"href":"https:\/\/www.sinergiahumanitaria.cl\/portal\/wp-json\/wp\/v2\/posts\/8041\/revisions\/8044"}],"wp:featuredmedia":[{"embeddable":true,"href":"https:\/\/www.sinergiahumanitaria.cl\/portal\/wp-json\/wp\/v2\/media\/8039"}],"wp:attachment":[{"href":"https:\/\/www.sinergiahumanitaria.cl\/portal\/wp-json\/wp\/v2\/media?parent=8041"}],"wp:term":[{"taxonomy":"category","embeddable":true,"href":"https:\/\/www.sinergiahumanitaria.cl\/portal\/wp-json\/wp\/v2\/categories?post=8041"},{"taxonomy":"post_tag","embeddable":true,"href":"https:\/\/www.sinergiahumanitaria.cl\/portal\/wp-json\/wp\/v2\/tags?post=8041"}],"curies":[{"name":"wp","href":"https:\/\/api.w.org\/{rel}","templated":true}]}}