{"id":806,"date":"2017-07-16T08:00:57","date_gmt":"2017-07-16T08:00:57","guid":{"rendered":"https:\/\/sinergiahumanitaria.cl\/portal\/?p=806"},"modified":"2025-09-05T11:30:33","modified_gmt":"2025-09-05T15:30:33","slug":"brigada-de-bomberos-de-cerro-castillo-cuentan-con-nuevo-y-moderno-carro-bomba","status":"publish","type":"post","link":"https:\/\/www.sinergiahumanitaria.cl\/portal\/2017\/07\/16\/brigada-de-bomberos-de-cerro-castillo-cuentan-con-nuevo-y-moderno-carro-bomba\/","title":{"rendered":"Brigada de Bomberos de Cerro Castillo cuentan con nuevo y moderno carro bomba"},"content":{"rendered":"<p><em>Gracias a m\u00faltiples gestiones llevadas adelante por el Municipio de R\u00edo Ib\u00e1\u00f1ez y la colaboraci\u00f3n de Fundaci\u00f3n Sinergia este lunes Villa Cerro Castillo vio concretado el sue\u00f1o de tener un nuevo carro bomba disponible para el servicio a la comunidad.<\/em><\/p>\n<p>El pasado lunes y con la asistencia de toda la comunidad, el Alcalde de R\u00edo Ib\u00e1\u00f1ez Marcelo Santana, directivos de las Fundaciones Sinergia Humanitaria y Patagonia e integrantes de la Brigada de Bomberos de Villa Cerro Castillo y la V Compa\u00f1\u00eda de Puerto Ib\u00e1\u00f1ez, se llev\u00f3 adelante la entrega de un nuevo Carro de Bomba para esta localidad, gesti\u00f3n encabezada por la Municipalidad de R\u00edo Ib\u00e1\u00f1ez y que cont\u00f3 con la donaci\u00f3n venida directamente desde la Ciudad de Lausana en Suiza.<\/p>\n<p>De\u00a0esta manera, la brigada dependiente de la V Compa\u00f1\u00eda de Bomberos de Puerto Ib\u00e1\u00f1ez tiene ya en operaciones esta nueva m\u00e1quina que permitir\u00e1 estar mejor preparados ante futuras emergencias.<\/p>\n<p>As\u00ed lo detallo Luis Hern\u00e1ndez \u00c1lvarez, director de la Brigada de Bomberos de Cerro Castillo quien junto con agradecer esta donaci\u00f3n manifest\u00f3 que \u201cla topograf\u00eda, la realidad de Villa Cerro Castillo nos obliga a tener un equipamiento de esta naturaleza son de dif\u00edcil acceso, las condiciones clim\u00e1ticas son diversas y muy extremas y eso todo el mundo lo sabe, por lo tanto la eficacia del servicio va a depender exclusivamente de este material, que podamos llegar donde mande la emergencia y que seamos efectivos en esa atenci\u00f3n, obviamente que nos cambia toda la estructura contar hoy con este nuevo carro\u201d.<\/p>\n<p>Para Sylvain Scherz, Comandante de Bomberos de Lausana en Suiza esta visita, que cont\u00f3 no solo con su presencia en esta actividad sino en todas las localidades de la Comuna manifiesta que \u201ces un momento muy especial para un tiempo que empieza, es un gran apoyo que realizamos hacia las autoridades y desde all\u00ed a la comunidad, espero ver a los bomberos muy contentos y comprometidos en el futuro por la entrega de este nuevo carro\u201d.<\/p>\n<p>Jos\u00e9 Luis Balmaceda, Director Ejecutivo de Fundaci\u00f3n Sinergia Humanitaria y ex embajador de Chile en Suiza recalc\u00f3 el trabajo conjunto que han venido realizando desde hace ya varios meses junto al municipio de R\u00edo Ib\u00e1\u00f1ez y que nuevamente se ve concretado en la entrega de esta \u00a0maquinaria, en este sentido el diplom\u00e1tico recalc\u00f3 que \u201c para la Fundaci\u00f3n Sinergia Humanitaria ha sido tremendamente gratificante contribuir con una iniciativa del Alcalde Santana en el sentido de proveerlos de un carro bomba para la recientemente formada brigada de Cerro Castillo. Nuestra intenci\u00f3n con respecto a Bomberos es que nuestra primera gesti\u00f3n con respecto a la demanda de un carro contin\u00fae con una capacitaci\u00f3n que se est\u00e1 ofreciendo en Suiza\u201d.<\/p>\n<p>Para el Alcalde de R\u00edo Ib\u00e1\u00f1ez, Marcelo Santana, quien encabez\u00f3 esta iniciativa la concreci\u00f3n de este anhelado sue\u00f1o viene a ratificar el trabajo conjunto entre instituciones p\u00fablico-privadas para favorecer el desarrollo integral de la Comuna, con ello agrega que \u201cpara nosotros es un hito important\u00edsimo, partimos reactivando la brigada de Bomberos con la ayuda de vecinos de Cerro Castillo quienes han estado muy motivados a que la Villa pueda contar r\u00e1pido con su brigada y en ese sentido el municipio ha sido fundamental, ha sido un pie y una base para que esto vaya ocurriendo de la mejor manera. Esta gesti\u00f3n nos llena de satisfacci\u00f3n y orgullo porque en el corto plazo pudimos resolver este tema que estaba pendiente desde hace tantos a\u00f1os\u201d.<\/p>\n<p>Junto con la entrega de este nuevo y moderno Carro Bomba adem\u00e1s la donaci\u00f3n consisti\u00f3 en equipamiento de protecci\u00f3n personal completo. En el corto plazo y a partir de la entrega en comodato por parte de la municipalidad de un terreno, se espera contar adem\u00e1s con un cuartel que cuente con todas las condiciones que permitan un mejor servicio a toda la comunidad.<\/p>\n<p><em><strong>https:\/\/rioibanez.cl\/v4\/2017\/07\/20\/brigada-de-bomberos-de-cerro-castillo-cuentan-con-nuevo-y-moderno-carro-bomba\/\u00a0<\/strong><\/em><\/p>\n","protected":false},"excerpt":{"rendered":"<p>Gracias a m\u00faltiples gestiones llevadas adelante por el Municipio de R\u00edo Ib\u00e1\u00f1ez y la colaboraci\u00f3n de Fundaci\u00f3n Sinergia este lunes Villa Cerro Castillo vio concretado el sue\u00f1o de tener un nuevo carro bomba disponible para el servicio a la comunidad. El pasado lunes y con la asistencia de toda la comunidad, el Alcalde de R\u00edo [&hellip;]<\/p>\n","protected":false},"author":1,"featured_media":942,"comment_status":"closed","ping_status":"open","sticky":false,"template":"","format":"standard","meta":{"footnotes":""},"categories":[14],"tags":[],"class_list":["post-806","post","type-post","status-publish","format-standard","has-post-thumbnail","hentry","category-noticias"],"yoast_head":"<!-- This site is optimized with the Yoast SEO plugin v27.5 - https:\/\/yoast.com\/product\/yoast-seo-wordpress\/ -->\n<title>Brigada de Bomberos de Cerro Castillo cuentan con nuevo y moderno carro bomba - Fundaci\u00f3n Sinergia Humanitaria<\/title>\n<meta name=\"robots\" content=\"index, follow, max-snippet:-1, max-image-preview:large, max-video-preview:-1\" \/>\n<link rel=\"canonical\" href=\"https:\/\/www.sinergiahumanitaria.cl\/portal\/2017\/07\/16\/brigada-de-bomberos-de-cerro-castillo-cuentan-con-nuevo-y-moderno-carro-bomba\/\" \/>\n<meta property=\"og:locale\" content=\"es_ES\" \/>\n<meta property=\"og:type\" content=\"article\" \/>\n<meta property=\"og:title\" content=\"Brigada de Bomberos de Cerro Castillo cuentan con nuevo y moderno carro bomba - Fundaci\u00f3n Sinergia Humanitaria\" \/>\n<meta property=\"og:description\" content=\"Gracias a m\u00faltiples gestiones llevadas adelante por el Municipio de R\u00edo Ib\u00e1\u00f1ez y la colaboraci\u00f3n de Fundaci\u00f3n Sinergia este lunes Villa Cerro Castillo vio concretado el sue\u00f1o de tener un nuevo carro bomba disponible para el servicio a la comunidad. El pasado lunes y con la asistencia de toda la comunidad, el Alcalde de R\u00edo [&hellip;]\" \/>\n<meta property=\"og:url\" content=\"https:\/\/www.sinergiahumanitaria.cl\/portal\/2017\/07\/16\/brigada-de-bomberos-de-cerro-castillo-cuentan-con-nuevo-y-moderno-carro-bomba\/\" \/>\n<meta property=\"og:site_name\" content=\"Fundaci\u00f3n Sinergia Humanitaria\" \/>\n<meta property=\"article:publisher\" content=\"https:\/\/www.facebook.com\/sinergiahumanitaria\/\" \/>\n<meta property=\"article:published_time\" content=\"2017-07-16T08:00:57+00:00\" \/>\n<meta property=\"article:modified_time\" content=\"2025-09-05T15:30:33+00:00\" \/>\n<meta property=\"og:image\" content=\"https:\/\/www.sinergiahumanitaria.cl\/portal\/wp-content\/uploads\/2017\/07\/LOGO-MRI.jpg\" \/>\n\t<meta property=\"og:image:width\" content=\"500\" \/>\n\t<meta property=\"og:image:height\" content=\"500\" \/>\n\t<meta property=\"og:image:type\" content=\"image\/jpeg\" \/>\n<meta name=\"author\" content=\"pastudillo\" \/>\n<meta name=\"twitter:card\" content=\"summary_large_image\" \/>\n<meta name=\"twitter:creator\" content=\"@fsinergiah\" \/>\n<meta name=\"twitter:site\" content=\"@fsinergiah\" \/>\n<meta name=\"twitter:label1\" content=\"Escrito por\" \/>\n\t<meta name=\"twitter:data1\" content=\"pastudillo\" \/>\n\t<meta name=\"twitter:label2\" content=\"Tiempo estimado de lectura\" \/>\n\t<meta name=\"twitter:data2\" content=\"3 minutos\" \/>\n<script type=\"application\/ld+json\" class=\"yoast-schema-graph\">{\"@context\":\"https:\\\/\\\/schema.org\",\"@graph\":[{\"@type\":\"Article\",\"@id\":\"https:\\\/\\\/www.sinergiahumanitaria.cl\\\/portal\\\/2017\\\/07\\\/16\\\/brigada-de-bomberos-de-cerro-castillo-cuentan-con-nuevo-y-moderno-carro-bomba\\\/#article\",\"isPartOf\":{\"@id\":\"https:\\\/\\\/www.sinergiahumanitaria.cl\\\/portal\\\/2017\\\/07\\\/16\\\/brigada-de-bomberos-de-cerro-castillo-cuentan-con-nuevo-y-moderno-carro-bomba\\\/\"},\"author\":{\"name\":\"pastudillo\",\"@id\":\"https:\\\/\\\/www.sinergiahumanitaria.cl\\\/portal\\\/#\\\/schema\\\/person\\\/e8e4653f85fbcf3e7472bfc4be4c2673\"},\"headline\":\"Brigada de Bomberos de Cerro Castillo cuentan con nuevo y moderno carro bomba\",\"datePublished\":\"2017-07-16T08:00:57+00:00\",\"dateModified\":\"2025-09-05T15:30:33+00:00\",\"mainEntityOfPage\":{\"@id\":\"https:\\\/\\\/www.sinergiahumanitaria.cl\\\/portal\\\/2017\\\/07\\\/16\\\/brigada-de-bomberos-de-cerro-castillo-cuentan-con-nuevo-y-moderno-carro-bomba\\\/\"},\"wordCount\":693,\"publisher\":{\"@id\":\"https:\\\/\\\/www.sinergiahumanitaria.cl\\\/portal\\\/#organization\"},\"image\":{\"@id\":\"https:\\\/\\\/www.sinergiahumanitaria.cl\\\/portal\\\/2017\\\/07\\\/16\\\/brigada-de-bomberos-de-cerro-castillo-cuentan-con-nuevo-y-moderno-carro-bomba\\\/#primaryimage\"},\"thumbnailUrl\":\"https:\\\/\\\/www.sinergiahumanitaria.cl\\\/portal\\\/wp-content\\\/uploads\\\/2017\\\/07\\\/LOGO-MRI.jpg\",\"articleSection\":[\"Noticias\"],\"inLanguage\":\"es-CL\"},{\"@type\":\"WebPage\",\"@id\":\"https:\\\/\\\/www.sinergiahumanitaria.cl\\\/portal\\\/2017\\\/07\\\/16\\\/brigada-de-bomberos-de-cerro-castillo-cuentan-con-nuevo-y-moderno-carro-bomba\\\/\",\"url\":\"https:\\\/\\\/www.sinergiahumanitaria.cl\\\/portal\\\/2017\\\/07\\\/16\\\/brigada-de-bomberos-de-cerro-castillo-cuentan-con-nuevo-y-moderno-carro-bomba\\\/\",\"name\":\"Brigada de Bomberos de Cerro Castillo cuentan con nuevo y moderno carro bomba - Fundaci\u00f3n Sinergia Humanitaria\",\"isPartOf\":{\"@id\":\"https:\\\/\\\/www.sinergiahumanitaria.cl\\\/portal\\\/#website\"},\"primaryImageOfPage\":{\"@id\":\"https:\\\/\\\/www.sinergiahumanitaria.cl\\\/portal\\\/2017\\\/07\\\/16\\\/brigada-de-bomberos-de-cerro-castillo-cuentan-con-nuevo-y-moderno-carro-bomba\\\/#primaryimage\"},\"image\":{\"@id\":\"https:\\\/\\\/www.sinergiahumanitaria.cl\\\/portal\\\/2017\\\/07\\\/16\\\/brigada-de-bomberos-de-cerro-castillo-cuentan-con-nuevo-y-moderno-carro-bomba\\\/#primaryimage\"},\"thumbnailUrl\":\"https:\\\/\\\/www.sinergiahumanitaria.cl\\\/portal\\\/wp-content\\\/uploads\\\/2017\\\/07\\\/LOGO-MRI.jpg\",\"datePublished\":\"2017-07-16T08:00:57+00:00\",\"dateModified\":\"2025-09-05T15:30:33+00:00\",\"breadcrumb\":{\"@id\":\"https:\\\/\\\/www.sinergiahumanitaria.cl\\\/portal\\\/2017\\\/07\\\/16\\\/brigada-de-bomberos-de-cerro-castillo-cuentan-con-nuevo-y-moderno-carro-bomba\\\/#breadcrumb\"},\"inLanguage\":\"es-CL\",\"potentialAction\":[{\"@type\":\"ReadAction\",\"target\":[\"https:\\\/\\\/www.sinergiahumanitaria.cl\\\/portal\\\/2017\\\/07\\\/16\\\/brigada-de-bomberos-de-cerro-castillo-cuentan-con-nuevo-y-moderno-carro-bomba\\\/\"]}]},{\"@type\":\"ImageObject\",\"inLanguage\":\"es-CL\",\"@id\":\"https:\\\/\\\/www.sinergiahumanitaria.cl\\\/portal\\\/2017\\\/07\\\/16\\\/brigada-de-bomberos-de-cerro-castillo-cuentan-con-nuevo-y-moderno-carro-bomba\\\/#primaryimage\",\"url\":\"https:\\\/\\\/www.sinergiahumanitaria.cl\\\/portal\\\/wp-content\\\/uploads\\\/2017\\\/07\\\/LOGO-MRI.jpg\",\"contentUrl\":\"https:\\\/\\\/www.sinergiahumanitaria.cl\\\/portal\\\/wp-content\\\/uploads\\\/2017\\\/07\\\/LOGO-MRI.jpg\",\"width\":500,\"height\":500},{\"@type\":\"BreadcrumbList\",\"@id\":\"https:\\\/\\\/www.sinergiahumanitaria.cl\\\/portal\\\/2017\\\/07\\\/16\\\/brigada-de-bomberos-de-cerro-castillo-cuentan-con-nuevo-y-moderno-carro-bomba\\\/#breadcrumb\",\"itemListElement\":[{\"@type\":\"ListItem\",\"position\":1,\"name\":\"Portada\",\"item\":\"https:\\\/\\\/www.sinergiahumanitaria.cl\\\/portal\\\/\"},{\"@type\":\"ListItem\",\"position\":2,\"name\":\"Brigada de Bomberos de Cerro Castillo cuentan con nuevo y moderno carro bomba\"}]},{\"@type\":\"WebSite\",\"@id\":\"https:\\\/\\\/www.sinergiahumanitaria.cl\\\/portal\\\/#website\",\"url\":\"https:\\\/\\\/www.sinergiahumanitaria.cl\\\/portal\\\/\",\"name\":\"Fundaci\u00f3n Sinergia Humanitaria\",\"description\":\"Acci\u00f3n Solidaria desde 2001\",\"publisher\":{\"@id\":\"https:\\\/\\\/www.sinergiahumanitaria.cl\\\/portal\\\/#organization\"},\"potentialAction\":[{\"@type\":\"SearchAction\",\"target\":{\"@type\":\"EntryPoint\",\"urlTemplate\":\"https:\\\/\\\/www.sinergiahumanitaria.cl\\\/portal\\\/?s={search_term_string}\"},\"query-input\":{\"@type\":\"PropertyValueSpecification\",\"valueRequired\":true,\"valueName\":\"search_term_string\"}}],\"inLanguage\":\"es-CL\"},{\"@type\":\"Organization\",\"@id\":\"https:\\\/\\\/www.sinergiahumanitaria.cl\\\/portal\\\/#organization\",\"name\":\"Fundaci\u00f3n Sinergia Humanitaria\",\"url\":\"https:\\\/\\\/www.sinergiahumanitaria.cl\\\/portal\\\/\",\"logo\":{\"@type\":\"ImageObject\",\"inLanguage\":\"es-CL\",\"@id\":\"https:\\\/\\\/www.sinergiahumanitaria.cl\\\/portal\\\/#\\\/schema\\\/logo\\\/image\\\/\",\"url\":\"https:\\\/\\\/www.sinergiahumanitaria.cl\\\/portal\\\/wp-content\\\/uploads\\\/2020\\\/07\\\/LOGO-jpg-scaled.jpg\",\"contentUrl\":\"https:\\\/\\\/www.sinergiahumanitaria.cl\\\/portal\\\/wp-content\\\/uploads\\\/2020\\\/07\\\/LOGO-jpg-scaled.jpg\",\"width\":2560,\"height\":1440,\"caption\":\"Fundaci\u00f3n Sinergia Humanitaria\"},\"image\":{\"@id\":\"https:\\\/\\\/www.sinergiahumanitaria.cl\\\/portal\\\/#\\\/schema\\\/logo\\\/image\\\/\"},\"sameAs\":[\"https:\\\/\\\/www.facebook.com\\\/sinergiahumanitaria\\\/\",\"https:\\\/\\\/x.com\\\/fsinergiah\",\"https:\\\/\\\/www.instagram.com\\\/fsinergiah\\\/\"]},{\"@type\":\"Person\",\"@id\":\"https:\\\/\\\/www.sinergiahumanitaria.cl\\\/portal\\\/#\\\/schema\\\/person\\\/e8e4653f85fbcf3e7472bfc4be4c2673\",\"name\":\"pastudillo\",\"image\":{\"@type\":\"ImageObject\",\"inLanguage\":\"es-CL\",\"@id\":\"https:\\\/\\\/secure.gravatar.com\\\/avatar\\\/24edc107527e6583e7be6e6408f8815c5b03530718f2848cb4875a5502cb9c12?s=96&d=mm&r=g\",\"url\":\"https:\\\/\\\/secure.gravatar.com\\\/avatar\\\/24edc107527e6583e7be6e6408f8815c5b03530718f2848cb4875a5502cb9c12?s=96&d=mm&r=g\",\"contentUrl\":\"https:\\\/\\\/secure.gravatar.com\\\/avatar\\\/24edc107527e6583e7be6e6408f8815c5b03530718f2848cb4875a5502cb9c12?s=96&d=mm&r=g\",\"caption\":\"pastudillo\"},\"url\":\"https:\\\/\\\/www.sinergiahumanitaria.cl\\\/portal\\\/author\\\/pastudillo\\\/\"}]}<\/script>\n<!-- \/ Yoast SEO plugin. -->","yoast_head_json":{"title":"Brigada de Bomberos de Cerro Castillo cuentan con nuevo y moderno carro bomba - Fundaci\u00f3n Sinergia Humanitaria","robots":{"index":"index","follow":"follow","max-snippet":"max-snippet:-1","max-image-preview":"max-image-preview:large","max-video-preview":"max-video-preview:-1"},"canonical":"https:\/\/www.sinergiahumanitaria.cl\/portal\/2017\/07\/16\/brigada-de-bomberos-de-cerro-castillo-cuentan-con-nuevo-y-moderno-carro-bomba\/","og_locale":"es_ES","og_type":"article","og_title":"Brigada de Bomberos de Cerro Castillo cuentan con nuevo y moderno carro bomba - Fundaci\u00f3n Sinergia Humanitaria","og_description":"Gracias a m\u00faltiples gestiones llevadas adelante por el Municipio de R\u00edo Ib\u00e1\u00f1ez y la colaboraci\u00f3n de Fundaci\u00f3n Sinergia este lunes Villa Cerro Castillo vio concretado el sue\u00f1o de tener un nuevo carro bomba disponible para el servicio a la comunidad. El pasado lunes y con la asistencia de toda la comunidad, el Alcalde de R\u00edo [&hellip;]","og_url":"https:\/\/www.sinergiahumanitaria.cl\/portal\/2017\/07\/16\/brigada-de-bomberos-de-cerro-castillo-cuentan-con-nuevo-y-moderno-carro-bomba\/","og_site_name":"Fundaci\u00f3n Sinergia Humanitaria","article_publisher":"https:\/\/www.facebook.com\/sinergiahumanitaria\/","article_published_time":"2017-07-16T08:00:57+00:00","article_modified_time":"2025-09-05T15:30:33+00:00","og_image":[{"width":500,"height":500,"url":"https:\/\/www.sinergiahumanitaria.cl\/portal\/wp-content\/uploads\/2017\/07\/LOGO-MRI.jpg","type":"image\/jpeg"}],"author":"pastudillo","twitter_card":"summary_large_image","twitter_creator":"@fsinergiah","twitter_site":"@fsinergiah","twitter_misc":{"Escrito por":"pastudillo","Tiempo estimado de lectura":"3 minutos"},"schema":{"@context":"https:\/\/schema.org","@graph":[{"@type":"Article","@id":"https:\/\/www.sinergiahumanitaria.cl\/portal\/2017\/07\/16\/brigada-de-bomberos-de-cerro-castillo-cuentan-con-nuevo-y-moderno-carro-bomba\/#article","isPartOf":{"@id":"https:\/\/www.sinergiahumanitaria.cl\/portal\/2017\/07\/16\/brigada-de-bomberos-de-cerro-castillo-cuentan-con-nuevo-y-moderno-carro-bomba\/"},"author":{"name":"pastudillo","@id":"https:\/\/www.sinergiahumanitaria.cl\/portal\/#\/schema\/person\/e8e4653f85fbcf3e7472bfc4be4c2673"},"headline":"Brigada de Bomberos de Cerro Castillo cuentan con nuevo y moderno carro bomba","datePublished":"2017-07-16T08:00:57+00:00","dateModified":"2025-09-05T15:30:33+00:00","mainEntityOfPage":{"@id":"https:\/\/www.sinergiahumanitaria.cl\/portal\/2017\/07\/16\/brigada-de-bomberos-de-cerro-castillo-cuentan-con-nuevo-y-moderno-carro-bomba\/"},"wordCount":693,"publisher":{"@id":"https:\/\/www.sinergiahumanitaria.cl\/portal\/#organization"},"image":{"@id":"https:\/\/www.sinergiahumanitaria.cl\/portal\/2017\/07\/16\/brigada-de-bomberos-de-cerro-castillo-cuentan-con-nuevo-y-moderno-carro-bomba\/#primaryimage"},"thumbnailUrl":"https:\/\/www.sinergiahumanitaria.cl\/portal\/wp-content\/uploads\/2017\/07\/LOGO-MRI.jpg","articleSection":["Noticias"],"inLanguage":"es-CL"},{"@type":"WebPage","@id":"https:\/\/www.sinergiahumanitaria.cl\/portal\/2017\/07\/16\/brigada-de-bomberos-de-cerro-castillo-cuentan-con-nuevo-y-moderno-carro-bomba\/","url":"https:\/\/www.sinergiahumanitaria.cl\/portal\/2017\/07\/16\/brigada-de-bomberos-de-cerro-castillo-cuentan-con-nuevo-y-moderno-carro-bomba\/","name":"Brigada de Bomberos de Cerro Castillo cuentan con nuevo y moderno carro bomba - Fundaci\u00f3n Sinergia Humanitaria","isPartOf":{"@id":"https:\/\/www.sinergiahumanitaria.cl\/portal\/#website"},"primaryImageOfPage":{"@id":"https:\/\/www.sinergiahumanitaria.cl\/portal\/2017\/07\/16\/brigada-de-bomberos-de-cerro-castillo-cuentan-con-nuevo-y-moderno-carro-bomba\/#primaryimage"},"image":{"@id":"https:\/\/www.sinergiahumanitaria.cl\/portal\/2017\/07\/16\/brigada-de-bomberos-de-cerro-castillo-cuentan-con-nuevo-y-moderno-carro-bomba\/#primaryimage"},"thumbnailUrl":"https:\/\/www.sinergiahumanitaria.cl\/portal\/wp-content\/uploads\/2017\/07\/LOGO-MRI.jpg","datePublished":"2017-07-16T08:00:57+00:00","dateModified":"2025-09-05T15:30:33+00:00","breadcrumb":{"@id":"https:\/\/www.sinergiahumanitaria.cl\/portal\/2017\/07\/16\/brigada-de-bomberos-de-cerro-castillo-cuentan-con-nuevo-y-moderno-carro-bomba\/#breadcrumb"},"inLanguage":"es-CL","potentialAction":[{"@type":"ReadAction","target":["https:\/\/www.sinergiahumanitaria.cl\/portal\/2017\/07\/16\/brigada-de-bomberos-de-cerro-castillo-cuentan-con-nuevo-y-moderno-carro-bomba\/"]}]},{"@type":"ImageObject","inLanguage":"es-CL","@id":"https:\/\/www.sinergiahumanitaria.cl\/portal\/2017\/07\/16\/brigada-de-bomberos-de-cerro-castillo-cuentan-con-nuevo-y-moderno-carro-bomba\/#primaryimage","url":"https:\/\/www.sinergiahumanitaria.cl\/portal\/wp-content\/uploads\/2017\/07\/LOGO-MRI.jpg","contentUrl":"https:\/\/www.sinergiahumanitaria.cl\/portal\/wp-content\/uploads\/2017\/07\/LOGO-MRI.jpg","width":500,"height":500},{"@type":"BreadcrumbList","@id":"https:\/\/www.sinergiahumanitaria.cl\/portal\/2017\/07\/16\/brigada-de-bomberos-de-cerro-castillo-cuentan-con-nuevo-y-moderno-carro-bomba\/#breadcrumb","itemListElement":[{"@type":"ListItem","position":1,"name":"Portada","item":"https:\/\/www.sinergiahumanitaria.cl\/portal\/"},{"@type":"ListItem","position":2,"name":"Brigada de Bomberos de Cerro Castillo cuentan con nuevo y moderno carro bomba"}]},{"@type":"WebSite","@id":"https:\/\/www.sinergiahumanitaria.cl\/portal\/#website","url":"https:\/\/www.sinergiahumanitaria.cl\/portal\/","name":"Fundaci\u00f3n Sinergia Humanitaria","description":"Acci\u00f3n Solidaria desde 2001","publisher":{"@id":"https:\/\/www.sinergiahumanitaria.cl\/portal\/#organization"},"potentialAction":[{"@type":"SearchAction","target":{"@type":"EntryPoint","urlTemplate":"https:\/\/www.sinergiahumanitaria.cl\/portal\/?s={search_term_string}"},"query-input":{"@type":"PropertyValueSpecification","valueRequired":true,"valueName":"search_term_string"}}],"inLanguage":"es-CL"},{"@type":"Organization","@id":"https:\/\/www.sinergiahumanitaria.cl\/portal\/#organization","name":"Fundaci\u00f3n Sinergia Humanitaria","url":"https:\/\/www.sinergiahumanitaria.cl\/portal\/","logo":{"@type":"ImageObject","inLanguage":"es-CL","@id":"https:\/\/www.sinergiahumanitaria.cl\/portal\/#\/schema\/logo\/image\/","url":"https:\/\/www.sinergiahumanitaria.cl\/portal\/wp-content\/uploads\/2020\/07\/LOGO-jpg-scaled.jpg","contentUrl":"https:\/\/www.sinergiahumanitaria.cl\/portal\/wp-content\/uploads\/2020\/07\/LOGO-jpg-scaled.jpg","width":2560,"height":1440,"caption":"Fundaci\u00f3n Sinergia Humanitaria"},"image":{"@id":"https:\/\/www.sinergiahumanitaria.cl\/portal\/#\/schema\/logo\/image\/"},"sameAs":["https:\/\/www.facebook.com\/sinergiahumanitaria\/","https:\/\/x.com\/fsinergiah","https:\/\/www.instagram.com\/fsinergiah\/"]},{"@type":"Person","@id":"https:\/\/www.sinergiahumanitaria.cl\/portal\/#\/schema\/person\/e8e4653f85fbcf3e7472bfc4be4c2673","name":"pastudillo","image":{"@type":"ImageObject","inLanguage":"es-CL","@id":"https:\/\/secure.gravatar.com\/avatar\/24edc107527e6583e7be6e6408f8815c5b03530718f2848cb4875a5502cb9c12?s=96&d=mm&r=g","url":"https:\/\/secure.gravatar.com\/avatar\/24edc107527e6583e7be6e6408f8815c5b03530718f2848cb4875a5502cb9c12?s=96&d=mm&r=g","contentUrl":"https:\/\/secure.gravatar.com\/avatar\/24edc107527e6583e7be6e6408f8815c5b03530718f2848cb4875a5502cb9c12?s=96&d=mm&r=g","caption":"pastudillo"},"url":"https:\/\/www.sinergiahumanitaria.cl\/portal\/author\/pastudillo\/"}]}},"_links":{"self":[{"href":"https:\/\/www.sinergiahumanitaria.cl\/portal\/wp-json\/wp\/v2\/posts\/806","targetHints":{"allow":["GET"]}}],"collection":[{"href":"https:\/\/www.sinergiahumanitaria.cl\/portal\/wp-json\/wp\/v2\/posts"}],"about":[{"href":"https:\/\/www.sinergiahumanitaria.cl\/portal\/wp-json\/wp\/v2\/types\/post"}],"author":[{"embeddable":true,"href":"https:\/\/www.sinergiahumanitaria.cl\/portal\/wp-json\/wp\/v2\/users\/1"}],"replies":[{"embeddable":true,"href":"https:\/\/www.sinergiahumanitaria.cl\/portal\/wp-json\/wp\/v2\/comments?post=806"}],"version-history":[{"count":1,"href":"https:\/\/www.sinergiahumanitaria.cl\/portal\/wp-json\/wp\/v2\/posts\/806\/revisions"}],"predecessor-version":[{"id":943,"href":"https:\/\/www.sinergiahumanitaria.cl\/portal\/wp-json\/wp\/v2\/posts\/806\/revisions\/943"}],"wp:featuredmedia":[{"embeddable":true,"href":"https:\/\/www.sinergiahumanitaria.cl\/portal\/wp-json\/wp\/v2\/media\/942"}],"wp:attachment":[{"href":"https:\/\/www.sinergiahumanitaria.cl\/portal\/wp-json\/wp\/v2\/media?parent=806"}],"wp:term":[{"taxonomy":"category","embeddable":true,"href":"https:\/\/www.sinergiahumanitaria.cl\/portal\/wp-json\/wp\/v2\/categories?post=806"},{"taxonomy":"post_tag","embeddable":true,"href":"https:\/\/www.sinergiahumanitaria.cl\/portal\/wp-json\/wp\/v2\/tags?post=806"}],"curies":[{"name":"wp","href":"https:\/\/api.w.org\/{rel}","templated":true}]}}