{"id":808,"date":"2017-07-13T08:00:54","date_gmt":"2017-07-13T08:00:54","guid":{"rendered":"https:\/\/sinergiahumanitaria.cl\/portal\/?p=808"},"modified":"2025-09-05T11:30:33","modified_gmt":"2025-09-05T15:30:33","slug":"comandante-de-bomberos-suizo-expuso-en-villa-alemana-sobre-tecnicas-para-la-prevencion-de-riesgos-en-emergencias","status":"publish","type":"post","link":"https:\/\/www.sinergiahumanitaria.cl\/portal\/2017\/07\/13\/comandante-de-bomberos-suizo-expuso-en-villa-alemana-sobre-tecnicas-para-la-prevencion-de-riesgos-en-emergencias\/","title":{"rendered":"Comandante de Bomberos suizo expuso en Villa Alemana sobre t\u00e9cnicas para la prevenci\u00f3n de riesgos en emergencias"},"content":{"rendered":"<p>Sylvain Scherz, adem\u00e1s ofreci\u00f3 al Cuerpo de Bomberos de la comuna, la posibilidad de recibir a voluntarios en la ciudad de Laussane, para que puedan participar de capacitaciones especializadas.<\/p>\n<p>En el marco de la ceremonia de nombramiento por parte del Municipio de Ciudadanos Benem\u00e9ritos e Hijo Ilustre de la comuna por a\u00f1os de servicio en el Cuerpo de Bomberos, el comandante de Bomberos de la ciudad suiza de Laussane, Sylvain Scherz, expuso en el auditorio del Centro Cultural Gabriela Mistral sobre T\u00e9cnicas para la Prevenci\u00f3n de Riesgos en Emergencias.<\/p>\n<p>Durante su visita -la cual fue coordinada por la Fundaci\u00f3n Sinergia Humanitaria en conjunto con la Municipalidad- Scherz adem\u00e1s oficializ\u00f3 la donaci\u00f3n de un carro bomba para la ciudad y ofreci\u00f3 a los voluntarios de la comuna, la posibilidad de viajar a Suiza para recibir capacitaci\u00f3n especializada.<\/p>\n<p>El alcalde Jos\u00e9 Sabat, agradeci\u00f3 la visita del comandante de Bomberos europeo, se\u00f1alando que \u201cestos son el tipo de convenios que tenemos que promover, con pa\u00edses que tienen muchos m\u00e1s adelantos que nosotros en estas materias. Hoy, gracias a las conexiones que estableci\u00f3 la Fundaci\u00f3n Sinergia Humanitaria, nos va a permitir recibir un carro bomba con s\u00f3lo seis a\u00f1os de uso\u201d.<\/p>\n<p>Jos\u00e9 Luis Balmaceda, ex embajador de Chile en Suiza y director ejecutivo de la Fundaci\u00f3n Sinergia Humanitaria, describi\u00f3 las donaciones entregadas por el Cuerpo de Bomberos de Laussane, explicando que \u201cgracias a esta relaci\u00f3n, hemos podido recibir 4 carros bomba y tenemos en carpeta al menos tres veh\u00edculos m\u00e1s. Eso, acompa\u00f1ado de material, uniformes para bomberos, implementos para mejorar la lucha contra los incendios y capacitaci\u00f3n, entrega de conocimiento que el Cuerpo de Bomberos de un pa\u00eds tan importante como Suiza, nos puede proveer\u201d.<\/p>\n<p>Por su parte, Silvayn Scherz, expres\u00f3 que \u201ccreo que lo que nosotros ya no usamos en Suiza, es mejor que alguien lo ocupe, y es muy lindo ver que este material -que sigue siendo muy bueno- puede tener una segunda vida. Es un material que no se ajusta a las normas de Suiza, ya que son muy exigentes\u201d.<\/p>\n<p>Al ser consultado sobre el trabajo de Bomberos en Chile, el comandante indic\u00f3 que \u201csi bien, es muy dif\u00edcil comparar ambos sistemas -el suizo y el chileno- es muy raro ver que s\u00f3lo hay voluntarios ac\u00e1, y no profesionales\u201d.<\/p>\n<p>Finalmente, Jorge Henr\u00edquez, comandante del Cuerpo de Bomberos de Villa Alemana, manifest\u00f3 que \u201cpara nosotros es una noticia muy grata el saber que vamos a poder recibir una nueva unidad para que cumpla funciones en Villa Alemana, sabiendo la cantidad de emergencias a las que hemos debido enfrentarnos durante el a\u00f1o, adem\u00e1s del cambio clim\u00e1tico, que nos ha llevado a estar en incendios por dos d\u00edas seguidos, con m\u00e1s de 1.000 hect\u00e1reas quemadas. Sin embargo, el ofrecimiento m\u00e1s importante es la capacitaci\u00f3n a la que va a poder acceder nuestro personal, la experiencia que podr\u00e1n tomar desde un Cuerpo de Bomberos mucho m\u00e1s grande, en donde los bomberos son profesionales\u201d.<\/p>\n<p>\u201cEl apoyo de la Municipalidad ha sido fundamental durante todos estos a\u00f1os en cuanto a la gesti\u00f3n en emergencias de Bomberos, tanto a trav\u00e9s de la Alcald\u00eda, como de la Unidad Municipal de Emergencias\u201d, destac\u00f3 adem\u00e1s Henr\u00edquez.<\/p>\n<p>Reconocimientos por a\u00f1os de servicio<\/p>\n<p>Durante la ceremonia, el alcalde Jos\u00e9 Sabat entreg\u00f3 los documentos que oficializan el nombramiento como Ciudadanos Benem\u00e9ritos por 25 a\u00f1os de servicio en el Cuerpo de Bomberos de Villa Alemana, a los voluntarios Luis Ponce, miembro de la Primera Compa\u00f1\u00eda; Ricardo Echeverr\u00eda, bombero de la Segunda Compa\u00f1\u00eda; y Jorge Henr\u00edquez, quien lleva un cuarto de siglo cumpliendo labores en la Tercera Compa\u00f1\u00eda.<\/p>\n<p>Por otro lado, Jorge Su\u00e1rez, fue reconocido como Hijo Ilustre de Villa Alemana debido a sus 50 a\u00f1os de labores bomberiles en la Segunda Compa\u00f1\u00eda Bomba Buenaventura Joglar.<\/p>\n<p><em><strong>http:\/\/www.margamargaonline.cl\/local\/12662-comandante-de-bomberos-suizo-expuso-en-villa-alemana-sobre-tecnicas-para-la-prevencion-de-riesgos-en-emergencias<\/strong><\/em><\/p>\n","protected":false},"excerpt":{"rendered":"<p>Sylvain Scherz, adem\u00e1s ofreci\u00f3 al Cuerpo de Bomberos de la comuna, la posibilidad de recibir a voluntarios en la ciudad de Laussane, para que puedan participar de capacitaciones especializadas. En el marco de la ceremonia de nombramiento por parte del Municipio de Ciudadanos Benem\u00e9ritos e Hijo Ilustre de la comuna por a\u00f1os de servicio en [&hellip;]<\/p>\n","protected":false},"author":1,"featured_media":944,"comment_status":"closed","ping_status":"open","sticky":false,"template":"","format":"standard","meta":{"footnotes":""},"categories":[14],"tags":[],"class_list":["post-808","post","type-post","status-publish","format-standard","has-post-thumbnail","hentry","category-noticias"],"yoast_head":"<!-- This site is optimized with the Yoast SEO plugin v27.5 - https:\/\/yoast.com\/product\/yoast-seo-wordpress\/ -->\n<title>Comandante de Bomberos suizo expuso en Villa Alemana sobre t\u00e9cnicas para la prevenci\u00f3n de riesgos en emergencias - Fundaci\u00f3n Sinergia Humanitaria<\/title>\n<meta name=\"robots\" content=\"index, follow, max-snippet:-1, max-image-preview:large, max-video-preview:-1\" \/>\n<link rel=\"canonical\" href=\"https:\/\/www.sinergiahumanitaria.cl\/portal\/2017\/07\/13\/comandante-de-bomberos-suizo-expuso-en-villa-alemana-sobre-tecnicas-para-la-prevencion-de-riesgos-en-emergencias\/\" \/>\n<meta property=\"og:locale\" content=\"es_ES\" \/>\n<meta property=\"og:type\" content=\"article\" \/>\n<meta property=\"og:title\" content=\"Comandante de Bomberos suizo expuso en Villa Alemana sobre t\u00e9cnicas para la prevenci\u00f3n de riesgos en emergencias - Fundaci\u00f3n Sinergia Humanitaria\" \/>\n<meta property=\"og:description\" content=\"Sylvain Scherz, adem\u00e1s ofreci\u00f3 al Cuerpo de Bomberos de la comuna, la posibilidad de recibir a voluntarios en la ciudad de Laussane, para que puedan participar de capacitaciones especializadas. En el marco de la ceremonia de nombramiento por parte del Municipio de Ciudadanos Benem\u00e9ritos e Hijo Ilustre de la comuna por a\u00f1os de servicio en [&hellip;]\" \/>\n<meta property=\"og:url\" content=\"https:\/\/www.sinergiahumanitaria.cl\/portal\/2017\/07\/13\/comandante-de-bomberos-suizo-expuso-en-villa-alemana-sobre-tecnicas-para-la-prevencion-de-riesgos-en-emergencias\/\" \/>\n<meta property=\"og:site_name\" content=\"Fundaci\u00f3n Sinergia Humanitaria\" \/>\n<meta property=\"article:publisher\" content=\"https:\/\/www.facebook.com\/sinergiahumanitaria\/\" \/>\n<meta property=\"article:published_time\" content=\"2017-07-13T08:00:54+00:00\" \/>\n<meta property=\"article:modified_time\" content=\"2025-09-05T15:30:33+00:00\" \/>\n<meta property=\"og:image\" content=\"https:\/\/www.sinergiahumanitaria.cl\/portal\/wp-content\/uploads\/2017\/07\/LOGO-MMOL.jpg\" \/>\n\t<meta property=\"og:image:width\" content=\"500\" \/>\n\t<meta property=\"og:image:height\" content=\"500\" \/>\n\t<meta property=\"og:image:type\" content=\"image\/jpeg\" \/>\n<meta name=\"author\" content=\"pastudillo\" \/>\n<meta name=\"twitter:card\" content=\"summary_large_image\" \/>\n<meta name=\"twitter:creator\" content=\"@fsinergiah\" \/>\n<meta name=\"twitter:site\" content=\"@fsinergiah\" \/>\n<meta name=\"twitter:label1\" content=\"Escrito por\" \/>\n\t<meta name=\"twitter:data1\" content=\"pastudillo\" \/>\n\t<meta name=\"twitter:label2\" content=\"Tiempo estimado de lectura\" \/>\n\t<meta name=\"twitter:data2\" content=\"3 minutos\" \/>\n<script type=\"application\/ld+json\" class=\"yoast-schema-graph\">{\"@context\":\"https:\\\/\\\/schema.org\",\"@graph\":[{\"@type\":\"Article\",\"@id\":\"https:\\\/\\\/www.sinergiahumanitaria.cl\\\/portal\\\/2017\\\/07\\\/13\\\/comandante-de-bomberos-suizo-expuso-en-villa-alemana-sobre-tecnicas-para-la-prevencion-de-riesgos-en-emergencias\\\/#article\",\"isPartOf\":{\"@id\":\"https:\\\/\\\/www.sinergiahumanitaria.cl\\\/portal\\\/2017\\\/07\\\/13\\\/comandante-de-bomberos-suizo-expuso-en-villa-alemana-sobre-tecnicas-para-la-prevencion-de-riesgos-en-emergencias\\\/\"},\"author\":{\"name\":\"pastudillo\",\"@id\":\"https:\\\/\\\/www.sinergiahumanitaria.cl\\\/portal\\\/#\\\/schema\\\/person\\\/e8e4653f85fbcf3e7472bfc4be4c2673\"},\"headline\":\"Comandante de Bomberos suizo expuso en Villa Alemana sobre t\u00e9cnicas para la prevenci\u00f3n de riesgos en emergencias\",\"datePublished\":\"2017-07-13T08:00:54+00:00\",\"dateModified\":\"2025-09-05T15:30:33+00:00\",\"mainEntityOfPage\":{\"@id\":\"https:\\\/\\\/www.sinergiahumanitaria.cl\\\/portal\\\/2017\\\/07\\\/13\\\/comandante-de-bomberos-suizo-expuso-en-villa-alemana-sobre-tecnicas-para-la-prevencion-de-riesgos-en-emergencias\\\/\"},\"wordCount\":693,\"publisher\":{\"@id\":\"https:\\\/\\\/www.sinergiahumanitaria.cl\\\/portal\\\/#organization\"},\"image\":{\"@id\":\"https:\\\/\\\/www.sinergiahumanitaria.cl\\\/portal\\\/2017\\\/07\\\/13\\\/comandante-de-bomberos-suizo-expuso-en-villa-alemana-sobre-tecnicas-para-la-prevencion-de-riesgos-en-emergencias\\\/#primaryimage\"},\"thumbnailUrl\":\"https:\\\/\\\/www.sinergiahumanitaria.cl\\\/portal\\\/wp-content\\\/uploads\\\/2017\\\/07\\\/LOGO-MMOL.jpg\",\"articleSection\":[\"Noticias\"],\"inLanguage\":\"es-CL\"},{\"@type\":\"WebPage\",\"@id\":\"https:\\\/\\\/www.sinergiahumanitaria.cl\\\/portal\\\/2017\\\/07\\\/13\\\/comandante-de-bomberos-suizo-expuso-en-villa-alemana-sobre-tecnicas-para-la-prevencion-de-riesgos-en-emergencias\\\/\",\"url\":\"https:\\\/\\\/www.sinergiahumanitaria.cl\\\/portal\\\/2017\\\/07\\\/13\\\/comandante-de-bomberos-suizo-expuso-en-villa-alemana-sobre-tecnicas-para-la-prevencion-de-riesgos-en-emergencias\\\/\",\"name\":\"Comandante de Bomberos suizo expuso en Villa Alemana sobre t\u00e9cnicas para la prevenci\u00f3n de riesgos en emergencias - Fundaci\u00f3n Sinergia Humanitaria\",\"isPartOf\":{\"@id\":\"https:\\\/\\\/www.sinergiahumanitaria.cl\\\/portal\\\/#website\"},\"primaryImageOfPage\":{\"@id\":\"https:\\\/\\\/www.sinergiahumanitaria.cl\\\/portal\\\/2017\\\/07\\\/13\\\/comandante-de-bomberos-suizo-expuso-en-villa-alemana-sobre-tecnicas-para-la-prevencion-de-riesgos-en-emergencias\\\/#primaryimage\"},\"image\":{\"@id\":\"https:\\\/\\\/www.sinergiahumanitaria.cl\\\/portal\\\/2017\\\/07\\\/13\\\/comandante-de-bomberos-suizo-expuso-en-villa-alemana-sobre-tecnicas-para-la-prevencion-de-riesgos-en-emergencias\\\/#primaryimage\"},\"thumbnailUrl\":\"https:\\\/\\\/www.sinergiahumanitaria.cl\\\/portal\\\/wp-content\\\/uploads\\\/2017\\\/07\\\/LOGO-MMOL.jpg\",\"datePublished\":\"2017-07-13T08:00:54+00:00\",\"dateModified\":\"2025-09-05T15:30:33+00:00\",\"breadcrumb\":{\"@id\":\"https:\\\/\\\/www.sinergiahumanitaria.cl\\\/portal\\\/2017\\\/07\\\/13\\\/comandante-de-bomberos-suizo-expuso-en-villa-alemana-sobre-tecnicas-para-la-prevencion-de-riesgos-en-emergencias\\\/#breadcrumb\"},\"inLanguage\":\"es-CL\",\"potentialAction\":[{\"@type\":\"ReadAction\",\"target\":[\"https:\\\/\\\/www.sinergiahumanitaria.cl\\\/portal\\\/2017\\\/07\\\/13\\\/comandante-de-bomberos-suizo-expuso-en-villa-alemana-sobre-tecnicas-para-la-prevencion-de-riesgos-en-emergencias\\\/\"]}]},{\"@type\":\"ImageObject\",\"inLanguage\":\"es-CL\",\"@id\":\"https:\\\/\\\/www.sinergiahumanitaria.cl\\\/portal\\\/2017\\\/07\\\/13\\\/comandante-de-bomberos-suizo-expuso-en-villa-alemana-sobre-tecnicas-para-la-prevencion-de-riesgos-en-emergencias\\\/#primaryimage\",\"url\":\"https:\\\/\\\/www.sinergiahumanitaria.cl\\\/portal\\\/wp-content\\\/uploads\\\/2017\\\/07\\\/LOGO-MMOL.jpg\",\"contentUrl\":\"https:\\\/\\\/www.sinergiahumanitaria.cl\\\/portal\\\/wp-content\\\/uploads\\\/2017\\\/07\\\/LOGO-MMOL.jpg\",\"width\":500,\"height\":500},{\"@type\":\"BreadcrumbList\",\"@id\":\"https:\\\/\\\/www.sinergiahumanitaria.cl\\\/portal\\\/2017\\\/07\\\/13\\\/comandante-de-bomberos-suizo-expuso-en-villa-alemana-sobre-tecnicas-para-la-prevencion-de-riesgos-en-emergencias\\\/#breadcrumb\",\"itemListElement\":[{\"@type\":\"ListItem\",\"position\":1,\"name\":\"Portada\",\"item\":\"https:\\\/\\\/www.sinergiahumanitaria.cl\\\/portal\\\/\"},{\"@type\":\"ListItem\",\"position\":2,\"name\":\"Comandante de Bomberos suizo expuso en Villa Alemana sobre t\u00e9cnicas para la prevenci\u00f3n de riesgos en emergencias\"}]},{\"@type\":\"WebSite\",\"@id\":\"https:\\\/\\\/www.sinergiahumanitaria.cl\\\/portal\\\/#website\",\"url\":\"https:\\\/\\\/www.sinergiahumanitaria.cl\\\/portal\\\/\",\"name\":\"Fundaci\u00f3n Sinergia Humanitaria\",\"description\":\"Acci\u00f3n Solidaria desde 2001\",\"publisher\":{\"@id\":\"https:\\\/\\\/www.sinergiahumanitaria.cl\\\/portal\\\/#organization\"},\"potentialAction\":[{\"@type\":\"SearchAction\",\"target\":{\"@type\":\"EntryPoint\",\"urlTemplate\":\"https:\\\/\\\/www.sinergiahumanitaria.cl\\\/portal\\\/?s={search_term_string}\"},\"query-input\":{\"@type\":\"PropertyValueSpecification\",\"valueRequired\":true,\"valueName\":\"search_term_string\"}}],\"inLanguage\":\"es-CL\"},{\"@type\":\"Organization\",\"@id\":\"https:\\\/\\\/www.sinergiahumanitaria.cl\\\/portal\\\/#organization\",\"name\":\"Fundaci\u00f3n Sinergia Humanitaria\",\"url\":\"https:\\\/\\\/www.sinergiahumanitaria.cl\\\/portal\\\/\",\"logo\":{\"@type\":\"ImageObject\",\"inLanguage\":\"es-CL\",\"@id\":\"https:\\\/\\\/www.sinergiahumanitaria.cl\\\/portal\\\/#\\\/schema\\\/logo\\\/image\\\/\",\"url\":\"https:\\\/\\\/www.sinergiahumanitaria.cl\\\/portal\\\/wp-content\\\/uploads\\\/2020\\\/07\\\/LOGO-jpg-scaled.jpg\",\"contentUrl\":\"https:\\\/\\\/www.sinergiahumanitaria.cl\\\/portal\\\/wp-content\\\/uploads\\\/2020\\\/07\\\/LOGO-jpg-scaled.jpg\",\"width\":2560,\"height\":1440,\"caption\":\"Fundaci\u00f3n Sinergia Humanitaria\"},\"image\":{\"@id\":\"https:\\\/\\\/www.sinergiahumanitaria.cl\\\/portal\\\/#\\\/schema\\\/logo\\\/image\\\/\"},\"sameAs\":[\"https:\\\/\\\/www.facebook.com\\\/sinergiahumanitaria\\\/\",\"https:\\\/\\\/x.com\\\/fsinergiah\",\"https:\\\/\\\/www.instagram.com\\\/fsinergiah\\\/\"]},{\"@type\":\"Person\",\"@id\":\"https:\\\/\\\/www.sinergiahumanitaria.cl\\\/portal\\\/#\\\/schema\\\/person\\\/e8e4653f85fbcf3e7472bfc4be4c2673\",\"name\":\"pastudillo\",\"image\":{\"@type\":\"ImageObject\",\"inLanguage\":\"es-CL\",\"@id\":\"https:\\\/\\\/secure.gravatar.com\\\/avatar\\\/24edc107527e6583e7be6e6408f8815c5b03530718f2848cb4875a5502cb9c12?s=96&d=mm&r=g\",\"url\":\"https:\\\/\\\/secure.gravatar.com\\\/avatar\\\/24edc107527e6583e7be6e6408f8815c5b03530718f2848cb4875a5502cb9c12?s=96&d=mm&r=g\",\"contentUrl\":\"https:\\\/\\\/secure.gravatar.com\\\/avatar\\\/24edc107527e6583e7be6e6408f8815c5b03530718f2848cb4875a5502cb9c12?s=96&d=mm&r=g\",\"caption\":\"pastudillo\"},\"url\":\"https:\\\/\\\/www.sinergiahumanitaria.cl\\\/portal\\\/author\\\/pastudillo\\\/\"}]}<\/script>\n<!-- \/ Yoast SEO plugin. -->","yoast_head_json":{"title":"Comandante de Bomberos suizo expuso en Villa Alemana sobre t\u00e9cnicas para la prevenci\u00f3n de riesgos en emergencias - Fundaci\u00f3n Sinergia Humanitaria","robots":{"index":"index","follow":"follow","max-snippet":"max-snippet:-1","max-image-preview":"max-image-preview:large","max-video-preview":"max-video-preview:-1"},"canonical":"https:\/\/www.sinergiahumanitaria.cl\/portal\/2017\/07\/13\/comandante-de-bomberos-suizo-expuso-en-villa-alemana-sobre-tecnicas-para-la-prevencion-de-riesgos-en-emergencias\/","og_locale":"es_ES","og_type":"article","og_title":"Comandante de Bomberos suizo expuso en Villa Alemana sobre t\u00e9cnicas para la prevenci\u00f3n de riesgos en emergencias - Fundaci\u00f3n Sinergia Humanitaria","og_description":"Sylvain Scherz, adem\u00e1s ofreci\u00f3 al Cuerpo de Bomberos de la comuna, la posibilidad de recibir a voluntarios en la ciudad de Laussane, para que puedan participar de capacitaciones especializadas. En el marco de la ceremonia de nombramiento por parte del Municipio de Ciudadanos Benem\u00e9ritos e Hijo Ilustre de la comuna por a\u00f1os de servicio en [&hellip;]","og_url":"https:\/\/www.sinergiahumanitaria.cl\/portal\/2017\/07\/13\/comandante-de-bomberos-suizo-expuso-en-villa-alemana-sobre-tecnicas-para-la-prevencion-de-riesgos-en-emergencias\/","og_site_name":"Fundaci\u00f3n Sinergia Humanitaria","article_publisher":"https:\/\/www.facebook.com\/sinergiahumanitaria\/","article_published_time":"2017-07-13T08:00:54+00:00","article_modified_time":"2025-09-05T15:30:33+00:00","og_image":[{"width":500,"height":500,"url":"https:\/\/www.sinergiahumanitaria.cl\/portal\/wp-content\/uploads\/2017\/07\/LOGO-MMOL.jpg","type":"image\/jpeg"}],"author":"pastudillo","twitter_card":"summary_large_image","twitter_creator":"@fsinergiah","twitter_site":"@fsinergiah","twitter_misc":{"Escrito por":"pastudillo","Tiempo estimado de lectura":"3 minutos"},"schema":{"@context":"https:\/\/schema.org","@graph":[{"@type":"Article","@id":"https:\/\/www.sinergiahumanitaria.cl\/portal\/2017\/07\/13\/comandante-de-bomberos-suizo-expuso-en-villa-alemana-sobre-tecnicas-para-la-prevencion-de-riesgos-en-emergencias\/#article","isPartOf":{"@id":"https:\/\/www.sinergiahumanitaria.cl\/portal\/2017\/07\/13\/comandante-de-bomberos-suizo-expuso-en-villa-alemana-sobre-tecnicas-para-la-prevencion-de-riesgos-en-emergencias\/"},"author":{"name":"pastudillo","@id":"https:\/\/www.sinergiahumanitaria.cl\/portal\/#\/schema\/person\/e8e4653f85fbcf3e7472bfc4be4c2673"},"headline":"Comandante de Bomberos suizo expuso en Villa Alemana sobre t\u00e9cnicas para la prevenci\u00f3n de riesgos en emergencias","datePublished":"2017-07-13T08:00:54+00:00","dateModified":"2025-09-05T15:30:33+00:00","mainEntityOfPage":{"@id":"https:\/\/www.sinergiahumanitaria.cl\/portal\/2017\/07\/13\/comandante-de-bomberos-suizo-expuso-en-villa-alemana-sobre-tecnicas-para-la-prevencion-de-riesgos-en-emergencias\/"},"wordCount":693,"publisher":{"@id":"https:\/\/www.sinergiahumanitaria.cl\/portal\/#organization"},"image":{"@id":"https:\/\/www.sinergiahumanitaria.cl\/portal\/2017\/07\/13\/comandante-de-bomberos-suizo-expuso-en-villa-alemana-sobre-tecnicas-para-la-prevencion-de-riesgos-en-emergencias\/#primaryimage"},"thumbnailUrl":"https:\/\/www.sinergiahumanitaria.cl\/portal\/wp-content\/uploads\/2017\/07\/LOGO-MMOL.jpg","articleSection":["Noticias"],"inLanguage":"es-CL"},{"@type":"WebPage","@id":"https:\/\/www.sinergiahumanitaria.cl\/portal\/2017\/07\/13\/comandante-de-bomberos-suizo-expuso-en-villa-alemana-sobre-tecnicas-para-la-prevencion-de-riesgos-en-emergencias\/","url":"https:\/\/www.sinergiahumanitaria.cl\/portal\/2017\/07\/13\/comandante-de-bomberos-suizo-expuso-en-villa-alemana-sobre-tecnicas-para-la-prevencion-de-riesgos-en-emergencias\/","name":"Comandante de Bomberos suizo expuso en Villa Alemana sobre t\u00e9cnicas para la prevenci\u00f3n de riesgos en emergencias - Fundaci\u00f3n Sinergia Humanitaria","isPartOf":{"@id":"https:\/\/www.sinergiahumanitaria.cl\/portal\/#website"},"primaryImageOfPage":{"@id":"https:\/\/www.sinergiahumanitaria.cl\/portal\/2017\/07\/13\/comandante-de-bomberos-suizo-expuso-en-villa-alemana-sobre-tecnicas-para-la-prevencion-de-riesgos-en-emergencias\/#primaryimage"},"image":{"@id":"https:\/\/www.sinergiahumanitaria.cl\/portal\/2017\/07\/13\/comandante-de-bomberos-suizo-expuso-en-villa-alemana-sobre-tecnicas-para-la-prevencion-de-riesgos-en-emergencias\/#primaryimage"},"thumbnailUrl":"https:\/\/www.sinergiahumanitaria.cl\/portal\/wp-content\/uploads\/2017\/07\/LOGO-MMOL.jpg","datePublished":"2017-07-13T08:00:54+00:00","dateModified":"2025-09-05T15:30:33+00:00","breadcrumb":{"@id":"https:\/\/www.sinergiahumanitaria.cl\/portal\/2017\/07\/13\/comandante-de-bomberos-suizo-expuso-en-villa-alemana-sobre-tecnicas-para-la-prevencion-de-riesgos-en-emergencias\/#breadcrumb"},"inLanguage":"es-CL","potentialAction":[{"@type":"ReadAction","target":["https:\/\/www.sinergiahumanitaria.cl\/portal\/2017\/07\/13\/comandante-de-bomberos-suizo-expuso-en-villa-alemana-sobre-tecnicas-para-la-prevencion-de-riesgos-en-emergencias\/"]}]},{"@type":"ImageObject","inLanguage":"es-CL","@id":"https:\/\/www.sinergiahumanitaria.cl\/portal\/2017\/07\/13\/comandante-de-bomberos-suizo-expuso-en-villa-alemana-sobre-tecnicas-para-la-prevencion-de-riesgos-en-emergencias\/#primaryimage","url":"https:\/\/www.sinergiahumanitaria.cl\/portal\/wp-content\/uploads\/2017\/07\/LOGO-MMOL.jpg","contentUrl":"https:\/\/www.sinergiahumanitaria.cl\/portal\/wp-content\/uploads\/2017\/07\/LOGO-MMOL.jpg","width":500,"height":500},{"@type":"BreadcrumbList","@id":"https:\/\/www.sinergiahumanitaria.cl\/portal\/2017\/07\/13\/comandante-de-bomberos-suizo-expuso-en-villa-alemana-sobre-tecnicas-para-la-prevencion-de-riesgos-en-emergencias\/#breadcrumb","itemListElement":[{"@type":"ListItem","position":1,"name":"Portada","item":"https:\/\/www.sinergiahumanitaria.cl\/portal\/"},{"@type":"ListItem","position":2,"name":"Comandante de Bomberos suizo expuso en Villa Alemana sobre t\u00e9cnicas para la prevenci\u00f3n de riesgos en emergencias"}]},{"@type":"WebSite","@id":"https:\/\/www.sinergiahumanitaria.cl\/portal\/#website","url":"https:\/\/www.sinergiahumanitaria.cl\/portal\/","name":"Fundaci\u00f3n Sinergia Humanitaria","description":"Acci\u00f3n Solidaria desde 2001","publisher":{"@id":"https:\/\/www.sinergiahumanitaria.cl\/portal\/#organization"},"potentialAction":[{"@type":"SearchAction","target":{"@type":"EntryPoint","urlTemplate":"https:\/\/www.sinergiahumanitaria.cl\/portal\/?s={search_term_string}"},"query-input":{"@type":"PropertyValueSpecification","valueRequired":true,"valueName":"search_term_string"}}],"inLanguage":"es-CL"},{"@type":"Organization","@id":"https:\/\/www.sinergiahumanitaria.cl\/portal\/#organization","name":"Fundaci\u00f3n Sinergia Humanitaria","url":"https:\/\/www.sinergiahumanitaria.cl\/portal\/","logo":{"@type":"ImageObject","inLanguage":"es-CL","@id":"https:\/\/www.sinergiahumanitaria.cl\/portal\/#\/schema\/logo\/image\/","url":"https:\/\/www.sinergiahumanitaria.cl\/portal\/wp-content\/uploads\/2020\/07\/LOGO-jpg-scaled.jpg","contentUrl":"https:\/\/www.sinergiahumanitaria.cl\/portal\/wp-content\/uploads\/2020\/07\/LOGO-jpg-scaled.jpg","width":2560,"height":1440,"caption":"Fundaci\u00f3n Sinergia Humanitaria"},"image":{"@id":"https:\/\/www.sinergiahumanitaria.cl\/portal\/#\/schema\/logo\/image\/"},"sameAs":["https:\/\/www.facebook.com\/sinergiahumanitaria\/","https:\/\/x.com\/fsinergiah","https:\/\/www.instagram.com\/fsinergiah\/"]},{"@type":"Person","@id":"https:\/\/www.sinergiahumanitaria.cl\/portal\/#\/schema\/person\/e8e4653f85fbcf3e7472bfc4be4c2673","name":"pastudillo","image":{"@type":"ImageObject","inLanguage":"es-CL","@id":"https:\/\/secure.gravatar.com\/avatar\/24edc107527e6583e7be6e6408f8815c5b03530718f2848cb4875a5502cb9c12?s=96&d=mm&r=g","url":"https:\/\/secure.gravatar.com\/avatar\/24edc107527e6583e7be6e6408f8815c5b03530718f2848cb4875a5502cb9c12?s=96&d=mm&r=g","contentUrl":"https:\/\/secure.gravatar.com\/avatar\/24edc107527e6583e7be6e6408f8815c5b03530718f2848cb4875a5502cb9c12?s=96&d=mm&r=g","caption":"pastudillo"},"url":"https:\/\/www.sinergiahumanitaria.cl\/portal\/author\/pastudillo\/"}]}},"_links":{"self":[{"href":"https:\/\/www.sinergiahumanitaria.cl\/portal\/wp-json\/wp\/v2\/posts\/808","targetHints":{"allow":["GET"]}}],"collection":[{"href":"https:\/\/www.sinergiahumanitaria.cl\/portal\/wp-json\/wp\/v2\/posts"}],"about":[{"href":"https:\/\/www.sinergiahumanitaria.cl\/portal\/wp-json\/wp\/v2\/types\/post"}],"author":[{"embeddable":true,"href":"https:\/\/www.sinergiahumanitaria.cl\/portal\/wp-json\/wp\/v2\/users\/1"}],"replies":[{"embeddable":true,"href":"https:\/\/www.sinergiahumanitaria.cl\/portal\/wp-json\/wp\/v2\/comments?post=808"}],"version-history":[{"count":1,"href":"https:\/\/www.sinergiahumanitaria.cl\/portal\/wp-json\/wp\/v2\/posts\/808\/revisions"}],"predecessor-version":[{"id":945,"href":"https:\/\/www.sinergiahumanitaria.cl\/portal\/wp-json\/wp\/v2\/posts\/808\/revisions\/945"}],"wp:featuredmedia":[{"embeddable":true,"href":"https:\/\/www.sinergiahumanitaria.cl\/portal\/wp-json\/wp\/v2\/media\/944"}],"wp:attachment":[{"href":"https:\/\/www.sinergiahumanitaria.cl\/portal\/wp-json\/wp\/v2\/media?parent=808"}],"wp:term":[{"taxonomy":"category","embeddable":true,"href":"https:\/\/www.sinergiahumanitaria.cl\/portal\/wp-json\/wp\/v2\/categories?post=808"},{"taxonomy":"post_tag","embeddable":true,"href":"https:\/\/www.sinergiahumanitaria.cl\/portal\/wp-json\/wp\/v2\/tags?post=808"}],"curies":[{"name":"wp","href":"https:\/\/api.w.org\/{rel}","templated":true}]}}