{"id":8103,"date":"2026-01-23T17:47:03","date_gmt":"2026-01-23T20:47:03","guid":{"rendered":"https:\/\/www.sinergiahumanitaria.cl\/portal\/?p=8103"},"modified":"2026-02-16T12:36:40","modified_gmt":"2026-02-16T15:36:40","slug":"renca-recibio-contenedor-con-ayuda-humanitaria","status":"publish","type":"post","link":"https:\/\/www.sinergiahumanitaria.cl\/portal\/2026\/01\/23\/renca-recibio-contenedor-con-ayuda-humanitaria\/","title":{"rendered":"Renca recibi\u00f3 contenedor con ayuda humanitaria"},"content":{"rendered":"<p>Gracias al apoyo de la Orden de Malta en Suiza, y a trav\u00e9s de la Fundaci\u00f3n Sinergia Humanitaria, lleg\u00f3 a la comuna de Renca un contenedor con camas cl\u00ednicas, insumos m\u00e9dicos y equipamiento esencial, destinado al beneficio directo de sus vecinos.<\/p>\n<p>Un trabajo colaborativo que transforma la solidaridad internacional en apoyo concreto para la comunidad.<\/p>\n\n\t\t<style type=\"text\/css\">\n\t\t\t#gallery-1 {\n\t\t\t\tmargin: auto;\n\t\t\t}\n\t\t\t#gallery-1 .gallery-item {\n\t\t\t\tfloat: left;\n\t\t\t\tmargin-top: 10px;\n\t\t\t\ttext-align: center;\n\t\t\t\twidth: 33%;\n\t\t\t}\n\t\t\t#gallery-1 img {\n\t\t\t\tborder: 2px solid #cfcfcf;\n\t\t\t}\n\t\t\t#gallery-1 .gallery-caption {\n\t\t\t\tmargin-left: 0;\n\t\t\t}\n\t\t\t\/* see gallery_shortcode() in wp-includes\/media.php *\/\n\t\t<\/style>\n\t\t<div id='gallery-1' class='gallery galleryid-8103 gallery-columns-3 gallery-size-thumbnail'><dl class='gallery-item'>\n\t\t\t<dt class='gallery-icon portrait'>\n\t\t\t\t<a href='https:\/\/www.sinergiahumanitaria.cl\/portal\/wp-content\/uploads\/2026\/01\/1.jpeg'><img decoding=\"async\" width=\"150\" height=\"150\" src=\"https:\/\/www.sinergiahumanitaria.cl\/portal\/wp-content\/uploads\/2026\/01\/1-150x150.jpeg\" class=\"attachment-thumbnail size-thumbnail\" alt=\"\" srcset=\"https:\/\/www.sinergiahumanitaria.cl\/portal\/wp-content\/uploads\/2026\/01\/1-150x150.jpeg 150w, https:\/\/www.sinergiahumanitaria.cl\/portal\/wp-content\/uploads\/2026\/01\/1-650x650.jpeg 650w\" sizes=\"(max-width: 150px) 100vw, 150px\" \/><\/a>\n\t\t\t<\/dt><\/dl><dl class='gallery-item'>\n\t\t\t<dt class='gallery-icon portrait'>\n\t\t\t\t<a href='https:\/\/www.sinergiahumanitaria.cl\/portal\/wp-content\/uploads\/2026\/01\/2.jpeg'><img decoding=\"async\" width=\"150\" height=\"150\" src=\"https:\/\/www.sinergiahumanitaria.cl\/portal\/wp-content\/uploads\/2026\/01\/2-150x150.jpeg\" class=\"attachment-thumbnail size-thumbnail\" alt=\"\" srcset=\"https:\/\/www.sinergiahumanitaria.cl\/portal\/wp-content\/uploads\/2026\/01\/2-150x150.jpeg 150w, https:\/\/www.sinergiahumanitaria.cl\/portal\/wp-content\/uploads\/2026\/01\/2-650x650.jpeg 650w\" sizes=\"(max-width: 150px) 100vw, 150px\" \/><\/a>\n\t\t\t<\/dt><\/dl><dl class='gallery-item'>\n\t\t\t<dt class='gallery-icon portrait'>\n\t\t\t\t<a href='https:\/\/www.sinergiahumanitaria.cl\/portal\/wp-content\/uploads\/2026\/01\/3.jpeg'><img decoding=\"async\" width=\"150\" height=\"150\" src=\"https:\/\/www.sinergiahumanitaria.cl\/portal\/wp-content\/uploads\/2026\/01\/3-150x150.jpeg\" class=\"attachment-thumbnail size-thumbnail\" alt=\"\" srcset=\"https:\/\/www.sinergiahumanitaria.cl\/portal\/wp-content\/uploads\/2026\/01\/3-150x150.jpeg 150w, https:\/\/www.sinergiahumanitaria.cl\/portal\/wp-content\/uploads\/2026\/01\/3-650x650.jpeg 650w\" sizes=\"(max-width: 150px) 100vw, 150px\" \/><\/a>\n\t\t\t<\/dt><\/dl><br style=\"clear: both\" \/><dl class='gallery-item'>\n\t\t\t<dt class='gallery-icon portrait'>\n\t\t\t\t<a href='https:\/\/www.sinergiahumanitaria.cl\/portal\/wp-content\/uploads\/2026\/01\/4.jpeg'><img loading=\"lazy\" decoding=\"async\" width=\"150\" height=\"150\" src=\"https:\/\/www.sinergiahumanitaria.cl\/portal\/wp-content\/uploads\/2026\/01\/4-150x150.jpeg\" class=\"attachment-thumbnail size-thumbnail\" alt=\"\" srcset=\"https:\/\/www.sinergiahumanitaria.cl\/portal\/wp-content\/uploads\/2026\/01\/4-150x150.jpeg 150w, https:\/\/www.sinergiahumanitaria.cl\/portal\/wp-content\/uploads\/2026\/01\/4-650x650.jpeg 650w\" sizes=\"(max-width: 150px) 100vw, 150px\" \/><\/a>\n\t\t\t<\/dt><\/dl><dl class='gallery-item'>\n\t\t\t<dt class='gallery-icon portrait'>\n\t\t\t\t<a href='https:\/\/www.sinergiahumanitaria.cl\/portal\/wp-content\/uploads\/2026\/01\/5.jpeg'><img loading=\"lazy\" decoding=\"async\" width=\"150\" height=\"150\" src=\"https:\/\/www.sinergiahumanitaria.cl\/portal\/wp-content\/uploads\/2026\/01\/5-150x150.jpeg\" class=\"attachment-thumbnail size-thumbnail\" alt=\"\" srcset=\"https:\/\/www.sinergiahumanitaria.cl\/portal\/wp-content\/uploads\/2026\/01\/5-150x150.jpeg 150w, https:\/\/www.sinergiahumanitaria.cl\/portal\/wp-content\/uploads\/2026\/01\/5-650x650.jpeg 650w\" sizes=\"(max-width: 150px) 100vw, 150px\" \/><\/a>\n\t\t\t<\/dt><\/dl><dl class='gallery-item'>\n\t\t\t<dt class='gallery-icon portrait'>\n\t\t\t\t<a href='https:\/\/www.sinergiahumanitaria.cl\/portal\/wp-content\/uploads\/2026\/01\/6.jpeg'><img loading=\"lazy\" decoding=\"async\" width=\"150\" height=\"150\" src=\"https:\/\/www.sinergiahumanitaria.cl\/portal\/wp-content\/uploads\/2026\/01\/6-150x150.jpeg\" class=\"attachment-thumbnail size-thumbnail\" alt=\"\" srcset=\"https:\/\/www.sinergiahumanitaria.cl\/portal\/wp-content\/uploads\/2026\/01\/6-150x150.jpeg 150w, https:\/\/www.sinergiahumanitaria.cl\/portal\/wp-content\/uploads\/2026\/01\/6-650x650.jpeg 650w\" sizes=\"(max-width: 150px) 100vw, 150px\" \/><\/a>\n\t\t\t<\/dt><\/dl><br style=\"clear: both\" \/><dl class='gallery-item'>\n\t\t\t<dt class='gallery-icon landscape'>\n\t\t\t\t<a href='https:\/\/www.sinergiahumanitaria.cl\/portal\/wp-content\/uploads\/2026\/01\/7.jpeg'><img loading=\"lazy\" decoding=\"async\" width=\"150\" height=\"150\" src=\"https:\/\/www.sinergiahumanitaria.cl\/portal\/wp-content\/uploads\/2026\/01\/7-150x150.jpeg\" class=\"attachment-thumbnail size-thumbnail\" alt=\"\" srcset=\"https:\/\/www.sinergiahumanitaria.cl\/portal\/wp-content\/uploads\/2026\/01\/7-150x150.jpeg 150w, https:\/\/www.sinergiahumanitaria.cl\/portal\/wp-content\/uploads\/2026\/01\/7-650x650.jpeg 650w\" sizes=\"(max-width: 150px) 100vw, 150px\" \/><\/a>\n\t\t\t<\/dt><\/dl><dl class='gallery-item'>\n\t\t\t<dt class='gallery-icon portrait'>\n\t\t\t\t<a href='https:\/\/www.sinergiahumanitaria.cl\/portal\/wp-content\/uploads\/2026\/01\/8.jpeg'><img loading=\"lazy\" decoding=\"async\" width=\"150\" height=\"150\" src=\"https:\/\/www.sinergiahumanitaria.cl\/portal\/wp-content\/uploads\/2026\/01\/8-150x150.jpeg\" class=\"attachment-thumbnail size-thumbnail\" alt=\"\" srcset=\"https:\/\/www.sinergiahumanitaria.cl\/portal\/wp-content\/uploads\/2026\/01\/8-150x150.jpeg 150w, https:\/\/www.sinergiahumanitaria.cl\/portal\/wp-content\/uploads\/2026\/01\/8-650x650.jpeg 650w\" sizes=\"(max-width: 150px) 100vw, 150px\" \/><\/a>\n\t\t\t<\/dt><\/dl><dl class='gallery-item'>\n\t\t\t<dt class='gallery-icon portrait'>\n\t\t\t\t<a href='https:\/\/www.sinergiahumanitaria.cl\/portal\/wp-content\/uploads\/2026\/01\/9.jpeg'><img loading=\"lazy\" decoding=\"async\" width=\"150\" height=\"150\" src=\"https:\/\/www.sinergiahumanitaria.cl\/portal\/wp-content\/uploads\/2026\/01\/9-150x150.jpeg\" class=\"attachment-thumbnail size-thumbnail\" alt=\"\" srcset=\"https:\/\/www.sinergiahumanitaria.cl\/portal\/wp-content\/uploads\/2026\/01\/9-150x150.jpeg 150w, https:\/\/www.sinergiahumanitaria.cl\/portal\/wp-content\/uploads\/2026\/01\/9-650x650.jpeg 650w\" sizes=\"(max-width: 150px) 100vw, 150px\" \/><\/a>\n\t\t\t<\/dt><\/dl><br style=\"clear: both\" \/><dl class='gallery-item'>\n\t\t\t<dt class='gallery-icon portrait'>\n\t\t\t\t<a href='https:\/\/www.sinergiahumanitaria.cl\/portal\/wp-content\/uploads\/2026\/01\/10.jpeg'><img loading=\"lazy\" decoding=\"async\" width=\"150\" height=\"150\" src=\"https:\/\/www.sinergiahumanitaria.cl\/portal\/wp-content\/uploads\/2026\/01\/10-150x150.jpeg\" class=\"attachment-thumbnail size-thumbnail\" alt=\"\" srcset=\"https:\/\/www.sinergiahumanitaria.cl\/portal\/wp-content\/uploads\/2026\/01\/10-150x150.jpeg 150w, https:\/\/www.sinergiahumanitaria.cl\/portal\/wp-content\/uploads\/2026\/01\/10-650x650.jpeg 650w\" sizes=\"(max-width: 150px) 100vw, 150px\" \/><\/a>\n\t\t\t<\/dt><\/dl><dl class='gallery-item'>\n\t\t\t<dt class='gallery-icon portrait'>\n\t\t\t\t<a href='https:\/\/www.sinergiahumanitaria.cl\/portal\/wp-content\/uploads\/2026\/01\/11.jpeg'><img loading=\"lazy\" decoding=\"async\" width=\"150\" height=\"150\" src=\"https:\/\/www.sinergiahumanitaria.cl\/portal\/wp-content\/uploads\/2026\/01\/11-150x150.jpeg\" class=\"attachment-thumbnail size-thumbnail\" alt=\"\" srcset=\"https:\/\/www.sinergiahumanitaria.cl\/portal\/wp-content\/uploads\/2026\/01\/11-150x150.jpeg 150w, https:\/\/www.sinergiahumanitaria.cl\/portal\/wp-content\/uploads\/2026\/01\/11-650x650.jpeg 650w\" sizes=\"(max-width: 150px) 100vw, 150px\" \/><\/a>\n\t\t\t<\/dt><\/dl><dl class='gallery-item'>\n\t\t\t<dt class='gallery-icon landscape'>\n\t\t\t\t<a href='https:\/\/www.sinergiahumanitaria.cl\/portal\/wp-content\/uploads\/2026\/01\/12.jpeg'><img loading=\"lazy\" decoding=\"async\" width=\"150\" height=\"150\" src=\"https:\/\/www.sinergiahumanitaria.cl\/portal\/wp-content\/uploads\/2026\/01\/12-150x150.jpeg\" class=\"attachment-thumbnail size-thumbnail\" alt=\"\" srcset=\"https:\/\/www.sinergiahumanitaria.cl\/portal\/wp-content\/uploads\/2026\/01\/12-150x150.jpeg 150w, https:\/\/www.sinergiahumanitaria.cl\/portal\/wp-content\/uploads\/2026\/01\/12-650x650.jpeg 650w\" sizes=\"(max-width: 150px) 100vw, 150px\" \/><\/a>\n\t\t\t<\/dt><\/dl><br style=\"clear: both\" \/>\n\t\t<\/div>\n\n<p><iframe title=\"Llegada de contenedor a Renca\" width=\"563\" height=\"1000\" src=\"https:\/\/www.youtube.com\/embed\/v5BMJhJF-LQ?feature=oembed\" frameborder=\"0\" allow=\"accelerometer; autoplay; clipboard-write; encrypted-media; gyroscope; picture-in-picture; web-share\" referrerpolicy=\"strict-origin-when-cross-origin\" allowfullscreen><\/iframe><\/p>\n<p><iframe title=\"Conocimos la historia de la primera beneficiaria de la comuna de Renca que recibir\u00e1 una cama cl\u00ednica\" width=\"563\" height=\"1000\" src=\"https:\/\/www.youtube.com\/embed\/ULv-M4YZkLY?feature=oembed\" frameborder=\"0\" allow=\"accelerometer; autoplay; clipboard-write; encrypted-media; gyroscope; picture-in-picture; web-share\" referrerpolicy=\"strict-origin-when-cross-origin\" allowfullscreen><\/iframe><\/p>\n","protected":false},"excerpt":{"rendered":"<p>Gracias al apoyo de la Orden de Malta en Suiza, y a trav\u00e9s de la Fundaci\u00f3n Sinergia Humanitaria, lleg\u00f3 a la comuna de Renca un contenedor con camas cl\u00ednicas, insumos m\u00e9dicos y equipamiento esencial, destinado al beneficio directo de sus vecinos. Un trabajo colaborativo que transforma la solidaridad internacional en apoyo concreto para la comunidad.<\/p>\n","protected":false},"author":6,"featured_media":8110,"comment_status":"open","ping_status":"open","sticky":false,"template":"","format":"standard","meta":{"footnotes":""},"categories":[88],"tags":[],"class_list":["post-8103","post","type-post","status-publish","format-standard","has-post-thumbnail","hentry","category-renca"],"yoast_head":"<!-- This site is optimized with the Yoast SEO plugin v27.4 - https:\/\/yoast.com\/product\/yoast-seo-wordpress\/ -->\n<title>Renca recibi\u00f3 contenedor con ayuda humanitaria - Fundaci\u00f3n Sinergia Humanitaria<\/title>\n<meta name=\"robots\" content=\"index, follow, max-snippet:-1, max-image-preview:large, max-video-preview:-1\" \/>\n<link rel=\"canonical\" href=\"https:\/\/www.sinergiahumanitaria.cl\/portal\/2026\/01\/23\/renca-recibio-contenedor-con-ayuda-humanitaria\/\" \/>\n<meta property=\"og:locale\" content=\"es_ES\" \/>\n<meta property=\"og:type\" content=\"article\" \/>\n<meta property=\"og:title\" content=\"Renca recibi\u00f3 contenedor con ayuda humanitaria - Fundaci\u00f3n Sinergia Humanitaria\" \/>\n<meta property=\"og:description\" content=\"Gracias al apoyo de la Orden de Malta en Suiza, y a trav\u00e9s de la Fundaci\u00f3n Sinergia Humanitaria, lleg\u00f3 a la comuna de Renca un contenedor con camas cl\u00ednicas, insumos m\u00e9dicos y equipamiento esencial, destinado al beneficio directo de sus vecinos. Un trabajo colaborativo que transforma la solidaridad internacional en apoyo concreto para la comunidad.\" \/>\n<meta property=\"og:url\" content=\"https:\/\/www.sinergiahumanitaria.cl\/portal\/2026\/01\/23\/renca-recibio-contenedor-con-ayuda-humanitaria\/\" \/>\n<meta property=\"og:site_name\" content=\"Fundaci\u00f3n Sinergia Humanitaria\" \/>\n<meta property=\"article:publisher\" content=\"https:\/\/www.facebook.com\/sinergiahumanitaria\/\" \/>\n<meta property=\"article:published_time\" content=\"2026-01-23T20:47:03+00:00\" \/>\n<meta property=\"article:modified_time\" content=\"2026-02-16T15:36:40+00:00\" \/>\n<meta property=\"og:image\" content=\"https:\/\/www.sinergiahumanitaria.cl\/portal\/wp-content\/uploads\/2026\/01\/7.jpeg\" \/>\n\t<meta property=\"og:image:width\" content=\"1600\" \/>\n\t<meta property=\"og:image:height\" content=\"1200\" \/>\n\t<meta property=\"og:image:type\" content=\"image\/jpeg\" \/>\n<meta name=\"author\" content=\"pzavala\" \/>\n<meta name=\"twitter:card\" content=\"summary_large_image\" \/>\n<meta name=\"twitter:creator\" content=\"@fsinergiah\" \/>\n<meta name=\"twitter:site\" content=\"@fsinergiah\" \/>\n<meta name=\"twitter:label1\" content=\"Escrito por\" \/>\n\t<meta name=\"twitter:data1\" content=\"pzavala\" \/>\n\t<meta name=\"twitter:label2\" content=\"Tiempo estimado de lectura\" \/>\n\t<meta name=\"twitter:data2\" content=\"1 minuto\" \/>\n<script type=\"application\/ld+json\" class=\"yoast-schema-graph\">{\"@context\":\"https:\\\/\\\/schema.org\",\"@graph\":[{\"@type\":\"Article\",\"@id\":\"https:\\\/\\\/www.sinergiahumanitaria.cl\\\/portal\\\/2026\\\/01\\\/23\\\/renca-recibio-contenedor-con-ayuda-humanitaria\\\/#article\",\"isPartOf\":{\"@id\":\"https:\\\/\\\/www.sinergiahumanitaria.cl\\\/portal\\\/2026\\\/01\\\/23\\\/renca-recibio-contenedor-con-ayuda-humanitaria\\\/\"},\"author\":{\"name\":\"pzavala\",\"@id\":\"https:\\\/\\\/www.sinergiahumanitaria.cl\\\/portal\\\/#\\\/schema\\\/person\\\/6c21471c8460d29d6013c6d5196156ed\"},\"headline\":\"Renca recibi\u00f3 contenedor con ayuda humanitaria\",\"datePublished\":\"2026-01-23T20:47:03+00:00\",\"dateModified\":\"2026-02-16T15:36:40+00:00\",\"mainEntityOfPage\":{\"@id\":\"https:\\\/\\\/www.sinergiahumanitaria.cl\\\/portal\\\/2026\\\/01\\\/23\\\/renca-recibio-contenedor-con-ayuda-humanitaria\\\/\"},\"wordCount\":83,\"commentCount\":0,\"publisher\":{\"@id\":\"https:\\\/\\\/www.sinergiahumanitaria.cl\\\/portal\\\/#organization\"},\"image\":{\"@id\":\"https:\\\/\\\/www.sinergiahumanitaria.cl\\\/portal\\\/2026\\\/01\\\/23\\\/renca-recibio-contenedor-con-ayuda-humanitaria\\\/#primaryimage\"},\"thumbnailUrl\":\"https:\\\/\\\/www.sinergiahumanitaria.cl\\\/portal\\\/wp-content\\\/uploads\\\/2026\\\/01\\\/7.jpeg\",\"articleSection\":[\"Renca\"],\"inLanguage\":\"es-CL\",\"potentialAction\":[{\"@type\":\"CommentAction\",\"name\":\"Comment\",\"target\":[\"https:\\\/\\\/www.sinergiahumanitaria.cl\\\/portal\\\/2026\\\/01\\\/23\\\/renca-recibio-contenedor-con-ayuda-humanitaria\\\/#respond\"]}]},{\"@type\":\"WebPage\",\"@id\":\"https:\\\/\\\/www.sinergiahumanitaria.cl\\\/portal\\\/2026\\\/01\\\/23\\\/renca-recibio-contenedor-con-ayuda-humanitaria\\\/\",\"url\":\"https:\\\/\\\/www.sinergiahumanitaria.cl\\\/portal\\\/2026\\\/01\\\/23\\\/renca-recibio-contenedor-con-ayuda-humanitaria\\\/\",\"name\":\"Renca recibi\u00f3 contenedor con ayuda humanitaria - Fundaci\u00f3n Sinergia Humanitaria\",\"isPartOf\":{\"@id\":\"https:\\\/\\\/www.sinergiahumanitaria.cl\\\/portal\\\/#website\"},\"primaryImageOfPage\":{\"@id\":\"https:\\\/\\\/www.sinergiahumanitaria.cl\\\/portal\\\/2026\\\/01\\\/23\\\/renca-recibio-contenedor-con-ayuda-humanitaria\\\/#primaryimage\"},\"image\":{\"@id\":\"https:\\\/\\\/www.sinergiahumanitaria.cl\\\/portal\\\/2026\\\/01\\\/23\\\/renca-recibio-contenedor-con-ayuda-humanitaria\\\/#primaryimage\"},\"thumbnailUrl\":\"https:\\\/\\\/www.sinergiahumanitaria.cl\\\/portal\\\/wp-content\\\/uploads\\\/2026\\\/01\\\/7.jpeg\",\"datePublished\":\"2026-01-23T20:47:03+00:00\",\"dateModified\":\"2026-02-16T15:36:40+00:00\",\"breadcrumb\":{\"@id\":\"https:\\\/\\\/www.sinergiahumanitaria.cl\\\/portal\\\/2026\\\/01\\\/23\\\/renca-recibio-contenedor-con-ayuda-humanitaria\\\/#breadcrumb\"},\"inLanguage\":\"es-CL\",\"potentialAction\":[{\"@type\":\"ReadAction\",\"target\":[\"https:\\\/\\\/www.sinergiahumanitaria.cl\\\/portal\\\/2026\\\/01\\\/23\\\/renca-recibio-contenedor-con-ayuda-humanitaria\\\/\"]}]},{\"@type\":\"ImageObject\",\"inLanguage\":\"es-CL\",\"@id\":\"https:\\\/\\\/www.sinergiahumanitaria.cl\\\/portal\\\/2026\\\/01\\\/23\\\/renca-recibio-contenedor-con-ayuda-humanitaria\\\/#primaryimage\",\"url\":\"https:\\\/\\\/www.sinergiahumanitaria.cl\\\/portal\\\/wp-content\\\/uploads\\\/2026\\\/01\\\/7.jpeg\",\"contentUrl\":\"https:\\\/\\\/www.sinergiahumanitaria.cl\\\/portal\\\/wp-content\\\/uploads\\\/2026\\\/01\\\/7.jpeg\",\"width\":1600,\"height\":1200},{\"@type\":\"BreadcrumbList\",\"@id\":\"https:\\\/\\\/www.sinergiahumanitaria.cl\\\/portal\\\/2026\\\/01\\\/23\\\/renca-recibio-contenedor-con-ayuda-humanitaria\\\/#breadcrumb\",\"itemListElement\":[{\"@type\":\"ListItem\",\"position\":1,\"name\":\"Portada\",\"item\":\"https:\\\/\\\/www.sinergiahumanitaria.cl\\\/portal\\\/\"},{\"@type\":\"ListItem\",\"position\":2,\"name\":\"Renca recibi\u00f3 contenedor con ayuda humanitaria\"}]},{\"@type\":\"WebSite\",\"@id\":\"https:\\\/\\\/www.sinergiahumanitaria.cl\\\/portal\\\/#website\",\"url\":\"https:\\\/\\\/www.sinergiahumanitaria.cl\\\/portal\\\/\",\"name\":\"Fundaci\u00f3n Sinergia Humanitaria\",\"description\":\"Acci\u00f3n Solidaria desde 2001\",\"publisher\":{\"@id\":\"https:\\\/\\\/www.sinergiahumanitaria.cl\\\/portal\\\/#organization\"},\"potentialAction\":[{\"@type\":\"SearchAction\",\"target\":{\"@type\":\"EntryPoint\",\"urlTemplate\":\"https:\\\/\\\/www.sinergiahumanitaria.cl\\\/portal\\\/?s={search_term_string}\"},\"query-input\":{\"@type\":\"PropertyValueSpecification\",\"valueRequired\":true,\"valueName\":\"search_term_string\"}}],\"inLanguage\":\"es-CL\"},{\"@type\":\"Organization\",\"@id\":\"https:\\\/\\\/www.sinergiahumanitaria.cl\\\/portal\\\/#organization\",\"name\":\"Fundaci\u00f3n Sinergia Humanitaria\",\"url\":\"https:\\\/\\\/www.sinergiahumanitaria.cl\\\/portal\\\/\",\"logo\":{\"@type\":\"ImageObject\",\"inLanguage\":\"es-CL\",\"@id\":\"https:\\\/\\\/www.sinergiahumanitaria.cl\\\/portal\\\/#\\\/schema\\\/logo\\\/image\\\/\",\"url\":\"https:\\\/\\\/www.sinergiahumanitaria.cl\\\/portal\\\/wp-content\\\/uploads\\\/2020\\\/07\\\/LOGO-jpg-scaled.jpg\",\"contentUrl\":\"https:\\\/\\\/www.sinergiahumanitaria.cl\\\/portal\\\/wp-content\\\/uploads\\\/2020\\\/07\\\/LOGO-jpg-scaled.jpg\",\"width\":2560,\"height\":1440,\"caption\":\"Fundaci\u00f3n Sinergia Humanitaria\"},\"image\":{\"@id\":\"https:\\\/\\\/www.sinergiahumanitaria.cl\\\/portal\\\/#\\\/schema\\\/logo\\\/image\\\/\"},\"sameAs\":[\"https:\\\/\\\/www.facebook.com\\\/sinergiahumanitaria\\\/\",\"https:\\\/\\\/x.com\\\/fsinergiah\",\"https:\\\/\\\/www.instagram.com\\\/fsinergiah\\\/\"]},{\"@type\":\"Person\",\"@id\":\"https:\\\/\\\/www.sinergiahumanitaria.cl\\\/portal\\\/#\\\/schema\\\/person\\\/6c21471c8460d29d6013c6d5196156ed\",\"name\":\"pzavala\",\"image\":{\"@type\":\"ImageObject\",\"inLanguage\":\"es-CL\",\"@id\":\"https:\\\/\\\/secure.gravatar.com\\\/avatar\\\/3fca3b3977ef43d2b34e0b5d0849b0dc28d3e805e72577c02e835f10a9f05214?s=96&d=mm&r=g\",\"url\":\"https:\\\/\\\/secure.gravatar.com\\\/avatar\\\/3fca3b3977ef43d2b34e0b5d0849b0dc28d3e805e72577c02e835f10a9f05214?s=96&d=mm&r=g\",\"contentUrl\":\"https:\\\/\\\/secure.gravatar.com\\\/avatar\\\/3fca3b3977ef43d2b34e0b5d0849b0dc28d3e805e72577c02e835f10a9f05214?s=96&d=mm&r=g\",\"caption\":\"pzavala\"},\"url\":\"https:\\\/\\\/www.sinergiahumanitaria.cl\\\/portal\\\/author\\\/pzavala\\\/\"}]}<\/script>\n<!-- \/ Yoast SEO plugin. -->","yoast_head_json":{"title":"Renca recibi\u00f3 contenedor con ayuda humanitaria - Fundaci\u00f3n Sinergia Humanitaria","robots":{"index":"index","follow":"follow","max-snippet":"max-snippet:-1","max-image-preview":"max-image-preview:large","max-video-preview":"max-video-preview:-1"},"canonical":"https:\/\/www.sinergiahumanitaria.cl\/portal\/2026\/01\/23\/renca-recibio-contenedor-con-ayuda-humanitaria\/","og_locale":"es_ES","og_type":"article","og_title":"Renca recibi\u00f3 contenedor con ayuda humanitaria - Fundaci\u00f3n Sinergia Humanitaria","og_description":"Gracias al apoyo de la Orden de Malta en Suiza, y a trav\u00e9s de la Fundaci\u00f3n Sinergia Humanitaria, lleg\u00f3 a la comuna de Renca un contenedor con camas cl\u00ednicas, insumos m\u00e9dicos y equipamiento esencial, destinado al beneficio directo de sus vecinos. Un trabajo colaborativo que transforma la solidaridad internacional en apoyo concreto para la comunidad.","og_url":"https:\/\/www.sinergiahumanitaria.cl\/portal\/2026\/01\/23\/renca-recibio-contenedor-con-ayuda-humanitaria\/","og_site_name":"Fundaci\u00f3n Sinergia Humanitaria","article_publisher":"https:\/\/www.facebook.com\/sinergiahumanitaria\/","article_published_time":"2026-01-23T20:47:03+00:00","article_modified_time":"2026-02-16T15:36:40+00:00","og_image":[{"width":1600,"height":1200,"url":"https:\/\/www.sinergiahumanitaria.cl\/portal\/wp-content\/uploads\/2026\/01\/7.jpeg","type":"image\/jpeg"}],"author":"pzavala","twitter_card":"summary_large_image","twitter_creator":"@fsinergiah","twitter_site":"@fsinergiah","twitter_misc":{"Escrito por":"pzavala","Tiempo estimado de lectura":"1 minuto"},"schema":{"@context":"https:\/\/schema.org","@graph":[{"@type":"Article","@id":"https:\/\/www.sinergiahumanitaria.cl\/portal\/2026\/01\/23\/renca-recibio-contenedor-con-ayuda-humanitaria\/#article","isPartOf":{"@id":"https:\/\/www.sinergiahumanitaria.cl\/portal\/2026\/01\/23\/renca-recibio-contenedor-con-ayuda-humanitaria\/"},"author":{"name":"pzavala","@id":"https:\/\/www.sinergiahumanitaria.cl\/portal\/#\/schema\/person\/6c21471c8460d29d6013c6d5196156ed"},"headline":"Renca recibi\u00f3 contenedor con ayuda humanitaria","datePublished":"2026-01-23T20:47:03+00:00","dateModified":"2026-02-16T15:36:40+00:00","mainEntityOfPage":{"@id":"https:\/\/www.sinergiahumanitaria.cl\/portal\/2026\/01\/23\/renca-recibio-contenedor-con-ayuda-humanitaria\/"},"wordCount":83,"commentCount":0,"publisher":{"@id":"https:\/\/www.sinergiahumanitaria.cl\/portal\/#organization"},"image":{"@id":"https:\/\/www.sinergiahumanitaria.cl\/portal\/2026\/01\/23\/renca-recibio-contenedor-con-ayuda-humanitaria\/#primaryimage"},"thumbnailUrl":"https:\/\/www.sinergiahumanitaria.cl\/portal\/wp-content\/uploads\/2026\/01\/7.jpeg","articleSection":["Renca"],"inLanguage":"es-CL","potentialAction":[{"@type":"CommentAction","name":"Comment","target":["https:\/\/www.sinergiahumanitaria.cl\/portal\/2026\/01\/23\/renca-recibio-contenedor-con-ayuda-humanitaria\/#respond"]}]},{"@type":"WebPage","@id":"https:\/\/www.sinergiahumanitaria.cl\/portal\/2026\/01\/23\/renca-recibio-contenedor-con-ayuda-humanitaria\/","url":"https:\/\/www.sinergiahumanitaria.cl\/portal\/2026\/01\/23\/renca-recibio-contenedor-con-ayuda-humanitaria\/","name":"Renca recibi\u00f3 contenedor con ayuda humanitaria - Fundaci\u00f3n Sinergia Humanitaria","isPartOf":{"@id":"https:\/\/www.sinergiahumanitaria.cl\/portal\/#website"},"primaryImageOfPage":{"@id":"https:\/\/www.sinergiahumanitaria.cl\/portal\/2026\/01\/23\/renca-recibio-contenedor-con-ayuda-humanitaria\/#primaryimage"},"image":{"@id":"https:\/\/www.sinergiahumanitaria.cl\/portal\/2026\/01\/23\/renca-recibio-contenedor-con-ayuda-humanitaria\/#primaryimage"},"thumbnailUrl":"https:\/\/www.sinergiahumanitaria.cl\/portal\/wp-content\/uploads\/2026\/01\/7.jpeg","datePublished":"2026-01-23T20:47:03+00:00","dateModified":"2026-02-16T15:36:40+00:00","breadcrumb":{"@id":"https:\/\/www.sinergiahumanitaria.cl\/portal\/2026\/01\/23\/renca-recibio-contenedor-con-ayuda-humanitaria\/#breadcrumb"},"inLanguage":"es-CL","potentialAction":[{"@type":"ReadAction","target":["https:\/\/www.sinergiahumanitaria.cl\/portal\/2026\/01\/23\/renca-recibio-contenedor-con-ayuda-humanitaria\/"]}]},{"@type":"ImageObject","inLanguage":"es-CL","@id":"https:\/\/www.sinergiahumanitaria.cl\/portal\/2026\/01\/23\/renca-recibio-contenedor-con-ayuda-humanitaria\/#primaryimage","url":"https:\/\/www.sinergiahumanitaria.cl\/portal\/wp-content\/uploads\/2026\/01\/7.jpeg","contentUrl":"https:\/\/www.sinergiahumanitaria.cl\/portal\/wp-content\/uploads\/2026\/01\/7.jpeg","width":1600,"height":1200},{"@type":"BreadcrumbList","@id":"https:\/\/www.sinergiahumanitaria.cl\/portal\/2026\/01\/23\/renca-recibio-contenedor-con-ayuda-humanitaria\/#breadcrumb","itemListElement":[{"@type":"ListItem","position":1,"name":"Portada","item":"https:\/\/www.sinergiahumanitaria.cl\/portal\/"},{"@type":"ListItem","position":2,"name":"Renca recibi\u00f3 contenedor con ayuda humanitaria"}]},{"@type":"WebSite","@id":"https:\/\/www.sinergiahumanitaria.cl\/portal\/#website","url":"https:\/\/www.sinergiahumanitaria.cl\/portal\/","name":"Fundaci\u00f3n Sinergia Humanitaria","description":"Acci\u00f3n Solidaria desde 2001","publisher":{"@id":"https:\/\/www.sinergiahumanitaria.cl\/portal\/#organization"},"potentialAction":[{"@type":"SearchAction","target":{"@type":"EntryPoint","urlTemplate":"https:\/\/www.sinergiahumanitaria.cl\/portal\/?s={search_term_string}"},"query-input":{"@type":"PropertyValueSpecification","valueRequired":true,"valueName":"search_term_string"}}],"inLanguage":"es-CL"},{"@type":"Organization","@id":"https:\/\/www.sinergiahumanitaria.cl\/portal\/#organization","name":"Fundaci\u00f3n Sinergia Humanitaria","url":"https:\/\/www.sinergiahumanitaria.cl\/portal\/","logo":{"@type":"ImageObject","inLanguage":"es-CL","@id":"https:\/\/www.sinergiahumanitaria.cl\/portal\/#\/schema\/logo\/image\/","url":"https:\/\/www.sinergiahumanitaria.cl\/portal\/wp-content\/uploads\/2020\/07\/LOGO-jpg-scaled.jpg","contentUrl":"https:\/\/www.sinergiahumanitaria.cl\/portal\/wp-content\/uploads\/2020\/07\/LOGO-jpg-scaled.jpg","width":2560,"height":1440,"caption":"Fundaci\u00f3n Sinergia Humanitaria"},"image":{"@id":"https:\/\/www.sinergiahumanitaria.cl\/portal\/#\/schema\/logo\/image\/"},"sameAs":["https:\/\/www.facebook.com\/sinergiahumanitaria\/","https:\/\/x.com\/fsinergiah","https:\/\/www.instagram.com\/fsinergiah\/"]},{"@type":"Person","@id":"https:\/\/www.sinergiahumanitaria.cl\/portal\/#\/schema\/person\/6c21471c8460d29d6013c6d5196156ed","name":"pzavala","image":{"@type":"ImageObject","inLanguage":"es-CL","@id":"https:\/\/secure.gravatar.com\/avatar\/3fca3b3977ef43d2b34e0b5d0849b0dc28d3e805e72577c02e835f10a9f05214?s=96&d=mm&r=g","url":"https:\/\/secure.gravatar.com\/avatar\/3fca3b3977ef43d2b34e0b5d0849b0dc28d3e805e72577c02e835f10a9f05214?s=96&d=mm&r=g","contentUrl":"https:\/\/secure.gravatar.com\/avatar\/3fca3b3977ef43d2b34e0b5d0849b0dc28d3e805e72577c02e835f10a9f05214?s=96&d=mm&r=g","caption":"pzavala"},"url":"https:\/\/www.sinergiahumanitaria.cl\/portal\/author\/pzavala\/"}]}},"_links":{"self":[{"href":"https:\/\/www.sinergiahumanitaria.cl\/portal\/wp-json\/wp\/v2\/posts\/8103","targetHints":{"allow":["GET"]}}],"collection":[{"href":"https:\/\/www.sinergiahumanitaria.cl\/portal\/wp-json\/wp\/v2\/posts"}],"about":[{"href":"https:\/\/www.sinergiahumanitaria.cl\/portal\/wp-json\/wp\/v2\/types\/post"}],"author":[{"embeddable":true,"href":"https:\/\/www.sinergiahumanitaria.cl\/portal\/wp-json\/wp\/v2\/users\/6"}],"replies":[{"embeddable":true,"href":"https:\/\/www.sinergiahumanitaria.cl\/portal\/wp-json\/wp\/v2\/comments?post=8103"}],"version-history":[{"count":3,"href":"https:\/\/www.sinergiahumanitaria.cl\/portal\/wp-json\/wp\/v2\/posts\/8103\/revisions"}],"predecessor-version":[{"id":8127,"href":"https:\/\/www.sinergiahumanitaria.cl\/portal\/wp-json\/wp\/v2\/posts\/8103\/revisions\/8127"}],"wp:featuredmedia":[{"embeddable":true,"href":"https:\/\/www.sinergiahumanitaria.cl\/portal\/wp-json\/wp\/v2\/media\/8110"}],"wp:attachment":[{"href":"https:\/\/www.sinergiahumanitaria.cl\/portal\/wp-json\/wp\/v2\/media?parent=8103"}],"wp:term":[{"taxonomy":"category","embeddable":true,"href":"https:\/\/www.sinergiahumanitaria.cl\/portal\/wp-json\/wp\/v2\/categories?post=8103"},{"taxonomy":"post_tag","embeddable":true,"href":"https:\/\/www.sinergiahumanitaria.cl\/portal\/wp-json\/wp\/v2\/tags?post=8103"}],"curies":[{"name":"wp","href":"https:\/\/api.w.org\/{rel}","templated":true}]}}