{"id":811,"date":"2017-07-17T08:00:51","date_gmt":"2017-07-17T08:00:51","guid":{"rendered":"https:\/\/sinergiahumanitaria.cl\/portal\/?p=579"},"modified":"2018-05-05T15:02:38","modified_gmt":"2018-05-05T15:02:38","slug":"cerro-castillo-xi-region","status":"publish","type":"post","link":"https:\/\/www.sinergiahumanitaria.cl\/portal\/2017\/07\/17\/cerro-castillo-xi-region\/","title":{"rendered":"Donaci\u00f3n de carro bomba y equipamiento para Cerro Castillo, XI Regi\u00f3n"},"content":{"rendered":"<p><em>Tras gestiones realizadas por nuestra Fundaci\u00f3n ante bomberos de Suiza, el 17 de julio pasado se materializ\u00f3 la donaci\u00f3n de un carro bomba de apoyo para Cerro Castillo. Su entrega junto a uniformes y equipamiento valorada en m\u00e1s de $ 200 millones se realiz\u00f3 en presencia de Sylvain Scherz, Comandante de Bomberos de Lausanne, autoridades edilicias, voluntarios, representantes de la sociedad civil, empresarios y miembros directivos de nuestra Fundaci\u00f3n. La operaci\u00f3n de traslado cont\u00f3 con el apoyo financiero del sector privado encabezado por Aristides Benavente. El Comandante Scherz aprovecho la oportunidad para ofrecer cursos de capacitaci\u00f3n en el centro que tiene su instituci\u00f3n en dicho pa\u00eds.<\/em><\/p>\n","protected":false},"excerpt":{"rendered":"<p>Tras gestiones realizadas por nuestra Fundaci\u00f3n ante bomberos de Suiza, el 17 de julio pasado se materializ\u00f3 la donaci\u00f3n de un carro bomba de apoyo para Cerro Castillo. Su entrega junto a uniformes y equipamiento valorada en m\u00e1s de $ 200 millones se realiz\u00f3 en presencia de Sylvain Scherz, Comandante de Bomberos de Lausanne, autoridades [&hellip;]<\/p>\n","protected":false},"author":2,"featured_media":907,"comment_status":"closed","ping_status":"open","sticky":false,"template":"","format":"standard","meta":{"footnotes":""},"categories":[13],"tags":[],"class_list":["post-811","post","type-post","status-publish","format-standard","has-post-thumbnail","hentry","category-donaciones"],"yoast_head":"<!-- This site is optimized with the Yoast SEO plugin v27.5 - https:\/\/yoast.com\/product\/yoast-seo-wordpress\/ -->\n<title>Donaci\u00f3n de carro bomba y equipamiento para Cerro Castillo, XI Regi\u00f3n - Fundaci\u00f3n Sinergia Humanitaria<\/title>\n<meta name=\"robots\" content=\"index, follow, max-snippet:-1, max-image-preview:large, max-video-preview:-1\" \/>\n<link rel=\"canonical\" href=\"https:\/\/www.sinergiahumanitaria.cl\/portal\/2017\/07\/17\/cerro-castillo-xi-region\/\" \/>\n<meta property=\"og:locale\" content=\"es_ES\" \/>\n<meta property=\"og:type\" content=\"article\" \/>\n<meta property=\"og:title\" content=\"Donaci\u00f3n de carro bomba y equipamiento para Cerro Castillo, XI Regi\u00f3n - Fundaci\u00f3n Sinergia Humanitaria\" \/>\n<meta property=\"og:description\" content=\"Tras gestiones realizadas por nuestra Fundaci\u00f3n ante bomberos de Suiza, el 17 de julio pasado se materializ\u00f3 la donaci\u00f3n de un carro bomba de apoyo para Cerro Castillo. Su entrega junto a uniformes y equipamiento valorada en m\u00e1s de $ 200 millones se realiz\u00f3 en presencia de Sylvain Scherz, Comandante de Bomberos de Lausanne, autoridades [&hellip;]\" \/>\n<meta property=\"og:url\" content=\"https:\/\/www.sinergiahumanitaria.cl\/portal\/2017\/07\/17\/cerro-castillo-xi-region\/\" \/>\n<meta property=\"og:site_name\" content=\"Fundaci\u00f3n Sinergia Humanitaria\" \/>\n<meta property=\"article:publisher\" content=\"https:\/\/www.facebook.com\/sinergiahumanitaria\/\" \/>\n<meta property=\"article:published_time\" content=\"2017-07-17T08:00:51+00:00\" \/>\n<meta property=\"article:modified_time\" content=\"2018-05-05T15:02:38+00:00\" \/>\n<meta property=\"og:image\" content=\"https:\/\/www.sinergiahumanitaria.cl\/portal\/wp-content\/uploads\/2017\/07\/CARRO.jpg\" \/>\n\t<meta property=\"og:image:width\" content=\"960\" \/>\n\t<meta property=\"og:image:height\" content=\"960\" \/>\n\t<meta property=\"og:image:type\" content=\"image\/jpeg\" \/>\n<meta name=\"twitter:card\" content=\"summary_large_image\" \/>\n<meta name=\"twitter:creator\" content=\"@fsinergiah\" \/>\n<meta name=\"twitter:site\" content=\"@fsinergiah\" \/>\n<meta name=\"twitter:label1\" content=\"Escrito por\" \/>\n\t<meta name=\"twitter:data1\" content=\"\" \/>\n\t<meta name=\"twitter:label2\" content=\"Tiempo estimado de lectura\" \/>\n\t<meta name=\"twitter:data2\" content=\"1 minuto\" \/>\n<script type=\"application\/ld+json\" class=\"yoast-schema-graph\">{\"@context\":\"https:\\\/\\\/schema.org\",\"@graph\":[{\"@type\":\"Article\",\"@id\":\"https:\\\/\\\/www.sinergiahumanitaria.cl\\\/portal\\\/2017\\\/07\\\/17\\\/cerro-castillo-xi-region\\\/#article\",\"isPartOf\":{\"@id\":\"https:\\\/\\\/www.sinergiahumanitaria.cl\\\/portal\\\/2017\\\/07\\\/17\\\/cerro-castillo-xi-region\\\/\"},\"author\":{\"name\":\"\",\"@id\":\"\"},\"headline\":\"Donaci\u00f3n de carro bomba y equipamiento para Cerro Castillo, XI Regi\u00f3n\",\"datePublished\":\"2017-07-17T08:00:51+00:00\",\"dateModified\":\"2018-05-05T15:02:38+00:00\",\"mainEntityOfPage\":{\"@id\":\"https:\\\/\\\/www.sinergiahumanitaria.cl\\\/portal\\\/2017\\\/07\\\/17\\\/cerro-castillo-xi-region\\\/\"},\"wordCount\":124,\"publisher\":{\"@id\":\"https:\\\/\\\/www.sinergiahumanitaria.cl\\\/portal\\\/#organization\"},\"image\":{\"@id\":\"https:\\\/\\\/www.sinergiahumanitaria.cl\\\/portal\\\/2017\\\/07\\\/17\\\/cerro-castillo-xi-region\\\/#primaryimage\"},\"thumbnailUrl\":\"https:\\\/\\\/www.sinergiahumanitaria.cl\\\/portal\\\/wp-content\\\/uploads\\\/2017\\\/07\\\/CARRO.jpg\",\"articleSection\":[\"Donaciones\"],\"inLanguage\":\"es-CL\"},{\"@type\":\"WebPage\",\"@id\":\"https:\\\/\\\/www.sinergiahumanitaria.cl\\\/portal\\\/2017\\\/07\\\/17\\\/cerro-castillo-xi-region\\\/\",\"url\":\"https:\\\/\\\/www.sinergiahumanitaria.cl\\\/portal\\\/2017\\\/07\\\/17\\\/cerro-castillo-xi-region\\\/\",\"name\":\"Donaci\u00f3n de carro bomba y equipamiento para Cerro Castillo, XI Regi\u00f3n - Fundaci\u00f3n Sinergia Humanitaria\",\"isPartOf\":{\"@id\":\"https:\\\/\\\/www.sinergiahumanitaria.cl\\\/portal\\\/#website\"},\"primaryImageOfPage\":{\"@id\":\"https:\\\/\\\/www.sinergiahumanitaria.cl\\\/portal\\\/2017\\\/07\\\/17\\\/cerro-castillo-xi-region\\\/#primaryimage\"},\"image\":{\"@id\":\"https:\\\/\\\/www.sinergiahumanitaria.cl\\\/portal\\\/2017\\\/07\\\/17\\\/cerro-castillo-xi-region\\\/#primaryimage\"},\"thumbnailUrl\":\"https:\\\/\\\/www.sinergiahumanitaria.cl\\\/portal\\\/wp-content\\\/uploads\\\/2017\\\/07\\\/CARRO.jpg\",\"datePublished\":\"2017-07-17T08:00:51+00:00\",\"dateModified\":\"2018-05-05T15:02:38+00:00\",\"breadcrumb\":{\"@id\":\"https:\\\/\\\/www.sinergiahumanitaria.cl\\\/portal\\\/2017\\\/07\\\/17\\\/cerro-castillo-xi-region\\\/#breadcrumb\"},\"inLanguage\":\"es-CL\",\"potentialAction\":[{\"@type\":\"ReadAction\",\"target\":[\"https:\\\/\\\/www.sinergiahumanitaria.cl\\\/portal\\\/2017\\\/07\\\/17\\\/cerro-castillo-xi-region\\\/\"]}]},{\"@type\":\"ImageObject\",\"inLanguage\":\"es-CL\",\"@id\":\"https:\\\/\\\/www.sinergiahumanitaria.cl\\\/portal\\\/2017\\\/07\\\/17\\\/cerro-castillo-xi-region\\\/#primaryimage\",\"url\":\"https:\\\/\\\/www.sinergiahumanitaria.cl\\\/portal\\\/wp-content\\\/uploads\\\/2017\\\/07\\\/CARRO.jpg\",\"contentUrl\":\"https:\\\/\\\/www.sinergiahumanitaria.cl\\\/portal\\\/wp-content\\\/uploads\\\/2017\\\/07\\\/CARRO.jpg\",\"width\":960,\"height\":960},{\"@type\":\"BreadcrumbList\",\"@id\":\"https:\\\/\\\/www.sinergiahumanitaria.cl\\\/portal\\\/2017\\\/07\\\/17\\\/cerro-castillo-xi-region\\\/#breadcrumb\",\"itemListElement\":[{\"@type\":\"ListItem\",\"position\":1,\"name\":\"Portada\",\"item\":\"https:\\\/\\\/www.sinergiahumanitaria.cl\\\/portal\\\/\"},{\"@type\":\"ListItem\",\"position\":2,\"name\":\"Donaci\u00f3n de carro bomba y equipamiento para Cerro Castillo, XI Regi\u00f3n\"}]},{\"@type\":\"WebSite\",\"@id\":\"https:\\\/\\\/www.sinergiahumanitaria.cl\\\/portal\\\/#website\",\"url\":\"https:\\\/\\\/www.sinergiahumanitaria.cl\\\/portal\\\/\",\"name\":\"Fundaci\u00f3n Sinergia Humanitaria\",\"description\":\"Acci\u00f3n Solidaria desde 2001\",\"publisher\":{\"@id\":\"https:\\\/\\\/www.sinergiahumanitaria.cl\\\/portal\\\/#organization\"},\"potentialAction\":[{\"@type\":\"SearchAction\",\"target\":{\"@type\":\"EntryPoint\",\"urlTemplate\":\"https:\\\/\\\/www.sinergiahumanitaria.cl\\\/portal\\\/?s={search_term_string}\"},\"query-input\":{\"@type\":\"PropertyValueSpecification\",\"valueRequired\":true,\"valueName\":\"search_term_string\"}}],\"inLanguage\":\"es-CL\"},{\"@type\":\"Organization\",\"@id\":\"https:\\\/\\\/www.sinergiahumanitaria.cl\\\/portal\\\/#organization\",\"name\":\"Fundaci\u00f3n Sinergia Humanitaria\",\"url\":\"https:\\\/\\\/www.sinergiahumanitaria.cl\\\/portal\\\/\",\"logo\":{\"@type\":\"ImageObject\",\"inLanguage\":\"es-CL\",\"@id\":\"https:\\\/\\\/www.sinergiahumanitaria.cl\\\/portal\\\/#\\\/schema\\\/logo\\\/image\\\/\",\"url\":\"https:\\\/\\\/www.sinergiahumanitaria.cl\\\/portal\\\/wp-content\\\/uploads\\\/2020\\\/07\\\/LOGO-jpg-scaled.jpg\",\"contentUrl\":\"https:\\\/\\\/www.sinergiahumanitaria.cl\\\/portal\\\/wp-content\\\/uploads\\\/2020\\\/07\\\/LOGO-jpg-scaled.jpg\",\"width\":2560,\"height\":1440,\"caption\":\"Fundaci\u00f3n Sinergia Humanitaria\"},\"image\":{\"@id\":\"https:\\\/\\\/www.sinergiahumanitaria.cl\\\/portal\\\/#\\\/schema\\\/logo\\\/image\\\/\"},\"sameAs\":[\"https:\\\/\\\/www.facebook.com\\\/sinergiahumanitaria\\\/\",\"https:\\\/\\\/x.com\\\/fsinergiah\",\"https:\\\/\\\/www.instagram.com\\\/fsinergiah\\\/\"]},{\"@type\":\"Person\",\"@id\":\"\",\"url\":\"https:\\\/\\\/www.sinergiahumanitaria.cl\\\/portal\\\/author\\\/\"}]}<\/script>\n<!-- \/ Yoast SEO plugin. -->","yoast_head_json":{"title":"Donaci\u00f3n de carro bomba y equipamiento para Cerro Castillo, XI Regi\u00f3n - Fundaci\u00f3n Sinergia Humanitaria","robots":{"index":"index","follow":"follow","max-snippet":"max-snippet:-1","max-image-preview":"max-image-preview:large","max-video-preview":"max-video-preview:-1"},"canonical":"https:\/\/www.sinergiahumanitaria.cl\/portal\/2017\/07\/17\/cerro-castillo-xi-region\/","og_locale":"es_ES","og_type":"article","og_title":"Donaci\u00f3n de carro bomba y equipamiento para Cerro Castillo, XI Regi\u00f3n - Fundaci\u00f3n Sinergia Humanitaria","og_description":"Tras gestiones realizadas por nuestra Fundaci\u00f3n ante bomberos de Suiza, el 17 de julio pasado se materializ\u00f3 la donaci\u00f3n de un carro bomba de apoyo para Cerro Castillo. Su entrega junto a uniformes y equipamiento valorada en m\u00e1s de $ 200 millones se realiz\u00f3 en presencia de Sylvain Scherz, Comandante de Bomberos de Lausanne, autoridades [&hellip;]","og_url":"https:\/\/www.sinergiahumanitaria.cl\/portal\/2017\/07\/17\/cerro-castillo-xi-region\/","og_site_name":"Fundaci\u00f3n Sinergia Humanitaria","article_publisher":"https:\/\/www.facebook.com\/sinergiahumanitaria\/","article_published_time":"2017-07-17T08:00:51+00:00","article_modified_time":"2018-05-05T15:02:38+00:00","og_image":[{"width":960,"height":960,"url":"https:\/\/www.sinergiahumanitaria.cl\/portal\/wp-content\/uploads\/2017\/07\/CARRO.jpg","type":"image\/jpeg"}],"twitter_card":"summary_large_image","twitter_creator":"@fsinergiah","twitter_site":"@fsinergiah","twitter_misc":{"Escrito por":"","Tiempo estimado de lectura":"1 minuto"},"schema":{"@context":"https:\/\/schema.org","@graph":[{"@type":"Article","@id":"https:\/\/www.sinergiahumanitaria.cl\/portal\/2017\/07\/17\/cerro-castillo-xi-region\/#article","isPartOf":{"@id":"https:\/\/www.sinergiahumanitaria.cl\/portal\/2017\/07\/17\/cerro-castillo-xi-region\/"},"author":{"name":"","@id":""},"headline":"Donaci\u00f3n de carro bomba y equipamiento para Cerro Castillo, XI Regi\u00f3n","datePublished":"2017-07-17T08:00:51+00:00","dateModified":"2018-05-05T15:02:38+00:00","mainEntityOfPage":{"@id":"https:\/\/www.sinergiahumanitaria.cl\/portal\/2017\/07\/17\/cerro-castillo-xi-region\/"},"wordCount":124,"publisher":{"@id":"https:\/\/www.sinergiahumanitaria.cl\/portal\/#organization"},"image":{"@id":"https:\/\/www.sinergiahumanitaria.cl\/portal\/2017\/07\/17\/cerro-castillo-xi-region\/#primaryimage"},"thumbnailUrl":"https:\/\/www.sinergiahumanitaria.cl\/portal\/wp-content\/uploads\/2017\/07\/CARRO.jpg","articleSection":["Donaciones"],"inLanguage":"es-CL"},{"@type":"WebPage","@id":"https:\/\/www.sinergiahumanitaria.cl\/portal\/2017\/07\/17\/cerro-castillo-xi-region\/","url":"https:\/\/www.sinergiahumanitaria.cl\/portal\/2017\/07\/17\/cerro-castillo-xi-region\/","name":"Donaci\u00f3n de carro bomba y equipamiento para Cerro Castillo, XI Regi\u00f3n - Fundaci\u00f3n Sinergia Humanitaria","isPartOf":{"@id":"https:\/\/www.sinergiahumanitaria.cl\/portal\/#website"},"primaryImageOfPage":{"@id":"https:\/\/www.sinergiahumanitaria.cl\/portal\/2017\/07\/17\/cerro-castillo-xi-region\/#primaryimage"},"image":{"@id":"https:\/\/www.sinergiahumanitaria.cl\/portal\/2017\/07\/17\/cerro-castillo-xi-region\/#primaryimage"},"thumbnailUrl":"https:\/\/www.sinergiahumanitaria.cl\/portal\/wp-content\/uploads\/2017\/07\/CARRO.jpg","datePublished":"2017-07-17T08:00:51+00:00","dateModified":"2018-05-05T15:02:38+00:00","breadcrumb":{"@id":"https:\/\/www.sinergiahumanitaria.cl\/portal\/2017\/07\/17\/cerro-castillo-xi-region\/#breadcrumb"},"inLanguage":"es-CL","potentialAction":[{"@type":"ReadAction","target":["https:\/\/www.sinergiahumanitaria.cl\/portal\/2017\/07\/17\/cerro-castillo-xi-region\/"]}]},{"@type":"ImageObject","inLanguage":"es-CL","@id":"https:\/\/www.sinergiahumanitaria.cl\/portal\/2017\/07\/17\/cerro-castillo-xi-region\/#primaryimage","url":"https:\/\/www.sinergiahumanitaria.cl\/portal\/wp-content\/uploads\/2017\/07\/CARRO.jpg","contentUrl":"https:\/\/www.sinergiahumanitaria.cl\/portal\/wp-content\/uploads\/2017\/07\/CARRO.jpg","width":960,"height":960},{"@type":"BreadcrumbList","@id":"https:\/\/www.sinergiahumanitaria.cl\/portal\/2017\/07\/17\/cerro-castillo-xi-region\/#breadcrumb","itemListElement":[{"@type":"ListItem","position":1,"name":"Portada","item":"https:\/\/www.sinergiahumanitaria.cl\/portal\/"},{"@type":"ListItem","position":2,"name":"Donaci\u00f3n de carro bomba y equipamiento para Cerro Castillo, XI Regi\u00f3n"}]},{"@type":"WebSite","@id":"https:\/\/www.sinergiahumanitaria.cl\/portal\/#website","url":"https:\/\/www.sinergiahumanitaria.cl\/portal\/","name":"Fundaci\u00f3n Sinergia Humanitaria","description":"Acci\u00f3n Solidaria desde 2001","publisher":{"@id":"https:\/\/www.sinergiahumanitaria.cl\/portal\/#organization"},"potentialAction":[{"@type":"SearchAction","target":{"@type":"EntryPoint","urlTemplate":"https:\/\/www.sinergiahumanitaria.cl\/portal\/?s={search_term_string}"},"query-input":{"@type":"PropertyValueSpecification","valueRequired":true,"valueName":"search_term_string"}}],"inLanguage":"es-CL"},{"@type":"Organization","@id":"https:\/\/www.sinergiahumanitaria.cl\/portal\/#organization","name":"Fundaci\u00f3n Sinergia Humanitaria","url":"https:\/\/www.sinergiahumanitaria.cl\/portal\/","logo":{"@type":"ImageObject","inLanguage":"es-CL","@id":"https:\/\/www.sinergiahumanitaria.cl\/portal\/#\/schema\/logo\/image\/","url":"https:\/\/www.sinergiahumanitaria.cl\/portal\/wp-content\/uploads\/2020\/07\/LOGO-jpg-scaled.jpg","contentUrl":"https:\/\/www.sinergiahumanitaria.cl\/portal\/wp-content\/uploads\/2020\/07\/LOGO-jpg-scaled.jpg","width":2560,"height":1440,"caption":"Fundaci\u00f3n Sinergia Humanitaria"},"image":{"@id":"https:\/\/www.sinergiahumanitaria.cl\/portal\/#\/schema\/logo\/image\/"},"sameAs":["https:\/\/www.facebook.com\/sinergiahumanitaria\/","https:\/\/x.com\/fsinergiah","https:\/\/www.instagram.com\/fsinergiah\/"]},{"@type":"Person","@id":"","url":"https:\/\/www.sinergiahumanitaria.cl\/portal\/author\/"}]}},"_links":{"self":[{"href":"https:\/\/www.sinergiahumanitaria.cl\/portal\/wp-json\/wp\/v2\/posts\/811","targetHints":{"allow":["GET"]}}],"collection":[{"href":"https:\/\/www.sinergiahumanitaria.cl\/portal\/wp-json\/wp\/v2\/posts"}],"about":[{"href":"https:\/\/www.sinergiahumanitaria.cl\/portal\/wp-json\/wp\/v2\/types\/post"}],"author":[{"embeddable":true,"href":"https:\/\/www.sinergiahumanitaria.cl\/portal\/wp-json\/wp\/v2\/users\/2"}],"replies":[{"embeddable":true,"href":"https:\/\/www.sinergiahumanitaria.cl\/portal\/wp-json\/wp\/v2\/comments?post=811"}],"version-history":[{"count":1,"href":"https:\/\/www.sinergiahumanitaria.cl\/portal\/wp-json\/wp\/v2\/posts\/811\/revisions"}],"predecessor-version":[{"id":908,"href":"https:\/\/www.sinergiahumanitaria.cl\/portal\/wp-json\/wp\/v2\/posts\/811\/revisions\/908"}],"wp:featuredmedia":[{"embeddable":true,"href":"https:\/\/www.sinergiahumanitaria.cl\/portal\/wp-json\/wp\/v2\/media\/907"}],"wp:attachment":[{"href":"https:\/\/www.sinergiahumanitaria.cl\/portal\/wp-json\/wp\/v2\/media?parent=811"}],"wp:term":[{"taxonomy":"category","embeddable":true,"href":"https:\/\/www.sinergiahumanitaria.cl\/portal\/wp-json\/wp\/v2\/categories?post=811"},{"taxonomy":"post_tag","embeddable":true,"href":"https:\/\/www.sinergiahumanitaria.cl\/portal\/wp-json\/wp\/v2\/tags?post=811"}],"curies":[{"name":"wp","href":"https:\/\/api.w.org\/{rel}","templated":true}]}}