{"id":812,"date":"2017-06-11T08:00:40","date_gmt":"2017-06-11T08:00:40","guid":{"rendered":"https:\/\/sinergiahumanitaria.cl\/portal\/?p=607"},"modified":"2024-05-13T17:41:37","modified_gmt":"2024-05-13T21:41:37","slug":"entrega-de-ropa-a-campamento-felipe-camiroaga","status":"publish","type":"post","link":"https:\/\/www.sinergiahumanitaria.cl\/portal\/2017\/06\/11\/entrega-de-ropa-a-campamento-felipe-camiroaga\/","title":{"rendered":"Entrega de ayuda social a campamentos Felipe Camiroaga y Manuel Bustos"},"content":{"rendered":"<p><em>Gracias a nuestra gesti\u00f3n hoy realizamos entrega de ayuda\u00a0proveniente de organizaciones suizas y que destinamos a las familias de los campamentos Felipe Camiroaga y Manuel Bustos, ambos ubicados en la parte alta de Vi\u00f1a del Mar.<\/em><br \/>\n<em> Los vecinos expresaron su agradecimiento por este donativo que permiti\u00f3 cubrir necesidades b\u00e1sicas de sus pobladores, considerando el inicio del periodo invernal.<\/em><\/p>\n<p>&nbsp;<\/p>\n","protected":false},"excerpt":{"rendered":"<p>Gracias a nuestra gesti\u00f3n hoy realizamos entrega de ayuda\u00a0proveniente de organizaciones suizas y que destinamos a las familias de los campamentos Felipe Camiroaga y Manuel Bustos, ambos ubicados en la parte alta de Vi\u00f1a del Mar. Los vecinos expresaron su agradecimiento por este donativo que permiti\u00f3 cubrir necesidades b\u00e1sicas de sus pobladores, considerando el inicio [&hellip;]<\/p>\n","protected":false},"author":1,"featured_media":909,"comment_status":"closed","ping_status":"open","sticky":false,"template":"","format":"standard","meta":{"footnotes":""},"categories":[13,66],"tags":[],"class_list":["post-812","post","type-post","status-publish","format-standard","has-post-thumbnail","hentry","category-donaciones","category-vina-del-mar"],"yoast_head":"<!-- This site is optimized with the Yoast SEO plugin v27.5 - https:\/\/yoast.com\/product\/yoast-seo-wordpress\/ -->\n<title>Entrega de ayuda social a campamentos Felipe Camiroaga y Manuel Bustos - Fundaci\u00f3n Sinergia Humanitaria<\/title>\n<meta name=\"robots\" content=\"index, follow, max-snippet:-1, max-image-preview:large, max-video-preview:-1\" \/>\n<link rel=\"canonical\" href=\"https:\/\/www.sinergiahumanitaria.cl\/portal\/2017\/06\/11\/entrega-de-ropa-a-campamento-felipe-camiroaga\/\" \/>\n<meta property=\"og:locale\" content=\"es_ES\" \/>\n<meta property=\"og:type\" content=\"article\" \/>\n<meta property=\"og:title\" content=\"Entrega de ayuda social a campamentos Felipe Camiroaga y Manuel Bustos - Fundaci\u00f3n Sinergia Humanitaria\" \/>\n<meta property=\"og:description\" content=\"Gracias a nuestra gesti\u00f3n hoy realizamos entrega de ayuda\u00a0proveniente de organizaciones suizas y que destinamos a las familias de los campamentos Felipe Camiroaga y Manuel Bustos, ambos ubicados en la parte alta de Vi\u00f1a del Mar. Los vecinos expresaron su agradecimiento por este donativo que permiti\u00f3 cubrir necesidades b\u00e1sicas de sus pobladores, considerando el inicio [&hellip;]\" \/>\n<meta property=\"og:url\" content=\"https:\/\/www.sinergiahumanitaria.cl\/portal\/2017\/06\/11\/entrega-de-ropa-a-campamento-felipe-camiroaga\/\" \/>\n<meta property=\"og:site_name\" content=\"Fundaci\u00f3n Sinergia Humanitaria\" \/>\n<meta property=\"article:publisher\" content=\"https:\/\/www.facebook.com\/sinergiahumanitaria\/\" \/>\n<meta property=\"article:published_time\" content=\"2017-06-11T08:00:40+00:00\" \/>\n<meta property=\"article:modified_time\" content=\"2024-05-13T21:41:37+00:00\" \/>\n<meta property=\"og:image\" content=\"https:\/\/www.sinergiahumanitaria.cl\/portal\/wp-content\/uploads\/2017\/06\/CAMPAMENTOS.jpeg\" \/>\n\t<meta property=\"og:image:width\" content=\"1280\" \/>\n\t<meta property=\"og:image:height\" content=\"853\" \/>\n\t<meta property=\"og:image:type\" content=\"image\/jpeg\" \/>\n<meta name=\"author\" content=\"pastudillo\" \/>\n<meta name=\"twitter:card\" content=\"summary_large_image\" \/>\n<meta name=\"twitter:creator\" content=\"@fsinergiah\" \/>\n<meta name=\"twitter:site\" content=\"@fsinergiah\" \/>\n<meta name=\"twitter:label1\" content=\"Escrito por\" \/>\n\t<meta name=\"twitter:data1\" content=\"pastudillo\" \/>\n<script type=\"application\/ld+json\" class=\"yoast-schema-graph\">{\"@context\":\"https:\\\/\\\/schema.org\",\"@graph\":[{\"@type\":\"Article\",\"@id\":\"https:\\\/\\\/www.sinergiahumanitaria.cl\\\/portal\\\/2017\\\/06\\\/11\\\/entrega-de-ropa-a-campamento-felipe-camiroaga\\\/#article\",\"isPartOf\":{\"@id\":\"https:\\\/\\\/www.sinergiahumanitaria.cl\\\/portal\\\/2017\\\/06\\\/11\\\/entrega-de-ropa-a-campamento-felipe-camiroaga\\\/\"},\"author\":{\"name\":\"pastudillo\",\"@id\":\"https:\\\/\\\/www.sinergiahumanitaria.cl\\\/portal\\\/#\\\/schema\\\/person\\\/e8e4653f85fbcf3e7472bfc4be4c2673\"},\"headline\":\"Entrega de ayuda social a campamentos Felipe Camiroaga y Manuel Bustos\",\"datePublished\":\"2017-06-11T08:00:40+00:00\",\"dateModified\":\"2024-05-13T21:41:37+00:00\",\"mainEntityOfPage\":{\"@id\":\"https:\\\/\\\/www.sinergiahumanitaria.cl\\\/portal\\\/2017\\\/06\\\/11\\\/entrega-de-ropa-a-campamento-felipe-camiroaga\\\/\"},\"wordCount\":74,\"publisher\":{\"@id\":\"https:\\\/\\\/www.sinergiahumanitaria.cl\\\/portal\\\/#organization\"},\"image\":{\"@id\":\"https:\\\/\\\/www.sinergiahumanitaria.cl\\\/portal\\\/2017\\\/06\\\/11\\\/entrega-de-ropa-a-campamento-felipe-camiroaga\\\/#primaryimage\"},\"thumbnailUrl\":\"https:\\\/\\\/www.sinergiahumanitaria.cl\\\/portal\\\/wp-content\\\/uploads\\\/2017\\\/06\\\/CAMPAMENTOS.jpeg\",\"articleSection\":[\"Donaciones\",\"Vi\u00f1a del Mar\"],\"inLanguage\":\"es-CL\"},{\"@type\":\"WebPage\",\"@id\":\"https:\\\/\\\/www.sinergiahumanitaria.cl\\\/portal\\\/2017\\\/06\\\/11\\\/entrega-de-ropa-a-campamento-felipe-camiroaga\\\/\",\"url\":\"https:\\\/\\\/www.sinergiahumanitaria.cl\\\/portal\\\/2017\\\/06\\\/11\\\/entrega-de-ropa-a-campamento-felipe-camiroaga\\\/\",\"name\":\"Entrega de ayuda social a campamentos Felipe Camiroaga y Manuel Bustos - Fundaci\u00f3n Sinergia Humanitaria\",\"isPartOf\":{\"@id\":\"https:\\\/\\\/www.sinergiahumanitaria.cl\\\/portal\\\/#website\"},\"primaryImageOfPage\":{\"@id\":\"https:\\\/\\\/www.sinergiahumanitaria.cl\\\/portal\\\/2017\\\/06\\\/11\\\/entrega-de-ropa-a-campamento-felipe-camiroaga\\\/#primaryimage\"},\"image\":{\"@id\":\"https:\\\/\\\/www.sinergiahumanitaria.cl\\\/portal\\\/2017\\\/06\\\/11\\\/entrega-de-ropa-a-campamento-felipe-camiroaga\\\/#primaryimage\"},\"thumbnailUrl\":\"https:\\\/\\\/www.sinergiahumanitaria.cl\\\/portal\\\/wp-content\\\/uploads\\\/2017\\\/06\\\/CAMPAMENTOS.jpeg\",\"datePublished\":\"2017-06-11T08:00:40+00:00\",\"dateModified\":\"2024-05-13T21:41:37+00:00\",\"breadcrumb\":{\"@id\":\"https:\\\/\\\/www.sinergiahumanitaria.cl\\\/portal\\\/2017\\\/06\\\/11\\\/entrega-de-ropa-a-campamento-felipe-camiroaga\\\/#breadcrumb\"},\"inLanguage\":\"es-CL\",\"potentialAction\":[{\"@type\":\"ReadAction\",\"target\":[\"https:\\\/\\\/www.sinergiahumanitaria.cl\\\/portal\\\/2017\\\/06\\\/11\\\/entrega-de-ropa-a-campamento-felipe-camiroaga\\\/\"]}]},{\"@type\":\"ImageObject\",\"inLanguage\":\"es-CL\",\"@id\":\"https:\\\/\\\/www.sinergiahumanitaria.cl\\\/portal\\\/2017\\\/06\\\/11\\\/entrega-de-ropa-a-campamento-felipe-camiroaga\\\/#primaryimage\",\"url\":\"https:\\\/\\\/www.sinergiahumanitaria.cl\\\/portal\\\/wp-content\\\/uploads\\\/2017\\\/06\\\/CAMPAMENTOS.jpeg\",\"contentUrl\":\"https:\\\/\\\/www.sinergiahumanitaria.cl\\\/portal\\\/wp-content\\\/uploads\\\/2017\\\/06\\\/CAMPAMENTOS.jpeg\",\"width\":1280,\"height\":853},{\"@type\":\"BreadcrumbList\",\"@id\":\"https:\\\/\\\/www.sinergiahumanitaria.cl\\\/portal\\\/2017\\\/06\\\/11\\\/entrega-de-ropa-a-campamento-felipe-camiroaga\\\/#breadcrumb\",\"itemListElement\":[{\"@type\":\"ListItem\",\"position\":1,\"name\":\"Portada\",\"item\":\"https:\\\/\\\/www.sinergiahumanitaria.cl\\\/portal\\\/\"},{\"@type\":\"ListItem\",\"position\":2,\"name\":\"Entrega de ayuda social a campamentos Felipe Camiroaga y Manuel Bustos\"}]},{\"@type\":\"WebSite\",\"@id\":\"https:\\\/\\\/www.sinergiahumanitaria.cl\\\/portal\\\/#website\",\"url\":\"https:\\\/\\\/www.sinergiahumanitaria.cl\\\/portal\\\/\",\"name\":\"Fundaci\u00f3n Sinergia Humanitaria\",\"description\":\"Acci\u00f3n Solidaria desde 2001\",\"publisher\":{\"@id\":\"https:\\\/\\\/www.sinergiahumanitaria.cl\\\/portal\\\/#organization\"},\"potentialAction\":[{\"@type\":\"SearchAction\",\"target\":{\"@type\":\"EntryPoint\",\"urlTemplate\":\"https:\\\/\\\/www.sinergiahumanitaria.cl\\\/portal\\\/?s={search_term_string}\"},\"query-input\":{\"@type\":\"PropertyValueSpecification\",\"valueRequired\":true,\"valueName\":\"search_term_string\"}}],\"inLanguage\":\"es-CL\"},{\"@type\":\"Organization\",\"@id\":\"https:\\\/\\\/www.sinergiahumanitaria.cl\\\/portal\\\/#organization\",\"name\":\"Fundaci\u00f3n Sinergia Humanitaria\",\"url\":\"https:\\\/\\\/www.sinergiahumanitaria.cl\\\/portal\\\/\",\"logo\":{\"@type\":\"ImageObject\",\"inLanguage\":\"es-CL\",\"@id\":\"https:\\\/\\\/www.sinergiahumanitaria.cl\\\/portal\\\/#\\\/schema\\\/logo\\\/image\\\/\",\"url\":\"https:\\\/\\\/www.sinergiahumanitaria.cl\\\/portal\\\/wp-content\\\/uploads\\\/2020\\\/07\\\/LOGO-jpg-scaled.jpg\",\"contentUrl\":\"https:\\\/\\\/www.sinergiahumanitaria.cl\\\/portal\\\/wp-content\\\/uploads\\\/2020\\\/07\\\/LOGO-jpg-scaled.jpg\",\"width\":2560,\"height\":1440,\"caption\":\"Fundaci\u00f3n Sinergia Humanitaria\"},\"image\":{\"@id\":\"https:\\\/\\\/www.sinergiahumanitaria.cl\\\/portal\\\/#\\\/schema\\\/logo\\\/image\\\/\"},\"sameAs\":[\"https:\\\/\\\/www.facebook.com\\\/sinergiahumanitaria\\\/\",\"https:\\\/\\\/x.com\\\/fsinergiah\",\"https:\\\/\\\/www.instagram.com\\\/fsinergiah\\\/\"]},{\"@type\":\"Person\",\"@id\":\"https:\\\/\\\/www.sinergiahumanitaria.cl\\\/portal\\\/#\\\/schema\\\/person\\\/e8e4653f85fbcf3e7472bfc4be4c2673\",\"name\":\"pastudillo\",\"image\":{\"@type\":\"ImageObject\",\"inLanguage\":\"es-CL\",\"@id\":\"https:\\\/\\\/secure.gravatar.com\\\/avatar\\\/24edc107527e6583e7be6e6408f8815c5b03530718f2848cb4875a5502cb9c12?s=96&d=mm&r=g\",\"url\":\"https:\\\/\\\/secure.gravatar.com\\\/avatar\\\/24edc107527e6583e7be6e6408f8815c5b03530718f2848cb4875a5502cb9c12?s=96&d=mm&r=g\",\"contentUrl\":\"https:\\\/\\\/secure.gravatar.com\\\/avatar\\\/24edc107527e6583e7be6e6408f8815c5b03530718f2848cb4875a5502cb9c12?s=96&d=mm&r=g\",\"caption\":\"pastudillo\"},\"url\":\"https:\\\/\\\/www.sinergiahumanitaria.cl\\\/portal\\\/author\\\/pastudillo\\\/\"}]}<\/script>\n<!-- \/ Yoast SEO plugin. -->","yoast_head_json":{"title":"Entrega de ayuda social a campamentos Felipe Camiroaga y Manuel Bustos - Fundaci\u00f3n Sinergia Humanitaria","robots":{"index":"index","follow":"follow","max-snippet":"max-snippet:-1","max-image-preview":"max-image-preview:large","max-video-preview":"max-video-preview:-1"},"canonical":"https:\/\/www.sinergiahumanitaria.cl\/portal\/2017\/06\/11\/entrega-de-ropa-a-campamento-felipe-camiroaga\/","og_locale":"es_ES","og_type":"article","og_title":"Entrega de ayuda social a campamentos Felipe Camiroaga y Manuel Bustos - Fundaci\u00f3n Sinergia Humanitaria","og_description":"Gracias a nuestra gesti\u00f3n hoy realizamos entrega de ayuda\u00a0proveniente de organizaciones suizas y que destinamos a las familias de los campamentos Felipe Camiroaga y Manuel Bustos, ambos ubicados en la parte alta de Vi\u00f1a del Mar. Los vecinos expresaron su agradecimiento por este donativo que permiti\u00f3 cubrir necesidades b\u00e1sicas de sus pobladores, considerando el inicio [&hellip;]","og_url":"https:\/\/www.sinergiahumanitaria.cl\/portal\/2017\/06\/11\/entrega-de-ropa-a-campamento-felipe-camiroaga\/","og_site_name":"Fundaci\u00f3n Sinergia Humanitaria","article_publisher":"https:\/\/www.facebook.com\/sinergiahumanitaria\/","article_published_time":"2017-06-11T08:00:40+00:00","article_modified_time":"2024-05-13T21:41:37+00:00","og_image":[{"width":1280,"height":853,"url":"https:\/\/www.sinergiahumanitaria.cl\/portal\/wp-content\/uploads\/2017\/06\/CAMPAMENTOS.jpeg","type":"image\/jpeg"}],"author":"pastudillo","twitter_card":"summary_large_image","twitter_creator":"@fsinergiah","twitter_site":"@fsinergiah","twitter_misc":{"Escrito por":"pastudillo"},"schema":{"@context":"https:\/\/schema.org","@graph":[{"@type":"Article","@id":"https:\/\/www.sinergiahumanitaria.cl\/portal\/2017\/06\/11\/entrega-de-ropa-a-campamento-felipe-camiroaga\/#article","isPartOf":{"@id":"https:\/\/www.sinergiahumanitaria.cl\/portal\/2017\/06\/11\/entrega-de-ropa-a-campamento-felipe-camiroaga\/"},"author":{"name":"pastudillo","@id":"https:\/\/www.sinergiahumanitaria.cl\/portal\/#\/schema\/person\/e8e4653f85fbcf3e7472bfc4be4c2673"},"headline":"Entrega de ayuda social a campamentos Felipe Camiroaga y Manuel Bustos","datePublished":"2017-06-11T08:00:40+00:00","dateModified":"2024-05-13T21:41:37+00:00","mainEntityOfPage":{"@id":"https:\/\/www.sinergiahumanitaria.cl\/portal\/2017\/06\/11\/entrega-de-ropa-a-campamento-felipe-camiroaga\/"},"wordCount":74,"publisher":{"@id":"https:\/\/www.sinergiahumanitaria.cl\/portal\/#organization"},"image":{"@id":"https:\/\/www.sinergiahumanitaria.cl\/portal\/2017\/06\/11\/entrega-de-ropa-a-campamento-felipe-camiroaga\/#primaryimage"},"thumbnailUrl":"https:\/\/www.sinergiahumanitaria.cl\/portal\/wp-content\/uploads\/2017\/06\/CAMPAMENTOS.jpeg","articleSection":["Donaciones","Vi\u00f1a del Mar"],"inLanguage":"es-CL"},{"@type":"WebPage","@id":"https:\/\/www.sinergiahumanitaria.cl\/portal\/2017\/06\/11\/entrega-de-ropa-a-campamento-felipe-camiroaga\/","url":"https:\/\/www.sinergiahumanitaria.cl\/portal\/2017\/06\/11\/entrega-de-ropa-a-campamento-felipe-camiroaga\/","name":"Entrega de ayuda social a campamentos Felipe Camiroaga y Manuel Bustos - Fundaci\u00f3n Sinergia Humanitaria","isPartOf":{"@id":"https:\/\/www.sinergiahumanitaria.cl\/portal\/#website"},"primaryImageOfPage":{"@id":"https:\/\/www.sinergiahumanitaria.cl\/portal\/2017\/06\/11\/entrega-de-ropa-a-campamento-felipe-camiroaga\/#primaryimage"},"image":{"@id":"https:\/\/www.sinergiahumanitaria.cl\/portal\/2017\/06\/11\/entrega-de-ropa-a-campamento-felipe-camiroaga\/#primaryimage"},"thumbnailUrl":"https:\/\/www.sinergiahumanitaria.cl\/portal\/wp-content\/uploads\/2017\/06\/CAMPAMENTOS.jpeg","datePublished":"2017-06-11T08:00:40+00:00","dateModified":"2024-05-13T21:41:37+00:00","breadcrumb":{"@id":"https:\/\/www.sinergiahumanitaria.cl\/portal\/2017\/06\/11\/entrega-de-ropa-a-campamento-felipe-camiroaga\/#breadcrumb"},"inLanguage":"es-CL","potentialAction":[{"@type":"ReadAction","target":["https:\/\/www.sinergiahumanitaria.cl\/portal\/2017\/06\/11\/entrega-de-ropa-a-campamento-felipe-camiroaga\/"]}]},{"@type":"ImageObject","inLanguage":"es-CL","@id":"https:\/\/www.sinergiahumanitaria.cl\/portal\/2017\/06\/11\/entrega-de-ropa-a-campamento-felipe-camiroaga\/#primaryimage","url":"https:\/\/www.sinergiahumanitaria.cl\/portal\/wp-content\/uploads\/2017\/06\/CAMPAMENTOS.jpeg","contentUrl":"https:\/\/www.sinergiahumanitaria.cl\/portal\/wp-content\/uploads\/2017\/06\/CAMPAMENTOS.jpeg","width":1280,"height":853},{"@type":"BreadcrumbList","@id":"https:\/\/www.sinergiahumanitaria.cl\/portal\/2017\/06\/11\/entrega-de-ropa-a-campamento-felipe-camiroaga\/#breadcrumb","itemListElement":[{"@type":"ListItem","position":1,"name":"Portada","item":"https:\/\/www.sinergiahumanitaria.cl\/portal\/"},{"@type":"ListItem","position":2,"name":"Entrega de ayuda social a campamentos Felipe Camiroaga y Manuel Bustos"}]},{"@type":"WebSite","@id":"https:\/\/www.sinergiahumanitaria.cl\/portal\/#website","url":"https:\/\/www.sinergiahumanitaria.cl\/portal\/","name":"Fundaci\u00f3n Sinergia Humanitaria","description":"Acci\u00f3n Solidaria desde 2001","publisher":{"@id":"https:\/\/www.sinergiahumanitaria.cl\/portal\/#organization"},"potentialAction":[{"@type":"SearchAction","target":{"@type":"EntryPoint","urlTemplate":"https:\/\/www.sinergiahumanitaria.cl\/portal\/?s={search_term_string}"},"query-input":{"@type":"PropertyValueSpecification","valueRequired":true,"valueName":"search_term_string"}}],"inLanguage":"es-CL"},{"@type":"Organization","@id":"https:\/\/www.sinergiahumanitaria.cl\/portal\/#organization","name":"Fundaci\u00f3n Sinergia Humanitaria","url":"https:\/\/www.sinergiahumanitaria.cl\/portal\/","logo":{"@type":"ImageObject","inLanguage":"es-CL","@id":"https:\/\/www.sinergiahumanitaria.cl\/portal\/#\/schema\/logo\/image\/","url":"https:\/\/www.sinergiahumanitaria.cl\/portal\/wp-content\/uploads\/2020\/07\/LOGO-jpg-scaled.jpg","contentUrl":"https:\/\/www.sinergiahumanitaria.cl\/portal\/wp-content\/uploads\/2020\/07\/LOGO-jpg-scaled.jpg","width":2560,"height":1440,"caption":"Fundaci\u00f3n Sinergia Humanitaria"},"image":{"@id":"https:\/\/www.sinergiahumanitaria.cl\/portal\/#\/schema\/logo\/image\/"},"sameAs":["https:\/\/www.facebook.com\/sinergiahumanitaria\/","https:\/\/x.com\/fsinergiah","https:\/\/www.instagram.com\/fsinergiah\/"]},{"@type":"Person","@id":"https:\/\/www.sinergiahumanitaria.cl\/portal\/#\/schema\/person\/e8e4653f85fbcf3e7472bfc4be4c2673","name":"pastudillo","image":{"@type":"ImageObject","inLanguage":"es-CL","@id":"https:\/\/secure.gravatar.com\/avatar\/24edc107527e6583e7be6e6408f8815c5b03530718f2848cb4875a5502cb9c12?s=96&d=mm&r=g","url":"https:\/\/secure.gravatar.com\/avatar\/24edc107527e6583e7be6e6408f8815c5b03530718f2848cb4875a5502cb9c12?s=96&d=mm&r=g","contentUrl":"https:\/\/secure.gravatar.com\/avatar\/24edc107527e6583e7be6e6408f8815c5b03530718f2848cb4875a5502cb9c12?s=96&d=mm&r=g","caption":"pastudillo"},"url":"https:\/\/www.sinergiahumanitaria.cl\/portal\/author\/pastudillo\/"}]}},"_links":{"self":[{"href":"https:\/\/www.sinergiahumanitaria.cl\/portal\/wp-json\/wp\/v2\/posts\/812","targetHints":{"allow":["GET"]}}],"collection":[{"href":"https:\/\/www.sinergiahumanitaria.cl\/portal\/wp-json\/wp\/v2\/posts"}],"about":[{"href":"https:\/\/www.sinergiahumanitaria.cl\/portal\/wp-json\/wp\/v2\/types\/post"}],"author":[{"embeddable":true,"href":"https:\/\/www.sinergiahumanitaria.cl\/portal\/wp-json\/wp\/v2\/users\/1"}],"replies":[{"embeddable":true,"href":"https:\/\/www.sinergiahumanitaria.cl\/portal\/wp-json\/wp\/v2\/comments?post=812"}],"version-history":[{"count":3,"href":"https:\/\/www.sinergiahumanitaria.cl\/portal\/wp-json\/wp\/v2\/posts\/812\/revisions"}],"predecessor-version":[{"id":6071,"href":"https:\/\/www.sinergiahumanitaria.cl\/portal\/wp-json\/wp\/v2\/posts\/812\/revisions\/6071"}],"wp:featuredmedia":[{"embeddable":true,"href":"https:\/\/www.sinergiahumanitaria.cl\/portal\/wp-json\/wp\/v2\/media\/909"}],"wp:attachment":[{"href":"https:\/\/www.sinergiahumanitaria.cl\/portal\/wp-json\/wp\/v2\/media?parent=812"}],"wp:term":[{"taxonomy":"category","embeddable":true,"href":"https:\/\/www.sinergiahumanitaria.cl\/portal\/wp-json\/wp\/v2\/categories?post=812"},{"taxonomy":"post_tag","embeddable":true,"href":"https:\/\/www.sinergiahumanitaria.cl\/portal\/wp-json\/wp\/v2\/tags?post=812"}],"curies":[{"name":"wp","href":"https:\/\/api.w.org\/{rel}","templated":true}]}}