{"id":813,"date":"2017-07-13T08:00:05","date_gmt":"2017-07-13T08:00:05","guid":{"rendered":"https:\/\/sinergiahumanitaria.cl\/portal\/?p=812"},"modified":"2025-09-05T11:30:33","modified_gmt":"2025-09-05T15:30:33","slug":"superintendente-y-director-segunda-compania-se-reunen-con-comandante-de-bomberos-suizo-en-visita-previa-a-su-charla-en-salon-de-honor","status":"publish","type":"post","link":"https:\/\/www.sinergiahumanitaria.cl\/portal\/2017\/07\/13\/superintendente-y-director-segunda-compania-se-reunen-con-comandante-de-bomberos-suizo-en-visita-previa-a-su-charla-en-salon-de-honor\/","title":{"rendered":"Superintendente y Director Segunda Compa\u00f1\u00eda se re\u00fanen con Comandante de Bomberos suizo en visita previa a su charla en Sal\u00f3n de Honor"},"content":{"rendered":"<p>La tarde del pasado jueves, en dependencias del Cuartel General de la instituci\u00f3n, el superintendente del Cuerpo de Bomberos de Vi\u00f1a del Mar, se\u00f1or Ricardo Barckhahn Rubio acompa\u00f1ado por el director de la Segunda Compa\u00f1\u00eda,\u00a0<em>Bomba Vi\u00f1a del Mar<\/em>, don Patricio Fuentes von Jentschik, se reuni\u00f3 con el Comandante del Departamento de Bomberos de la ciudad de Laussane, Suiza, se\u00f1or Sylvain Scherz, quien se encuentra realizando un viaje a nuestro pa\u00eds coordinado por la Fundaci\u00f3n Sinergia Humanitaria.<\/p>\n<p>Durante la reuni\u00f3n, lo acompa\u00f1\u00f3 el Tercer Comandante del Cuerpo de Bomberos de Vi\u00f1a del Mar, se\u00f1or Pablo Soria-Galvarro Gubler, adem\u00e1s del ex embajador de Chile en Suiza, se\u00f1or Jos\u00e9 Luis Balmaceda, hoy director ejecutivo de la entidad que organiz\u00f3 la visita del Bombero Suizo a nuestro pa\u00eds. La interesante conversaci\u00f3n que sostuvieron las autoridades bomberiles, permiti\u00f3 conocer un poco m\u00e1s sobre ambas realidades y, para el caso del jefe de bomberos suizo, interiorizarse sobre los proyectos de uno de los Cuerpos de Bomberos con niveles m\u00e1s altos de profesionalizaci\u00f3n.<\/p>\n<p>Durante su itinerario por Chile, el Jefe de Servicio de Protecci\u00f3n y Rescate de la ciudad de Laussane, ha participado en charlas en diversas ciudades del pa\u00eds y de la Regi\u00f3n, como los Cuerpos de bomberos de Villa Alemana y Olmu\u00e9, adem\u00e1s de algunas localidades en el sur de Chile, donde conoci\u00f3 ampliamente sobre las labores realizadas durante los incendios forestales de la pasada \u00e9poca estival.<\/p>\n<p>El bombero y fil\u00e1ntropo europeo, posteriormente, recorri\u00f3 los sectores altos de Vi\u00f1a del Mar y Valpara\u00edso, los que se han visto afectados durante los \u00faltimos a\u00f1os, por graves incendios forestales, para finalmente realizar una charla para Bomberos de todas las Compa\u00f1\u00edas en la que particip\u00f3 el Comandante de la entidad bomberil vi\u00f1amarina, se\u00f1or Andr\u00e9s Zavala Cornejo, junto a otros Oficiales Generales, Directores y Oficiales de Compa\u00f1\u00eda.<\/p>\n<p>Su visita a las dependencias de la Segunda Compa\u00f1\u00eda, se enmarcan en la donaci\u00f3n de un carro bomba que realizase el mencionado pa\u00eds durante el a\u00f1o 2016, a la Segunda Compa\u00f1\u00eda, Unidad que hoy se encuentra en servicio activo del Cuerpo de Bomberos de Vi\u00f1a del Mar.<\/p>\n<p><em><strong>http:\/\/www.bomberosvinadelmar.cl\/?p=11592<\/strong><\/em><\/p>\n","protected":false},"excerpt":{"rendered":"<p>La tarde del pasado jueves, en dependencias del Cuartel General de la instituci\u00f3n, el superintendente del Cuerpo de Bomberos de Vi\u00f1a del Mar, se\u00f1or Ricardo Barckhahn Rubio acompa\u00f1ado por el director de la Segunda Compa\u00f1\u00eda,\u00a0Bomba Vi\u00f1a del Mar, don Patricio Fuentes von Jentschik, se reuni\u00f3 con el Comandante del Departamento de Bomberos de la ciudad [&hellip;]<\/p>\n","protected":false},"author":1,"featured_media":946,"comment_status":"closed","ping_status":"open","sticky":false,"template":"","format":"standard","meta":{"footnotes":""},"categories":[14],"tags":[],"class_list":["post-813","post","type-post","status-publish","format-standard","has-post-thumbnail","hentry","category-noticias"],"yoast_head":"<!-- This site is optimized with the Yoast SEO plugin v27.5 - https:\/\/yoast.com\/product\/yoast-seo-wordpress\/ -->\n<title>Superintendente y Director Segunda Compa\u00f1\u00eda se re\u00fanen con Comandante de Bomberos suizo en visita previa a su charla en Sal\u00f3n de Honor - Fundaci\u00f3n Sinergia Humanitaria<\/title>\n<meta name=\"robots\" content=\"index, follow, max-snippet:-1, max-image-preview:large, max-video-preview:-1\" \/>\n<link rel=\"canonical\" href=\"https:\/\/www.sinergiahumanitaria.cl\/portal\/2017\/07\/13\/superintendente-y-director-segunda-compania-se-reunen-con-comandante-de-bomberos-suizo-en-visita-previa-a-su-charla-en-salon-de-honor\/\" \/>\n<meta property=\"og:locale\" content=\"es_ES\" \/>\n<meta property=\"og:type\" content=\"article\" \/>\n<meta property=\"og:title\" content=\"Superintendente y Director Segunda Compa\u00f1\u00eda se re\u00fanen con Comandante de Bomberos suizo en visita previa a su charla en Sal\u00f3n de Honor - Fundaci\u00f3n Sinergia Humanitaria\" \/>\n<meta property=\"og:description\" content=\"La tarde del pasado jueves, en dependencias del Cuartel General de la instituci\u00f3n, el superintendente del Cuerpo de Bomberos de Vi\u00f1a del Mar, se\u00f1or Ricardo Barckhahn Rubio acompa\u00f1ado por el director de la Segunda Compa\u00f1\u00eda,\u00a0Bomba Vi\u00f1a del Mar, don Patricio Fuentes von Jentschik, se reuni\u00f3 con el Comandante del Departamento de Bomberos de la ciudad [&hellip;]\" \/>\n<meta property=\"og:url\" content=\"https:\/\/www.sinergiahumanitaria.cl\/portal\/2017\/07\/13\/superintendente-y-director-segunda-compania-se-reunen-con-comandante-de-bomberos-suizo-en-visita-previa-a-su-charla-en-salon-de-honor\/\" \/>\n<meta property=\"og:site_name\" content=\"Fundaci\u00f3n Sinergia Humanitaria\" \/>\n<meta property=\"article:publisher\" content=\"https:\/\/www.facebook.com\/sinergiahumanitaria\/\" \/>\n<meta property=\"article:published_time\" content=\"2017-07-13T08:00:05+00:00\" \/>\n<meta property=\"article:modified_time\" content=\"2025-09-05T15:30:33+00:00\" \/>\n<meta property=\"og:image\" content=\"https:\/\/www.sinergiahumanitaria.cl\/portal\/wp-content\/uploads\/2017\/07\/LOGO-CBVDM.jpg\" \/>\n\t<meta property=\"og:image:width\" content=\"500\" \/>\n\t<meta property=\"og:image:height\" content=\"500\" \/>\n\t<meta property=\"og:image:type\" content=\"image\/jpeg\" \/>\n<meta name=\"author\" content=\"pastudillo\" \/>\n<meta name=\"twitter:card\" content=\"summary_large_image\" \/>\n<meta name=\"twitter:creator\" content=\"@fsinergiah\" \/>\n<meta name=\"twitter:site\" content=\"@fsinergiah\" \/>\n<meta name=\"twitter:label1\" content=\"Escrito por\" \/>\n\t<meta name=\"twitter:data1\" content=\"pastudillo\" \/>\n\t<meta name=\"twitter:label2\" content=\"Tiempo estimado de lectura\" \/>\n\t<meta name=\"twitter:data2\" content=\"2 minutos\" \/>\n<script type=\"application\/ld+json\" class=\"yoast-schema-graph\">{\"@context\":\"https:\\\/\\\/schema.org\",\"@graph\":[{\"@type\":\"Article\",\"@id\":\"https:\\\/\\\/www.sinergiahumanitaria.cl\\\/portal\\\/2017\\\/07\\\/13\\\/superintendente-y-director-segunda-compania-se-reunen-con-comandante-de-bomberos-suizo-en-visita-previa-a-su-charla-en-salon-de-honor\\\/#article\",\"isPartOf\":{\"@id\":\"https:\\\/\\\/www.sinergiahumanitaria.cl\\\/portal\\\/2017\\\/07\\\/13\\\/superintendente-y-director-segunda-compania-se-reunen-con-comandante-de-bomberos-suizo-en-visita-previa-a-su-charla-en-salon-de-honor\\\/\"},\"author\":{\"name\":\"pastudillo\",\"@id\":\"https:\\\/\\\/www.sinergiahumanitaria.cl\\\/portal\\\/#\\\/schema\\\/person\\\/e8e4653f85fbcf3e7472bfc4be4c2673\"},\"headline\":\"Superintendente y Director Segunda Compa\u00f1\u00eda se re\u00fanen con Comandante de Bomberos suizo en visita previa a su charla en Sal\u00f3n de Honor\",\"datePublished\":\"2017-07-13T08:00:05+00:00\",\"dateModified\":\"2025-09-05T15:30:33+00:00\",\"mainEntityOfPage\":{\"@id\":\"https:\\\/\\\/www.sinergiahumanitaria.cl\\\/portal\\\/2017\\\/07\\\/13\\\/superintendente-y-director-segunda-compania-se-reunen-con-comandante-de-bomberos-suizo-en-visita-previa-a-su-charla-en-salon-de-honor\\\/\"},\"wordCount\":413,\"publisher\":{\"@id\":\"https:\\\/\\\/www.sinergiahumanitaria.cl\\\/portal\\\/#organization\"},\"image\":{\"@id\":\"https:\\\/\\\/www.sinergiahumanitaria.cl\\\/portal\\\/2017\\\/07\\\/13\\\/superintendente-y-director-segunda-compania-se-reunen-con-comandante-de-bomberos-suizo-en-visita-previa-a-su-charla-en-salon-de-honor\\\/#primaryimage\"},\"thumbnailUrl\":\"https:\\\/\\\/www.sinergiahumanitaria.cl\\\/portal\\\/wp-content\\\/uploads\\\/2017\\\/07\\\/LOGO-CBVDM.jpg\",\"articleSection\":[\"Noticias\"],\"inLanguage\":\"es-CL\"},{\"@type\":\"WebPage\",\"@id\":\"https:\\\/\\\/www.sinergiahumanitaria.cl\\\/portal\\\/2017\\\/07\\\/13\\\/superintendente-y-director-segunda-compania-se-reunen-con-comandante-de-bomberos-suizo-en-visita-previa-a-su-charla-en-salon-de-honor\\\/\",\"url\":\"https:\\\/\\\/www.sinergiahumanitaria.cl\\\/portal\\\/2017\\\/07\\\/13\\\/superintendente-y-director-segunda-compania-se-reunen-con-comandante-de-bomberos-suizo-en-visita-previa-a-su-charla-en-salon-de-honor\\\/\",\"name\":\"Superintendente y Director Segunda Compa\u00f1\u00eda se re\u00fanen con Comandante de Bomberos suizo en visita previa a su charla en Sal\u00f3n de Honor - Fundaci\u00f3n Sinergia Humanitaria\",\"isPartOf\":{\"@id\":\"https:\\\/\\\/www.sinergiahumanitaria.cl\\\/portal\\\/#website\"},\"primaryImageOfPage\":{\"@id\":\"https:\\\/\\\/www.sinergiahumanitaria.cl\\\/portal\\\/2017\\\/07\\\/13\\\/superintendente-y-director-segunda-compania-se-reunen-con-comandante-de-bomberos-suizo-en-visita-previa-a-su-charla-en-salon-de-honor\\\/#primaryimage\"},\"image\":{\"@id\":\"https:\\\/\\\/www.sinergiahumanitaria.cl\\\/portal\\\/2017\\\/07\\\/13\\\/superintendente-y-director-segunda-compania-se-reunen-con-comandante-de-bomberos-suizo-en-visita-previa-a-su-charla-en-salon-de-honor\\\/#primaryimage\"},\"thumbnailUrl\":\"https:\\\/\\\/www.sinergiahumanitaria.cl\\\/portal\\\/wp-content\\\/uploads\\\/2017\\\/07\\\/LOGO-CBVDM.jpg\",\"datePublished\":\"2017-07-13T08:00:05+00:00\",\"dateModified\":\"2025-09-05T15:30:33+00:00\",\"breadcrumb\":{\"@id\":\"https:\\\/\\\/www.sinergiahumanitaria.cl\\\/portal\\\/2017\\\/07\\\/13\\\/superintendente-y-director-segunda-compania-se-reunen-con-comandante-de-bomberos-suizo-en-visita-previa-a-su-charla-en-salon-de-honor\\\/#breadcrumb\"},\"inLanguage\":\"es-CL\",\"potentialAction\":[{\"@type\":\"ReadAction\",\"target\":[\"https:\\\/\\\/www.sinergiahumanitaria.cl\\\/portal\\\/2017\\\/07\\\/13\\\/superintendente-y-director-segunda-compania-se-reunen-con-comandante-de-bomberos-suizo-en-visita-previa-a-su-charla-en-salon-de-honor\\\/\"]}]},{\"@type\":\"ImageObject\",\"inLanguage\":\"es-CL\",\"@id\":\"https:\\\/\\\/www.sinergiahumanitaria.cl\\\/portal\\\/2017\\\/07\\\/13\\\/superintendente-y-director-segunda-compania-se-reunen-con-comandante-de-bomberos-suizo-en-visita-previa-a-su-charla-en-salon-de-honor\\\/#primaryimage\",\"url\":\"https:\\\/\\\/www.sinergiahumanitaria.cl\\\/portal\\\/wp-content\\\/uploads\\\/2017\\\/07\\\/LOGO-CBVDM.jpg\",\"contentUrl\":\"https:\\\/\\\/www.sinergiahumanitaria.cl\\\/portal\\\/wp-content\\\/uploads\\\/2017\\\/07\\\/LOGO-CBVDM.jpg\",\"width\":500,\"height\":500},{\"@type\":\"BreadcrumbList\",\"@id\":\"https:\\\/\\\/www.sinergiahumanitaria.cl\\\/portal\\\/2017\\\/07\\\/13\\\/superintendente-y-director-segunda-compania-se-reunen-con-comandante-de-bomberos-suizo-en-visita-previa-a-su-charla-en-salon-de-honor\\\/#breadcrumb\",\"itemListElement\":[{\"@type\":\"ListItem\",\"position\":1,\"name\":\"Portada\",\"item\":\"https:\\\/\\\/www.sinergiahumanitaria.cl\\\/portal\\\/\"},{\"@type\":\"ListItem\",\"position\":2,\"name\":\"Superintendente y Director Segunda Compa\u00f1\u00eda se re\u00fanen con Comandante de Bomberos suizo en visita previa a su charla en Sal\u00f3n de Honor\"}]},{\"@type\":\"WebSite\",\"@id\":\"https:\\\/\\\/www.sinergiahumanitaria.cl\\\/portal\\\/#website\",\"url\":\"https:\\\/\\\/www.sinergiahumanitaria.cl\\\/portal\\\/\",\"name\":\"Fundaci\u00f3n Sinergia Humanitaria\",\"description\":\"Acci\u00f3n Solidaria desde 2001\",\"publisher\":{\"@id\":\"https:\\\/\\\/www.sinergiahumanitaria.cl\\\/portal\\\/#organization\"},\"potentialAction\":[{\"@type\":\"SearchAction\",\"target\":{\"@type\":\"EntryPoint\",\"urlTemplate\":\"https:\\\/\\\/www.sinergiahumanitaria.cl\\\/portal\\\/?s={search_term_string}\"},\"query-input\":{\"@type\":\"PropertyValueSpecification\",\"valueRequired\":true,\"valueName\":\"search_term_string\"}}],\"inLanguage\":\"es-CL\"},{\"@type\":\"Organization\",\"@id\":\"https:\\\/\\\/www.sinergiahumanitaria.cl\\\/portal\\\/#organization\",\"name\":\"Fundaci\u00f3n Sinergia Humanitaria\",\"url\":\"https:\\\/\\\/www.sinergiahumanitaria.cl\\\/portal\\\/\",\"logo\":{\"@type\":\"ImageObject\",\"inLanguage\":\"es-CL\",\"@id\":\"https:\\\/\\\/www.sinergiahumanitaria.cl\\\/portal\\\/#\\\/schema\\\/logo\\\/image\\\/\",\"url\":\"https:\\\/\\\/www.sinergiahumanitaria.cl\\\/portal\\\/wp-content\\\/uploads\\\/2020\\\/07\\\/LOGO-jpg-scaled.jpg\",\"contentUrl\":\"https:\\\/\\\/www.sinergiahumanitaria.cl\\\/portal\\\/wp-content\\\/uploads\\\/2020\\\/07\\\/LOGO-jpg-scaled.jpg\",\"width\":2560,\"height\":1440,\"caption\":\"Fundaci\u00f3n Sinergia Humanitaria\"},\"image\":{\"@id\":\"https:\\\/\\\/www.sinergiahumanitaria.cl\\\/portal\\\/#\\\/schema\\\/logo\\\/image\\\/\"},\"sameAs\":[\"https:\\\/\\\/www.facebook.com\\\/sinergiahumanitaria\\\/\",\"https:\\\/\\\/x.com\\\/fsinergiah\",\"https:\\\/\\\/www.instagram.com\\\/fsinergiah\\\/\"]},{\"@type\":\"Person\",\"@id\":\"https:\\\/\\\/www.sinergiahumanitaria.cl\\\/portal\\\/#\\\/schema\\\/person\\\/e8e4653f85fbcf3e7472bfc4be4c2673\",\"name\":\"pastudillo\",\"image\":{\"@type\":\"ImageObject\",\"inLanguage\":\"es-CL\",\"@id\":\"https:\\\/\\\/secure.gravatar.com\\\/avatar\\\/24edc107527e6583e7be6e6408f8815c5b03530718f2848cb4875a5502cb9c12?s=96&d=mm&r=g\",\"url\":\"https:\\\/\\\/secure.gravatar.com\\\/avatar\\\/24edc107527e6583e7be6e6408f8815c5b03530718f2848cb4875a5502cb9c12?s=96&d=mm&r=g\",\"contentUrl\":\"https:\\\/\\\/secure.gravatar.com\\\/avatar\\\/24edc107527e6583e7be6e6408f8815c5b03530718f2848cb4875a5502cb9c12?s=96&d=mm&r=g\",\"caption\":\"pastudillo\"},\"url\":\"https:\\\/\\\/www.sinergiahumanitaria.cl\\\/portal\\\/author\\\/pastudillo\\\/\"}]}<\/script>\n<!-- \/ Yoast SEO plugin. -->","yoast_head_json":{"title":"Superintendente y Director Segunda Compa\u00f1\u00eda se re\u00fanen con Comandante de Bomberos suizo en visita previa a su charla en Sal\u00f3n de Honor - Fundaci\u00f3n Sinergia Humanitaria","robots":{"index":"index","follow":"follow","max-snippet":"max-snippet:-1","max-image-preview":"max-image-preview:large","max-video-preview":"max-video-preview:-1"},"canonical":"https:\/\/www.sinergiahumanitaria.cl\/portal\/2017\/07\/13\/superintendente-y-director-segunda-compania-se-reunen-con-comandante-de-bomberos-suizo-en-visita-previa-a-su-charla-en-salon-de-honor\/","og_locale":"es_ES","og_type":"article","og_title":"Superintendente y Director Segunda Compa\u00f1\u00eda se re\u00fanen con Comandante de Bomberos suizo en visita previa a su charla en Sal\u00f3n de Honor - Fundaci\u00f3n Sinergia Humanitaria","og_description":"La tarde del pasado jueves, en dependencias del Cuartel General de la instituci\u00f3n, el superintendente del Cuerpo de Bomberos de Vi\u00f1a del Mar, se\u00f1or Ricardo Barckhahn Rubio acompa\u00f1ado por el director de la Segunda Compa\u00f1\u00eda,\u00a0Bomba Vi\u00f1a del Mar, don Patricio Fuentes von Jentschik, se reuni\u00f3 con el Comandante del Departamento de Bomberos de la ciudad [&hellip;]","og_url":"https:\/\/www.sinergiahumanitaria.cl\/portal\/2017\/07\/13\/superintendente-y-director-segunda-compania-se-reunen-con-comandante-de-bomberos-suizo-en-visita-previa-a-su-charla-en-salon-de-honor\/","og_site_name":"Fundaci\u00f3n Sinergia Humanitaria","article_publisher":"https:\/\/www.facebook.com\/sinergiahumanitaria\/","article_published_time":"2017-07-13T08:00:05+00:00","article_modified_time":"2025-09-05T15:30:33+00:00","og_image":[{"width":500,"height":500,"url":"https:\/\/www.sinergiahumanitaria.cl\/portal\/wp-content\/uploads\/2017\/07\/LOGO-CBVDM.jpg","type":"image\/jpeg"}],"author":"pastudillo","twitter_card":"summary_large_image","twitter_creator":"@fsinergiah","twitter_site":"@fsinergiah","twitter_misc":{"Escrito por":"pastudillo","Tiempo estimado de lectura":"2 minutos"},"schema":{"@context":"https:\/\/schema.org","@graph":[{"@type":"Article","@id":"https:\/\/www.sinergiahumanitaria.cl\/portal\/2017\/07\/13\/superintendente-y-director-segunda-compania-se-reunen-con-comandante-de-bomberos-suizo-en-visita-previa-a-su-charla-en-salon-de-honor\/#article","isPartOf":{"@id":"https:\/\/www.sinergiahumanitaria.cl\/portal\/2017\/07\/13\/superintendente-y-director-segunda-compania-se-reunen-con-comandante-de-bomberos-suizo-en-visita-previa-a-su-charla-en-salon-de-honor\/"},"author":{"name":"pastudillo","@id":"https:\/\/www.sinergiahumanitaria.cl\/portal\/#\/schema\/person\/e8e4653f85fbcf3e7472bfc4be4c2673"},"headline":"Superintendente y Director Segunda Compa\u00f1\u00eda se re\u00fanen con Comandante de Bomberos suizo en visita previa a su charla en Sal\u00f3n de Honor","datePublished":"2017-07-13T08:00:05+00:00","dateModified":"2025-09-05T15:30:33+00:00","mainEntityOfPage":{"@id":"https:\/\/www.sinergiahumanitaria.cl\/portal\/2017\/07\/13\/superintendente-y-director-segunda-compania-se-reunen-con-comandante-de-bomberos-suizo-en-visita-previa-a-su-charla-en-salon-de-honor\/"},"wordCount":413,"publisher":{"@id":"https:\/\/www.sinergiahumanitaria.cl\/portal\/#organization"},"image":{"@id":"https:\/\/www.sinergiahumanitaria.cl\/portal\/2017\/07\/13\/superintendente-y-director-segunda-compania-se-reunen-con-comandante-de-bomberos-suizo-en-visita-previa-a-su-charla-en-salon-de-honor\/#primaryimage"},"thumbnailUrl":"https:\/\/www.sinergiahumanitaria.cl\/portal\/wp-content\/uploads\/2017\/07\/LOGO-CBVDM.jpg","articleSection":["Noticias"],"inLanguage":"es-CL"},{"@type":"WebPage","@id":"https:\/\/www.sinergiahumanitaria.cl\/portal\/2017\/07\/13\/superintendente-y-director-segunda-compania-se-reunen-con-comandante-de-bomberos-suizo-en-visita-previa-a-su-charla-en-salon-de-honor\/","url":"https:\/\/www.sinergiahumanitaria.cl\/portal\/2017\/07\/13\/superintendente-y-director-segunda-compania-se-reunen-con-comandante-de-bomberos-suizo-en-visita-previa-a-su-charla-en-salon-de-honor\/","name":"Superintendente y Director Segunda Compa\u00f1\u00eda se re\u00fanen con Comandante de Bomberos suizo en visita previa a su charla en Sal\u00f3n de Honor - Fundaci\u00f3n Sinergia Humanitaria","isPartOf":{"@id":"https:\/\/www.sinergiahumanitaria.cl\/portal\/#website"},"primaryImageOfPage":{"@id":"https:\/\/www.sinergiahumanitaria.cl\/portal\/2017\/07\/13\/superintendente-y-director-segunda-compania-se-reunen-con-comandante-de-bomberos-suizo-en-visita-previa-a-su-charla-en-salon-de-honor\/#primaryimage"},"image":{"@id":"https:\/\/www.sinergiahumanitaria.cl\/portal\/2017\/07\/13\/superintendente-y-director-segunda-compania-se-reunen-con-comandante-de-bomberos-suizo-en-visita-previa-a-su-charla-en-salon-de-honor\/#primaryimage"},"thumbnailUrl":"https:\/\/www.sinergiahumanitaria.cl\/portal\/wp-content\/uploads\/2017\/07\/LOGO-CBVDM.jpg","datePublished":"2017-07-13T08:00:05+00:00","dateModified":"2025-09-05T15:30:33+00:00","breadcrumb":{"@id":"https:\/\/www.sinergiahumanitaria.cl\/portal\/2017\/07\/13\/superintendente-y-director-segunda-compania-se-reunen-con-comandante-de-bomberos-suizo-en-visita-previa-a-su-charla-en-salon-de-honor\/#breadcrumb"},"inLanguage":"es-CL","potentialAction":[{"@type":"ReadAction","target":["https:\/\/www.sinergiahumanitaria.cl\/portal\/2017\/07\/13\/superintendente-y-director-segunda-compania-se-reunen-con-comandante-de-bomberos-suizo-en-visita-previa-a-su-charla-en-salon-de-honor\/"]}]},{"@type":"ImageObject","inLanguage":"es-CL","@id":"https:\/\/www.sinergiahumanitaria.cl\/portal\/2017\/07\/13\/superintendente-y-director-segunda-compania-se-reunen-con-comandante-de-bomberos-suizo-en-visita-previa-a-su-charla-en-salon-de-honor\/#primaryimage","url":"https:\/\/www.sinergiahumanitaria.cl\/portal\/wp-content\/uploads\/2017\/07\/LOGO-CBVDM.jpg","contentUrl":"https:\/\/www.sinergiahumanitaria.cl\/portal\/wp-content\/uploads\/2017\/07\/LOGO-CBVDM.jpg","width":500,"height":500},{"@type":"BreadcrumbList","@id":"https:\/\/www.sinergiahumanitaria.cl\/portal\/2017\/07\/13\/superintendente-y-director-segunda-compania-se-reunen-con-comandante-de-bomberos-suizo-en-visita-previa-a-su-charla-en-salon-de-honor\/#breadcrumb","itemListElement":[{"@type":"ListItem","position":1,"name":"Portada","item":"https:\/\/www.sinergiahumanitaria.cl\/portal\/"},{"@type":"ListItem","position":2,"name":"Superintendente y Director Segunda Compa\u00f1\u00eda se re\u00fanen con Comandante de Bomberos suizo en visita previa a su charla en Sal\u00f3n de Honor"}]},{"@type":"WebSite","@id":"https:\/\/www.sinergiahumanitaria.cl\/portal\/#website","url":"https:\/\/www.sinergiahumanitaria.cl\/portal\/","name":"Fundaci\u00f3n Sinergia Humanitaria","description":"Acci\u00f3n Solidaria desde 2001","publisher":{"@id":"https:\/\/www.sinergiahumanitaria.cl\/portal\/#organization"},"potentialAction":[{"@type":"SearchAction","target":{"@type":"EntryPoint","urlTemplate":"https:\/\/www.sinergiahumanitaria.cl\/portal\/?s={search_term_string}"},"query-input":{"@type":"PropertyValueSpecification","valueRequired":true,"valueName":"search_term_string"}}],"inLanguage":"es-CL"},{"@type":"Organization","@id":"https:\/\/www.sinergiahumanitaria.cl\/portal\/#organization","name":"Fundaci\u00f3n Sinergia Humanitaria","url":"https:\/\/www.sinergiahumanitaria.cl\/portal\/","logo":{"@type":"ImageObject","inLanguage":"es-CL","@id":"https:\/\/www.sinergiahumanitaria.cl\/portal\/#\/schema\/logo\/image\/","url":"https:\/\/www.sinergiahumanitaria.cl\/portal\/wp-content\/uploads\/2020\/07\/LOGO-jpg-scaled.jpg","contentUrl":"https:\/\/www.sinergiahumanitaria.cl\/portal\/wp-content\/uploads\/2020\/07\/LOGO-jpg-scaled.jpg","width":2560,"height":1440,"caption":"Fundaci\u00f3n Sinergia Humanitaria"},"image":{"@id":"https:\/\/www.sinergiahumanitaria.cl\/portal\/#\/schema\/logo\/image\/"},"sameAs":["https:\/\/www.facebook.com\/sinergiahumanitaria\/","https:\/\/x.com\/fsinergiah","https:\/\/www.instagram.com\/fsinergiah\/"]},{"@type":"Person","@id":"https:\/\/www.sinergiahumanitaria.cl\/portal\/#\/schema\/person\/e8e4653f85fbcf3e7472bfc4be4c2673","name":"pastudillo","image":{"@type":"ImageObject","inLanguage":"es-CL","@id":"https:\/\/secure.gravatar.com\/avatar\/24edc107527e6583e7be6e6408f8815c5b03530718f2848cb4875a5502cb9c12?s=96&d=mm&r=g","url":"https:\/\/secure.gravatar.com\/avatar\/24edc107527e6583e7be6e6408f8815c5b03530718f2848cb4875a5502cb9c12?s=96&d=mm&r=g","contentUrl":"https:\/\/secure.gravatar.com\/avatar\/24edc107527e6583e7be6e6408f8815c5b03530718f2848cb4875a5502cb9c12?s=96&d=mm&r=g","caption":"pastudillo"},"url":"https:\/\/www.sinergiahumanitaria.cl\/portal\/author\/pastudillo\/"}]}},"_links":{"self":[{"href":"https:\/\/www.sinergiahumanitaria.cl\/portal\/wp-json\/wp\/v2\/posts\/813","targetHints":{"allow":["GET"]}}],"collection":[{"href":"https:\/\/www.sinergiahumanitaria.cl\/portal\/wp-json\/wp\/v2\/posts"}],"about":[{"href":"https:\/\/www.sinergiahumanitaria.cl\/portal\/wp-json\/wp\/v2\/types\/post"}],"author":[{"embeddable":true,"href":"https:\/\/www.sinergiahumanitaria.cl\/portal\/wp-json\/wp\/v2\/users\/1"}],"replies":[{"embeddable":true,"href":"https:\/\/www.sinergiahumanitaria.cl\/portal\/wp-json\/wp\/v2\/comments?post=813"}],"version-history":[{"count":1,"href":"https:\/\/www.sinergiahumanitaria.cl\/portal\/wp-json\/wp\/v2\/posts\/813\/revisions"}],"predecessor-version":[{"id":947,"href":"https:\/\/www.sinergiahumanitaria.cl\/portal\/wp-json\/wp\/v2\/posts\/813\/revisions\/947"}],"wp:featuredmedia":[{"embeddable":true,"href":"https:\/\/www.sinergiahumanitaria.cl\/portal\/wp-json\/wp\/v2\/media\/946"}],"wp:attachment":[{"href":"https:\/\/www.sinergiahumanitaria.cl\/portal\/wp-json\/wp\/v2\/media?parent=813"}],"wp:term":[{"taxonomy":"category","embeddable":true,"href":"https:\/\/www.sinergiahumanitaria.cl\/portal\/wp-json\/wp\/v2\/categories?post=813"},{"taxonomy":"post_tag","embeddable":true,"href":"https:\/\/www.sinergiahumanitaria.cl\/portal\/wp-json\/wp\/v2\/tags?post=813"}],"curies":[{"name":"wp","href":"https:\/\/api.w.org\/{rel}","templated":true}]}}