{"id":8225,"date":"2026-04-28T18:08:55","date_gmt":"2026-04-28T22:08:55","guid":{"rendered":"https:\/\/www.sinergiahumanitaria.cl\/portal\/?p=8225"},"modified":"2026-04-28T18:08:55","modified_gmt":"2026-04-28T22:08:55","slug":"seguimos-impulsando-la-musica-y-el-talento-local","status":"publish","type":"post","link":"https:\/\/www.sinergiahumanitaria.cl\/portal\/2026\/04\/28\/seguimos-impulsando-la-musica-y-el-talento-local\/","title":{"rendered":"Seguimos impulsando la m\u00fasica y el talento local"},"content":{"rendered":"<p>Realizamos la entrega de 2 flautas traversas a la Escuela de M\u00fasica EMUSA en San Vicente de Tagua Tagua, aportando al desarrollo art\u00edstico de ni\u00f1os y j\u00f3venes de la comuna.<\/p>\n","protected":false},"excerpt":{"rendered":"<p>Realizamos la entrega de 2 flautas traversas a la Escuela de M\u00fasica EMUSA en San Vicente de Tagua Tagua, aportando al desarrollo art\u00edstico de ni\u00f1os y j\u00f3venes de la comuna.<\/p>\n","protected":false},"author":6,"featured_media":8226,"comment_status":"open","ping_status":"open","sticky":false,"template":"","format":"standard","meta":{"footnotes":""},"categories":[14,84],"tags":[],"class_list":["post-8225","post","type-post","status-publish","format-standard","has-post-thumbnail","hentry","category-noticias","category-san-vicente-de-tagua-tagua","qodef-post--trending"],"yoast_head":"<!-- This site is optimized with the Yoast SEO plugin v27.5 - https:\/\/yoast.com\/product\/yoast-seo-wordpress\/ -->\n<title>Seguimos impulsando la m\u00fasica y el talento local - Fundaci\u00f3n Sinergia Humanitaria<\/title>\n<meta name=\"robots\" content=\"index, follow, max-snippet:-1, max-image-preview:large, max-video-preview:-1\" \/>\n<link rel=\"canonical\" href=\"https:\/\/www.sinergiahumanitaria.cl\/portal\/2026\/04\/28\/seguimos-impulsando-la-musica-y-el-talento-local\/\" \/>\n<meta property=\"og:locale\" content=\"es_ES\" \/>\n<meta property=\"og:type\" content=\"article\" \/>\n<meta property=\"og:title\" content=\"Seguimos impulsando la m\u00fasica y el talento local - Fundaci\u00f3n Sinergia Humanitaria\" \/>\n<meta property=\"og:description\" content=\"Realizamos la entrega de 2 flautas traversas a la Escuela de M\u00fasica EMUSA en San Vicente de Tagua Tagua, aportando al desarrollo art\u00edstico de ni\u00f1os y j\u00f3venes de la comuna.\" \/>\n<meta property=\"og:url\" content=\"https:\/\/www.sinergiahumanitaria.cl\/portal\/2026\/04\/28\/seguimos-impulsando-la-musica-y-el-talento-local\/\" \/>\n<meta property=\"og:site_name\" content=\"Fundaci\u00f3n Sinergia Humanitaria\" \/>\n<meta property=\"article:publisher\" content=\"https:\/\/www.facebook.com\/sinergiahumanitaria\/\" \/>\n<meta property=\"article:published_time\" content=\"2026-04-28T22:08:55+00:00\" \/>\n<meta property=\"og:image\" content=\"https:\/\/www.sinergiahumanitaria.cl\/portal\/wp-content\/uploads\/2026\/04\/musica.jpeg\" \/>\n\t<meta property=\"og:image:width\" content=\"1156\" \/>\n\t<meta property=\"og:image:height\" content=\"1600\" \/>\n\t<meta property=\"og:image:type\" content=\"image\/jpeg\" \/>\n<meta name=\"author\" content=\"pzavala\" \/>\n<meta name=\"twitter:card\" content=\"summary_large_image\" \/>\n<meta name=\"twitter:creator\" content=\"@fsinergiah\" \/>\n<meta name=\"twitter:site\" content=\"@fsinergiah\" \/>\n<meta name=\"twitter:label1\" content=\"Escrito por\" \/>\n\t<meta name=\"twitter:data1\" content=\"pzavala\" \/>\n\t<meta name=\"twitter:label2\" content=\"Tiempo estimado de lectura\" \/>\n\t<meta name=\"twitter:data2\" content=\"1 minuto\" \/>\n<script type=\"application\/ld+json\" class=\"yoast-schema-graph\">{\"@context\":\"https:\\\/\\\/schema.org\",\"@graph\":[{\"@type\":\"Article\",\"@id\":\"https:\\\/\\\/www.sinergiahumanitaria.cl\\\/portal\\\/2026\\\/04\\\/28\\\/seguimos-impulsando-la-musica-y-el-talento-local\\\/#article\",\"isPartOf\":{\"@id\":\"https:\\\/\\\/www.sinergiahumanitaria.cl\\\/portal\\\/2026\\\/04\\\/28\\\/seguimos-impulsando-la-musica-y-el-talento-local\\\/\"},\"author\":{\"name\":\"pzavala\",\"@id\":\"https:\\\/\\\/www.sinergiahumanitaria.cl\\\/portal\\\/#\\\/schema\\\/person\\\/6c21471c8460d29d6013c6d5196156ed\"},\"headline\":\"Seguimos impulsando la m\u00fasica y el talento local\",\"datePublished\":\"2026-04-28T22:08:55+00:00\",\"mainEntityOfPage\":{\"@id\":\"https:\\\/\\\/www.sinergiahumanitaria.cl\\\/portal\\\/2026\\\/04\\\/28\\\/seguimos-impulsando-la-musica-y-el-talento-local\\\/\"},\"wordCount\":42,\"commentCount\":0,\"publisher\":{\"@id\":\"https:\\\/\\\/www.sinergiahumanitaria.cl\\\/portal\\\/#organization\"},\"image\":{\"@id\":\"https:\\\/\\\/www.sinergiahumanitaria.cl\\\/portal\\\/2026\\\/04\\\/28\\\/seguimos-impulsando-la-musica-y-el-talento-local\\\/#primaryimage\"},\"thumbnailUrl\":\"https:\\\/\\\/www.sinergiahumanitaria.cl\\\/portal\\\/wp-content\\\/uploads\\\/2026\\\/04\\\/musica.jpeg\",\"articleSection\":[\"Noticias\",\"San Vicente de Tagua Tagua\"],\"inLanguage\":\"es-CL\",\"potentialAction\":[{\"@type\":\"CommentAction\",\"name\":\"Comment\",\"target\":[\"https:\\\/\\\/www.sinergiahumanitaria.cl\\\/portal\\\/2026\\\/04\\\/28\\\/seguimos-impulsando-la-musica-y-el-talento-local\\\/#respond\"]}]},{\"@type\":\"WebPage\",\"@id\":\"https:\\\/\\\/www.sinergiahumanitaria.cl\\\/portal\\\/2026\\\/04\\\/28\\\/seguimos-impulsando-la-musica-y-el-talento-local\\\/\",\"url\":\"https:\\\/\\\/www.sinergiahumanitaria.cl\\\/portal\\\/2026\\\/04\\\/28\\\/seguimos-impulsando-la-musica-y-el-talento-local\\\/\",\"name\":\"Seguimos impulsando la m\u00fasica y el talento local - Fundaci\u00f3n Sinergia Humanitaria\",\"isPartOf\":{\"@id\":\"https:\\\/\\\/www.sinergiahumanitaria.cl\\\/portal\\\/#website\"},\"primaryImageOfPage\":{\"@id\":\"https:\\\/\\\/www.sinergiahumanitaria.cl\\\/portal\\\/2026\\\/04\\\/28\\\/seguimos-impulsando-la-musica-y-el-talento-local\\\/#primaryimage\"},\"image\":{\"@id\":\"https:\\\/\\\/www.sinergiahumanitaria.cl\\\/portal\\\/2026\\\/04\\\/28\\\/seguimos-impulsando-la-musica-y-el-talento-local\\\/#primaryimage\"},\"thumbnailUrl\":\"https:\\\/\\\/www.sinergiahumanitaria.cl\\\/portal\\\/wp-content\\\/uploads\\\/2026\\\/04\\\/musica.jpeg\",\"datePublished\":\"2026-04-28T22:08:55+00:00\",\"breadcrumb\":{\"@id\":\"https:\\\/\\\/www.sinergiahumanitaria.cl\\\/portal\\\/2026\\\/04\\\/28\\\/seguimos-impulsando-la-musica-y-el-talento-local\\\/#breadcrumb\"},\"inLanguage\":\"es-CL\",\"potentialAction\":[{\"@type\":\"ReadAction\",\"target\":[\"https:\\\/\\\/www.sinergiahumanitaria.cl\\\/portal\\\/2026\\\/04\\\/28\\\/seguimos-impulsando-la-musica-y-el-talento-local\\\/\"]}]},{\"@type\":\"ImageObject\",\"inLanguage\":\"es-CL\",\"@id\":\"https:\\\/\\\/www.sinergiahumanitaria.cl\\\/portal\\\/2026\\\/04\\\/28\\\/seguimos-impulsando-la-musica-y-el-talento-local\\\/#primaryimage\",\"url\":\"https:\\\/\\\/www.sinergiahumanitaria.cl\\\/portal\\\/wp-content\\\/uploads\\\/2026\\\/04\\\/musica.jpeg\",\"contentUrl\":\"https:\\\/\\\/www.sinergiahumanitaria.cl\\\/portal\\\/wp-content\\\/uploads\\\/2026\\\/04\\\/musica.jpeg\",\"width\":1156,\"height\":1600},{\"@type\":\"BreadcrumbList\",\"@id\":\"https:\\\/\\\/www.sinergiahumanitaria.cl\\\/portal\\\/2026\\\/04\\\/28\\\/seguimos-impulsando-la-musica-y-el-talento-local\\\/#breadcrumb\",\"itemListElement\":[{\"@type\":\"ListItem\",\"position\":1,\"name\":\"Portada\",\"item\":\"https:\\\/\\\/www.sinergiahumanitaria.cl\\\/portal\\\/\"},{\"@type\":\"ListItem\",\"position\":2,\"name\":\"Seguimos impulsando la m\u00fasica y el talento local\"}]},{\"@type\":\"WebSite\",\"@id\":\"https:\\\/\\\/www.sinergiahumanitaria.cl\\\/portal\\\/#website\",\"url\":\"https:\\\/\\\/www.sinergiahumanitaria.cl\\\/portal\\\/\",\"name\":\"Fundaci\u00f3n Sinergia Humanitaria\",\"description\":\"Acci\u00f3n Solidaria desde 2001\",\"publisher\":{\"@id\":\"https:\\\/\\\/www.sinergiahumanitaria.cl\\\/portal\\\/#organization\"},\"potentialAction\":[{\"@type\":\"SearchAction\",\"target\":{\"@type\":\"EntryPoint\",\"urlTemplate\":\"https:\\\/\\\/www.sinergiahumanitaria.cl\\\/portal\\\/?s={search_term_string}\"},\"query-input\":{\"@type\":\"PropertyValueSpecification\",\"valueRequired\":true,\"valueName\":\"search_term_string\"}}],\"inLanguage\":\"es-CL\"},{\"@type\":\"Organization\",\"@id\":\"https:\\\/\\\/www.sinergiahumanitaria.cl\\\/portal\\\/#organization\",\"name\":\"Fundaci\u00f3n Sinergia Humanitaria\",\"url\":\"https:\\\/\\\/www.sinergiahumanitaria.cl\\\/portal\\\/\",\"logo\":{\"@type\":\"ImageObject\",\"inLanguage\":\"es-CL\",\"@id\":\"https:\\\/\\\/www.sinergiahumanitaria.cl\\\/portal\\\/#\\\/schema\\\/logo\\\/image\\\/\",\"url\":\"https:\\\/\\\/www.sinergiahumanitaria.cl\\\/portal\\\/wp-content\\\/uploads\\\/2020\\\/07\\\/LOGO-jpg-scaled.jpg\",\"contentUrl\":\"https:\\\/\\\/www.sinergiahumanitaria.cl\\\/portal\\\/wp-content\\\/uploads\\\/2020\\\/07\\\/LOGO-jpg-scaled.jpg\",\"width\":2560,\"height\":1440,\"caption\":\"Fundaci\u00f3n Sinergia Humanitaria\"},\"image\":{\"@id\":\"https:\\\/\\\/www.sinergiahumanitaria.cl\\\/portal\\\/#\\\/schema\\\/logo\\\/image\\\/\"},\"sameAs\":[\"https:\\\/\\\/www.facebook.com\\\/sinergiahumanitaria\\\/\",\"https:\\\/\\\/x.com\\\/fsinergiah\",\"https:\\\/\\\/www.instagram.com\\\/fsinergiah\\\/\"]},{\"@type\":\"Person\",\"@id\":\"https:\\\/\\\/www.sinergiahumanitaria.cl\\\/portal\\\/#\\\/schema\\\/person\\\/6c21471c8460d29d6013c6d5196156ed\",\"name\":\"pzavala\",\"image\":{\"@type\":\"ImageObject\",\"inLanguage\":\"es-CL\",\"@id\":\"https:\\\/\\\/secure.gravatar.com\\\/avatar\\\/3fca3b3977ef43d2b34e0b5d0849b0dc28d3e805e72577c02e835f10a9f05214?s=96&d=mm&r=g\",\"url\":\"https:\\\/\\\/secure.gravatar.com\\\/avatar\\\/3fca3b3977ef43d2b34e0b5d0849b0dc28d3e805e72577c02e835f10a9f05214?s=96&d=mm&r=g\",\"contentUrl\":\"https:\\\/\\\/secure.gravatar.com\\\/avatar\\\/3fca3b3977ef43d2b34e0b5d0849b0dc28d3e805e72577c02e835f10a9f05214?s=96&d=mm&r=g\",\"caption\":\"pzavala\"},\"url\":\"https:\\\/\\\/www.sinergiahumanitaria.cl\\\/portal\\\/author\\\/pzavala\\\/\"}]}<\/script>\n<!-- \/ Yoast SEO plugin. -->","yoast_head_json":{"title":"Seguimos impulsando la m\u00fasica y el talento local - Fundaci\u00f3n Sinergia Humanitaria","robots":{"index":"index","follow":"follow","max-snippet":"max-snippet:-1","max-image-preview":"max-image-preview:large","max-video-preview":"max-video-preview:-1"},"canonical":"https:\/\/www.sinergiahumanitaria.cl\/portal\/2026\/04\/28\/seguimos-impulsando-la-musica-y-el-talento-local\/","og_locale":"es_ES","og_type":"article","og_title":"Seguimos impulsando la m\u00fasica y el talento local - Fundaci\u00f3n Sinergia Humanitaria","og_description":"Realizamos la entrega de 2 flautas traversas a la Escuela de M\u00fasica EMUSA en San Vicente de Tagua Tagua, aportando al desarrollo art\u00edstico de ni\u00f1os y j\u00f3venes de la comuna.","og_url":"https:\/\/www.sinergiahumanitaria.cl\/portal\/2026\/04\/28\/seguimos-impulsando-la-musica-y-el-talento-local\/","og_site_name":"Fundaci\u00f3n Sinergia Humanitaria","article_publisher":"https:\/\/www.facebook.com\/sinergiahumanitaria\/","article_published_time":"2026-04-28T22:08:55+00:00","og_image":[{"width":1156,"height":1600,"url":"https:\/\/www.sinergiahumanitaria.cl\/portal\/wp-content\/uploads\/2026\/04\/musica.jpeg","type":"image\/jpeg"}],"author":"pzavala","twitter_card":"summary_large_image","twitter_creator":"@fsinergiah","twitter_site":"@fsinergiah","twitter_misc":{"Escrito por":"pzavala","Tiempo estimado de lectura":"1 minuto"},"schema":{"@context":"https:\/\/schema.org","@graph":[{"@type":"Article","@id":"https:\/\/www.sinergiahumanitaria.cl\/portal\/2026\/04\/28\/seguimos-impulsando-la-musica-y-el-talento-local\/#article","isPartOf":{"@id":"https:\/\/www.sinergiahumanitaria.cl\/portal\/2026\/04\/28\/seguimos-impulsando-la-musica-y-el-talento-local\/"},"author":{"name":"pzavala","@id":"https:\/\/www.sinergiahumanitaria.cl\/portal\/#\/schema\/person\/6c21471c8460d29d6013c6d5196156ed"},"headline":"Seguimos impulsando la m\u00fasica y el talento local","datePublished":"2026-04-28T22:08:55+00:00","mainEntityOfPage":{"@id":"https:\/\/www.sinergiahumanitaria.cl\/portal\/2026\/04\/28\/seguimos-impulsando-la-musica-y-el-talento-local\/"},"wordCount":42,"commentCount":0,"publisher":{"@id":"https:\/\/www.sinergiahumanitaria.cl\/portal\/#organization"},"image":{"@id":"https:\/\/www.sinergiahumanitaria.cl\/portal\/2026\/04\/28\/seguimos-impulsando-la-musica-y-el-talento-local\/#primaryimage"},"thumbnailUrl":"https:\/\/www.sinergiahumanitaria.cl\/portal\/wp-content\/uploads\/2026\/04\/musica.jpeg","articleSection":["Noticias","San Vicente de Tagua Tagua"],"inLanguage":"es-CL","potentialAction":[{"@type":"CommentAction","name":"Comment","target":["https:\/\/www.sinergiahumanitaria.cl\/portal\/2026\/04\/28\/seguimos-impulsando-la-musica-y-el-talento-local\/#respond"]}]},{"@type":"WebPage","@id":"https:\/\/www.sinergiahumanitaria.cl\/portal\/2026\/04\/28\/seguimos-impulsando-la-musica-y-el-talento-local\/","url":"https:\/\/www.sinergiahumanitaria.cl\/portal\/2026\/04\/28\/seguimos-impulsando-la-musica-y-el-talento-local\/","name":"Seguimos impulsando la m\u00fasica y el talento local - Fundaci\u00f3n Sinergia Humanitaria","isPartOf":{"@id":"https:\/\/www.sinergiahumanitaria.cl\/portal\/#website"},"primaryImageOfPage":{"@id":"https:\/\/www.sinergiahumanitaria.cl\/portal\/2026\/04\/28\/seguimos-impulsando-la-musica-y-el-talento-local\/#primaryimage"},"image":{"@id":"https:\/\/www.sinergiahumanitaria.cl\/portal\/2026\/04\/28\/seguimos-impulsando-la-musica-y-el-talento-local\/#primaryimage"},"thumbnailUrl":"https:\/\/www.sinergiahumanitaria.cl\/portal\/wp-content\/uploads\/2026\/04\/musica.jpeg","datePublished":"2026-04-28T22:08:55+00:00","breadcrumb":{"@id":"https:\/\/www.sinergiahumanitaria.cl\/portal\/2026\/04\/28\/seguimos-impulsando-la-musica-y-el-talento-local\/#breadcrumb"},"inLanguage":"es-CL","potentialAction":[{"@type":"ReadAction","target":["https:\/\/www.sinergiahumanitaria.cl\/portal\/2026\/04\/28\/seguimos-impulsando-la-musica-y-el-talento-local\/"]}]},{"@type":"ImageObject","inLanguage":"es-CL","@id":"https:\/\/www.sinergiahumanitaria.cl\/portal\/2026\/04\/28\/seguimos-impulsando-la-musica-y-el-talento-local\/#primaryimage","url":"https:\/\/www.sinergiahumanitaria.cl\/portal\/wp-content\/uploads\/2026\/04\/musica.jpeg","contentUrl":"https:\/\/www.sinergiahumanitaria.cl\/portal\/wp-content\/uploads\/2026\/04\/musica.jpeg","width":1156,"height":1600},{"@type":"BreadcrumbList","@id":"https:\/\/www.sinergiahumanitaria.cl\/portal\/2026\/04\/28\/seguimos-impulsando-la-musica-y-el-talento-local\/#breadcrumb","itemListElement":[{"@type":"ListItem","position":1,"name":"Portada","item":"https:\/\/www.sinergiahumanitaria.cl\/portal\/"},{"@type":"ListItem","position":2,"name":"Seguimos impulsando la m\u00fasica y el talento local"}]},{"@type":"WebSite","@id":"https:\/\/www.sinergiahumanitaria.cl\/portal\/#website","url":"https:\/\/www.sinergiahumanitaria.cl\/portal\/","name":"Fundaci\u00f3n Sinergia Humanitaria","description":"Acci\u00f3n Solidaria desde 2001","publisher":{"@id":"https:\/\/www.sinergiahumanitaria.cl\/portal\/#organization"},"potentialAction":[{"@type":"SearchAction","target":{"@type":"EntryPoint","urlTemplate":"https:\/\/www.sinergiahumanitaria.cl\/portal\/?s={search_term_string}"},"query-input":{"@type":"PropertyValueSpecification","valueRequired":true,"valueName":"search_term_string"}}],"inLanguage":"es-CL"},{"@type":"Organization","@id":"https:\/\/www.sinergiahumanitaria.cl\/portal\/#organization","name":"Fundaci\u00f3n Sinergia Humanitaria","url":"https:\/\/www.sinergiahumanitaria.cl\/portal\/","logo":{"@type":"ImageObject","inLanguage":"es-CL","@id":"https:\/\/www.sinergiahumanitaria.cl\/portal\/#\/schema\/logo\/image\/","url":"https:\/\/www.sinergiahumanitaria.cl\/portal\/wp-content\/uploads\/2020\/07\/LOGO-jpg-scaled.jpg","contentUrl":"https:\/\/www.sinergiahumanitaria.cl\/portal\/wp-content\/uploads\/2020\/07\/LOGO-jpg-scaled.jpg","width":2560,"height":1440,"caption":"Fundaci\u00f3n Sinergia Humanitaria"},"image":{"@id":"https:\/\/www.sinergiahumanitaria.cl\/portal\/#\/schema\/logo\/image\/"},"sameAs":["https:\/\/www.facebook.com\/sinergiahumanitaria\/","https:\/\/x.com\/fsinergiah","https:\/\/www.instagram.com\/fsinergiah\/"]},{"@type":"Person","@id":"https:\/\/www.sinergiahumanitaria.cl\/portal\/#\/schema\/person\/6c21471c8460d29d6013c6d5196156ed","name":"pzavala","image":{"@type":"ImageObject","inLanguage":"es-CL","@id":"https:\/\/secure.gravatar.com\/avatar\/3fca3b3977ef43d2b34e0b5d0849b0dc28d3e805e72577c02e835f10a9f05214?s=96&d=mm&r=g","url":"https:\/\/secure.gravatar.com\/avatar\/3fca3b3977ef43d2b34e0b5d0849b0dc28d3e805e72577c02e835f10a9f05214?s=96&d=mm&r=g","contentUrl":"https:\/\/secure.gravatar.com\/avatar\/3fca3b3977ef43d2b34e0b5d0849b0dc28d3e805e72577c02e835f10a9f05214?s=96&d=mm&r=g","caption":"pzavala"},"url":"https:\/\/www.sinergiahumanitaria.cl\/portal\/author\/pzavala\/"}]}},"_links":{"self":[{"href":"https:\/\/www.sinergiahumanitaria.cl\/portal\/wp-json\/wp\/v2\/posts\/8225","targetHints":{"allow":["GET"]}}],"collection":[{"href":"https:\/\/www.sinergiahumanitaria.cl\/portal\/wp-json\/wp\/v2\/posts"}],"about":[{"href":"https:\/\/www.sinergiahumanitaria.cl\/portal\/wp-json\/wp\/v2\/types\/post"}],"author":[{"embeddable":true,"href":"https:\/\/www.sinergiahumanitaria.cl\/portal\/wp-json\/wp\/v2\/users\/6"}],"replies":[{"embeddable":true,"href":"https:\/\/www.sinergiahumanitaria.cl\/portal\/wp-json\/wp\/v2\/comments?post=8225"}],"version-history":[{"count":1,"href":"https:\/\/www.sinergiahumanitaria.cl\/portal\/wp-json\/wp\/v2\/posts\/8225\/revisions"}],"predecessor-version":[{"id":8227,"href":"https:\/\/www.sinergiahumanitaria.cl\/portal\/wp-json\/wp\/v2\/posts\/8225\/revisions\/8227"}],"wp:featuredmedia":[{"embeddable":true,"href":"https:\/\/www.sinergiahumanitaria.cl\/portal\/wp-json\/wp\/v2\/media\/8226"}],"wp:attachment":[{"href":"https:\/\/www.sinergiahumanitaria.cl\/portal\/wp-json\/wp\/v2\/media?parent=8225"}],"wp:term":[{"taxonomy":"category","embeddable":true,"href":"https:\/\/www.sinergiahumanitaria.cl\/portal\/wp-json\/wp\/v2\/categories?post=8225"},{"taxonomy":"post_tag","embeddable":true,"href":"https:\/\/www.sinergiahumanitaria.cl\/portal\/wp-json\/wp\/v2\/tags?post=8225"}],"curies":[{"name":"wp","href":"https:\/\/api.w.org\/{rel}","templated":true}]}}